{"id":63821,"date":"2021-11-18T20:18:22","date_gmt":"2021-11-18T20:18:22","guid":{"rendered":"https:\/\/gazetaregionalna.com\/?p=63821"},"modified":"2021-11-18T20:19:38","modified_gmt":"2021-11-18T20:19:38","slug":"skra-rozpoczyna-runde-rewanzowa-w-fortuna-1-lidze-w-sobote-zagra-w-kielcach-i-powalczy-o-5-zwyciestwo-z-rzedu","status":"publish","type":"post","link":"https:\/\/gazetaregionalna.com\/?p=63821","title":{"rendered":"Skra rozpoczyna rund\u0119 rewan\u017cow\u0105 w Fortuna 1 Lidze. W sobot\u0119 zagra w Kielcach i powalczy o 5 zwyci\u0119stwo z rz\u0119du&#8230;"},"content":{"rendered":"\n<p>Pi\u0142karze Skry Cz\u0119stochowa s\u0105 na p\u00f3\u0142metku rozgrywek w Fortuna 1 Lidze. W sobot\u0119 rozpoczn\u0105 rund\u0119 rewan\u017cow\u0105 i drugi raz zagraj\u0105 w Kielcach z Koron\u0105. Tym razem Skra b\u0119dzie gospodarzem&#8230;<\/p>\n\n\n\n<p>W minion\u0105 \u015brod\u0119 Skra odrobi\u0142a ligowe zaleg\u0142o\u015bci i zagra\u0142a w Nowym S\u0105czu z Sandecj\u0105. Mecz zako\u0144czy\u0142 si\u0119 wygran\u0105 Skry 1:0! To czwarte zwyci\u0119stwo cz\u0119stochowian z rz\u0119du na wyje\u017adzie!!! Skra na p\u00f3\u0142metku Fortuna 1 Ligi zdoby\u0142a 26 punkt\u00f3w i zajmuje 8. miejsce&#8230;<\/p>\n\n\n\n<p><em>\u2013 Chcieli\u015bmy zako\u0144czy\u0107 t\u0119 rund\u0119 z punktami w Nowym S\u0105czu i uda\u0142o nam si\u0119 to. Jest du\u017ca rado\u015b\u0107 w naszej szatni. To jest bardzo dobre podsumowanie ko\u0144c\u00f3wki tej rundy. Zosta\u0142y nam jeszcze trzy mecze do rozegrania w tym roku, ale dzi\u015b jest czas na rado\u015b\u0107. Sandecja to bardzo trudny przeciwnik, skutecznie graj\u0105ca dru\u017cyna z dobrymi zawodnikami, do\u015bwiadczonym trenerem. Kolejny raz te\u017c nie stracili\u015bmy bramki, mieli\u015bmy te\u017c swoje sytuacje, aby zdoby\u0107 wi\u0119cej goli, ale na pewno nie b\u0119dziemy wybrzydza\u0107. Taka wygrana b\u0119dzie nas mobilizowa\u0107 do dalszej pracy<\/em> \u2013 m\u00f3wi\u0142 w Nowym S\u0105czu trener Skry Jakub Dzi\u00f3\u0142ka.<\/p>\n\n\n\n<p>W sobot\u0119 cz\u0119stochowscy pi\u0142karze rozpoczn\u0105 rund\u0119 rewan\u017cow\u0105. Podopieczni trenera Jakuba Dzi\u00f3\u0142ki zagraj\u0105 w Kielcach z Koron\u0105. W pierwszej kolejce, gdy skra debiutowa\u0142a w Fortuna 1 Lidze, Korona wygra\u0142a 3:0. Skra w dotychczasowych 17 rozegranych spotkaniach zdoby\u0142a 1-ligowe do\u015bwiadczenie i kibice spodziewaj\u0105 si\u0119 korzystnego wyniku.<\/p>\n\n\n\n<p>Korona po 16 rozegranych spotkaniach ma na koncie 29 punkt\u00f3w i zajmuje wysokie 3. miejsce. Do prowadz\u0105cej Miedzi Legnica kielczanie trac\u0105 6 punkt\u00f3w. Kielczanie z pewno\u015bci\u0105 obawiaj\u0105 si\u0119 meczu ze Skr\u0105, bo cztery ostatnie zwyci\u0119stwa z rz\u0119du Skry zas\u0142uguj\u0105 na szacunek&#8230;<\/p>\n\n\n\n<p>AK, foto: materia\u0142y prasowe klubu (Natanael Brewczy\u0144ski, Skra Cz\u0119stochowa)<\/p>\n\n\n\n<figure class=\"wp-block-image size-large\"><img decoding=\"async\" width=\"1000\" height=\"666\" data-src=\"https:\/\/gazetaregionalna.com\/wp-content\/uploads\/2021\/11\/Skra-Natanael-Brewczynski.jpg\" alt=\"\" class=\"wp-image-63822 lazyload\" data-srcset=\"https:\/\/gazetaregionalna.com\/wp-content\/uploads\/2021\/11\/Skra-Natanael-Brewczynski.jpg 1000w, https:\/\/gazetaregionalna.com\/wp-content\/uploads\/2021\/11\/Skra-Natanael-Brewczynski-300x200.jpg 300w, https:\/\/gazetaregionalna.com\/wp-content\/uploads\/2021\/11\/Skra-Natanael-Brewczynski-768x511.jpg 768w, https:\/\/gazetaregionalna.com\/wp-content\/uploads\/2021\/11\/Skra-Natanael-Brewczynski-696x464.jpg 696w, https:\/\/gazetaregionalna.com\/wp-content\/uploads\/2021\/11\/Skra-Natanael-Brewczynski-631x420.jpg 631w\" data-sizes=\"(max-width: 1000px) 100vw, 1000px\" src=\"data:image\/svg+xml;base64,PHN2ZyB3aWR0aD0iMSIgaGVpZ2h0PSIxIiB4bWxucz0iaHR0cDovL3d3dy53My5vcmcvMjAwMC9zdmciPjwvc3ZnPg==\" style=\"--smush-placeholder-width: 1000px; --smush-placeholder-aspect-ratio: 1000\/666;\" \/><\/figure>\n\n\n\n<figure class=\"wp-block-image size-large\"><img decoding=\"async\" width=\"300\" height=\"250\" data-src=\"https:\/\/gazetaregionalna.com\/wp-content\/uploads\/2021\/10\/DMKInvest2.jpg\" alt=\"\" class=\"wp-image-58380 lazyload\" src=\"data:image\/svg+xml;base64,PHN2ZyB3aWR0aD0iMSIgaGVpZ2h0PSIxIiB4bWxucz0iaHR0cDovL3d3dy53My5vcmcvMjAwMC9zdmciPjwvc3ZnPg==\" style=\"--smush-placeholder-width: 300px; --smush-placeholder-aspect-ratio: 300\/250;\"><\/figure>\n\n\n\n<ul class=\"wp-block-list\"><li><\/li><\/ul>\n\n\n\n<figure class=\"wp-block-image size-large\"><img decoding=\"async\" width=\"755\" height=\"1024\" data-src=\"https:\/\/gazetaregionalna.com\/wp-content\/uploads\/2021\/11\/ReklamaAZSCzestochowa-755x1024.png\" alt=\"\" class=\"wp-image-63486 lazyload\" data-srcset=\"https:\/\/gazetaregionalna.com\/wp-content\/uploads\/2021\/11\/ReklamaAZSCzestochowa-755x1024.png 755w, https:\/\/gazetaregionalna.com\/wp-content\/uploads\/2021\/11\/ReklamaAZSCzestochowa-221x300.png 221w, https:\/\/gazetaregionalna.com\/wp-content\/uploads\/2021\/11\/ReklamaAZSCzestochowa-768x1041.png 768w, https:\/\/gazetaregionalna.com\/wp-content\/uploads\/2021\/11\/ReklamaAZSCzestochowa-1133x1536.png 1133w, https:\/\/gazetaregionalna.com\/wp-content\/uploads\/2021\/11\/ReklamaAZSCzestochowa-696x944.png 696w, https:\/\/gazetaregionalna.com\/wp-content\/uploads\/2021\/11\/ReklamaAZSCzestochowa-1068x1448.png 1068w, https:\/\/gazetaregionalna.com\/wp-content\/uploads\/2021\/11\/ReklamaAZSCzestochowa-310x420.png 310w, https:\/\/gazetaregionalna.com\/wp-content\/uploads\/2021\/11\/ReklamaAZSCzestochowa.png 1180w\" data-sizes=\"(max-width: 755px) 100vw, 755px\" src=\"data:image\/svg+xml;base64,PHN2ZyB3aWR0aD0iMSIgaGVpZ2h0PSIxIiB4bWxucz0iaHR0cDovL3d3dy53My5vcmcvMjAwMC9zdmciPjwvc3ZnPg==\" style=\"--smush-placeholder-width: 755px; --smush-placeholder-aspect-ratio: 755\/1024;\" \/><figcaption>Reklama<\/figcaption><\/figure>\n\n\n\n<p><\/p>\n","protected":false},"excerpt":{"rendered":"<p>Pi\u0142karze Skry Cz\u0119stochowa s\u0105 na p\u00f3\u0142metku rozgrywek w Fortuna 1 Lidze. W sobot\u0119 rozpoczn\u0105 rund\u0119 rewan\u017cow\u0105 i drugi raz zagraj\u0105 w Kielcach z Koron\u0105.<\/p>\n","protected":false},"author":15,"featured_media":63822,"comment_status":"open","ping_status":"open","sticky":false,"template":"","format":"standard","meta":{"_monsterinsights_skip_tracking":false,"_monsterinsights_sitenote_active":false,"_monsterinsights_sitenote_note":"","_monsterinsights_sitenote_category":0,"_uf_show_specific_survey":0,"_uf_disable_surveys":false,"footnotes":""},"categories":[5,6],"tags":[],"class_list":["post-63821","post","type-post","status-publish","format-standard","has-post-thumbnail","hentry","category-sport","category-pilka-nozna"],"_links":{"self":[{"href":"https:\/\/gazetaregionalna.com\/index.php?rest_route=\/wp\/v2\/posts\/63821","targetHints":{"allow":["GET"]}}],"collection":[{"href":"https:\/\/gazetaregionalna.com\/index.php?rest_route=\/wp\/v2\/posts"}],"about":[{"href":"https:\/\/gazetaregionalna.com\/index.php?rest_route=\/wp\/v2\/types\/post"}],"author":[{"embeddable":true,"href":"https:\/\/gazetaregionalna.com\/index.php?rest_route=\/wp\/v2\/users\/15"}],"replies":[{"embeddable":true,"href":"https:\/\/gazetaregionalna.com\/index.php?rest_route=%2Fwp%2Fv2%2Fcomments&post=63821"}],"version-history":[{"count":2,"href":"https:\/\/gazetaregionalna.com\/index.php?rest_route=\/wp\/v2\/posts\/63821\/revisions"}],"predecessor-version":[{"id":63824,"href":"https:\/\/gazetaregionalna.com\/index.php?rest_route=\/wp\/v2\/posts\/63821\/revisions\/63824"}],"wp:featuredmedia":[{"embeddable":true,"href":"https:\/\/gazetaregionalna.com\/index.php?rest_route=\/wp\/v2\/media\/63822"}],"wp:attachment":[{"href":"https:\/\/gazetaregionalna.com\/index.php?rest_route=%2Fwp%2Fv2%2Fmedia&parent=63821"}],"wp:term":[{"taxonomy":"category","embeddable":true,"href":"https:\/\/gazetaregionalna.com\/index.php?rest_route=%2Fwp%2Fv2%2Fcategories&post=63821"},{"taxonomy":"post_tag","embeddable":true,"href":"https:\/\/gazetaregionalna.com\/index.php?rest_route=%2Fwp%2Fv2%2Ftags&post=63821"}],"curies":[{"name":"wp","href":"https:\/\/api.w.org\/{rel}","templated":true}]}}