{"id":6379,"date":"2019-09-16T10:15:16","date_gmt":"2019-09-16T10:15:16","guid":{"rendered":"https:\/\/gazetaregionalna.com\/?p=6379"},"modified":"2019-09-16T10:15:23","modified_gmt":"2019-09-16T10:15:23","slug":"beda-uczyc-maluchy-milosci-do-ksiazek","status":"publish","type":"post","link":"https:\/\/gazetaregionalna.com\/?p=6379","title":{"rendered":"B\u0119d\u0105 uczy\u0107 maluchy mi\u0142o\u015bci do ksi\u0105\u017cek"},"content":{"rendered":"\n<p>Oddzia\u0142 dla dzieci Miejskiej Biblioteki Publicznej oraz cztery filie biblioteczne w Radomsku uruchamiaj\u0105 nowy projekt czytelniczy dla dzieci pod has\u0142em: \u201eZ ksi\u0105\u017ck\u0105 na start\u201d. Program ma od najm\u0142odszych lat wpaja\u0107 dzieciom zami\u0142owanie do lektury.<br>\nProjekt realizowany jest w ramach og\u00f3lnopolskiej kampanii \u201eMa\u0142a ksi\u0105\u017cka \u2014 wielki cz\u0142owiek\u201d. Dzia\u0142ania prowadzone w ramach projektu maj\u0105 zach\u0119ci\u0107 rodzic\u00f3w do odwiedzania bibliotek i codziennego czytania z dzieckiem. Mi\u0142o\u015bci do ksi\u0105\u017cek uczone b\u0119d\u0105 dzieci w wieku 3-6 lat.<\/p>\n\n\n\n<figure class=\"wp-block-image\"><img decoding=\"async\" width=\"788\" height=\"390\" data-src=\"https:\/\/gazetaregionalna.com\/wp-content\/uploads\/2019\/09\/ksiazki-radomsko1.jpg\" alt=\"\" class=\"wp-image-6380 lazyload\" data-srcset=\"https:\/\/gazetaregionalna.com\/wp-content\/uploads\/2019\/09\/ksiazki-radomsko1.jpg 788w, https:\/\/gazetaregionalna.com\/wp-content\/uploads\/2019\/09\/ksiazki-radomsko1-300x148.jpg 300w, https:\/\/gazetaregionalna.com\/wp-content\/uploads\/2019\/09\/ksiazki-radomsko1-768x380.jpg 768w, https:\/\/gazetaregionalna.com\/wp-content\/uploads\/2019\/09\/ksiazki-radomsko1-324x160.jpg 324w, https:\/\/gazetaregionalna.com\/wp-content\/uploads\/2019\/09\/ksiazki-radomsko1-696x344.jpg 696w\" data-sizes=\"(max-width: 788px) 100vw, 788px\" src=\"data:image\/svg+xml;base64,PHN2ZyB3aWR0aD0iMSIgaGVpZ2h0PSIxIiB4bWxucz0iaHR0cDovL3d3dy53My5vcmcvMjAwMC9zdmciPjwvc3ZnPg==\" style=\"--smush-placeholder-width: 788px; --smush-placeholder-aspect-ratio: 788\/390;\" \/><\/figure>\n\n\n\n<ul class=\"wp-block-list\"><li><em>Ka\u017cde dziecko urodzone w latach 2013-2016, kt\u00f3re przyjdzie do biblioteki bior\u0105cej udzia\u0142 w projekcie, otrzyma w prezencie wyj\u0105tkow\u0105 Wyprawk\u0119 Czytelnicz\u0105 na dobry czytelniczy start.<\/em>&#8211; informuje Urz\u0105d Miasta Radomska.<br> W prezencie dzieci otrzymaj\u0105 ksi\u0105\u017cki dostosowane pod wzgl\u0119dem tre\u015bci i formy do potrzeb przedszkolak\u00f3w.<br> Uczestnikom programu wr\u0119czona zostanie ponadto Karta Ma\u0142ego Czytelnika. W niej ka\u017cde dzieci b\u0119dzie mog\u0142o wkleja\u0107 naklejki, kt\u00f3re otrzyma za wypo\u017cyczanie ksi\u0105\u017cek. Po skompletowaniu dziesi\u0119ciu naklejek maluch zostanie uhonorowany imiennym dyplomem potwierdzaj\u0105cym jego czytelnicze zainteresowania.<br> Dla rodzic\u00f3w koordynatorzy projektu przygotowali specjalne broszury informacyjne  o roli czytania w rozwoju ich dziecka oraz o rozmaitych korzy\u015bciach wynikaj\u0105cych z cz\u0119stego odwiedzania biblioteki.<br> Do projektu przyst\u0105pi\u0142y:<\/li><li>Oddzia\u0142u dla dzieci MBP, ul. Narutowicza 4 Radomsko,<\/li><li>Filii nr 1 MBP, ul. Batorego 3 Radomsko,<\/li><li>Filii nr 2 MBP, ul. Piastowska 10 Radomsko,<\/li><li>Filii nr 3 MBP, ul. Jagiello\u0144ska 16 Radomsko,<\/li><li>Filii nr 4 MBP, ul. Brze\u017anicka 149 Radomsko.<\/li><\/ul>\n","protected":false},"excerpt":{"rendered":"<p>Oddzia\u0142 dla dzieci Miejskiej Biblioteki Publicznej oraz cztery filie biblioteczne w Radomsku uruchamiaj\u0105 nowy projekt czytelniczy dla dzieci pod has\u0142em: \u201eZ ksi\u0105\u017ck\u0105 na start\u201d.<\/p>\n","protected":false},"author":7,"featured_media":6381,"comment_status":"open","ping_status":"open","sticky":false,"template":"","format":"standard","meta":{"_monsterinsights_skip_tracking":false,"_monsterinsights_sitenote_active":false,"_monsterinsights_sitenote_note":"","_monsterinsights_sitenote_category":0,"_uf_show_specific_survey":0,"_uf_disable_surveys":false,"footnotes":""},"categories":[41,94,28,2],"tags":[],"class_list":["post-6379","post","type-post","status-publish","format-standard","has-post-thumbnail","hentry","category-edukacja","category-polecane","category-radomsko","category-wiadomosci"],"_links":{"self":[{"href":"https:\/\/gazetaregionalna.com\/index.php?rest_route=\/wp\/v2\/posts\/6379","targetHints":{"allow":["GET"]}}],"collection":[{"href":"https:\/\/gazetaregionalna.com\/index.php?rest_route=\/wp\/v2\/posts"}],"about":[{"href":"https:\/\/gazetaregionalna.com\/index.php?rest_route=\/wp\/v2\/types\/post"}],"author":[{"embeddable":true,"href":"https:\/\/gazetaregionalna.com\/index.php?rest_route=\/wp\/v2\/users\/7"}],"replies":[{"embeddable":true,"href":"https:\/\/gazetaregionalna.com\/index.php?rest_route=%2Fwp%2Fv2%2Fcomments&post=6379"}],"version-history":[{"count":1,"href":"https:\/\/gazetaregionalna.com\/index.php?rest_route=\/wp\/v2\/posts\/6379\/revisions"}],"predecessor-version":[{"id":6382,"href":"https:\/\/gazetaregionalna.com\/index.php?rest_route=\/wp\/v2\/posts\/6379\/revisions\/6382"}],"wp:featuredmedia":[{"embeddable":true,"href":"https:\/\/gazetaregionalna.com\/index.php?rest_route=\/wp\/v2\/media\/6381"}],"wp:attachment":[{"href":"https:\/\/gazetaregionalna.com\/index.php?rest_route=%2Fwp%2Fv2%2Fmedia&parent=6379"}],"wp:term":[{"taxonomy":"category","embeddable":true,"href":"https:\/\/gazetaregionalna.com\/index.php?rest_route=%2Fwp%2Fv2%2Fcategories&post=6379"},{"taxonomy":"post_tag","embeddable":true,"href":"https:\/\/gazetaregionalna.com\/index.php?rest_route=%2Fwp%2Fv2%2Ftags&post=6379"}],"curies":[{"name":"wp","href":"https:\/\/api.w.org\/{rel}","templated":true}]}}