{"id":63674,"date":"2021-11-18T09:22:33","date_gmt":"2021-11-18T09:22:33","guid":{"rendered":"https:\/\/gazetaregionalna.com\/?p=63674"},"modified":"2021-11-18T09:22:34","modified_gmt":"2021-11-18T09:22:34","slug":"mur-ludzi-dobrej-woli-stanie-w-czestochowie","status":"publish","type":"post","link":"https:\/\/gazetaregionalna.com\/?p=63674","title":{"rendered":"Mur ludzi dobrej woli stanie w Cz\u0119stochowie"},"content":{"rendered":"\n<h2 class=\"wp-block-heading\">Mur ludzi dobrej woli stanie w Cz\u0119stochowie w najbli\u017csz\u0105 sobot\u0119. B\u0119dzie to gest solidarno\u015bci z organizatorami sobotniej akcji na granicy polsko-bia\u0142oruskiej.<\/h2>\n\n\n\n<figure class=\"wp-block-image size-large\"><img decoding=\"async\" width=\"774\" height=\"960\" data-src=\"https:\/\/gazetaregionalna.com\/wp-content\/uploads\/2021\/11\/granica.jpg\" alt=\"\" class=\"wp-image-63676 lazyload\" data-srcset=\"https:\/\/gazetaregionalna.com\/wp-content\/uploads\/2021\/11\/granica.jpg 774w, https:\/\/gazetaregionalna.com\/wp-content\/uploads\/2021\/11\/granica-242x300.jpg 242w, https:\/\/gazetaregionalna.com\/wp-content\/uploads\/2021\/11\/granica-768x953.jpg 768w, https:\/\/gazetaregionalna.com\/wp-content\/uploads\/2021\/11\/granica-696x863.jpg 696w, https:\/\/gazetaregionalna.com\/wp-content\/uploads\/2021\/11\/granica-339x420.jpg 339w\" data-sizes=\"(max-width: 774px) 100vw, 774px\" src=\"data:image\/svg+xml;base64,PHN2ZyB3aWR0aD0iMSIgaGVpZ2h0PSIxIiB4bWxucz0iaHR0cDovL3d3dy53My5vcmcvMjAwMC9zdmciPjwvc3ZnPg==\" style=\"--smush-placeholder-width: 774px; --smush-placeholder-aspect-ratio: 774\/960;\" \/><figcaption>(fot. Facebook)<\/figcaption><\/figure>\n\n\n\n<p>Na wschodniej granicy 20 listopada o godzinie 14 rozpocznie si\u0119 akcja <a href=\"https:\/\/www.facebook.com\/hashtag\/matkinagranic%C4%99?__eep__=6&amp;__cft__[0]=AZVt8TPlND4jKaWnXw4xCSQvD0_YhwDet-mrSqgUqY1jbWC_N-qLcU6elD7hG8fZAdbhQFRMG7pRBaxSPQQLDsMRAAvIdyWIxud9ZW-9BJqDz0CmUctlmRJ9hH-exm--hJTse6ttE6X5IyYB2L5K34a-&amp;__tn__=*NK-R\" target=\"_blank\" rel=\"noopener\">#Matkinagranic\u0119<\/a>. Jej organizatorzy zapowiadaj\u0105, \u017ce w sobot\u0119 na wschodniej granicy naszego kraju stanie mur ludzi nieakceptuj\u0105cych \u0142amania fundamentalnej zasady cz\u0142owiecze\u0144stwa: humanitaryzmu.<\/p>\n\n\n\n<p>&#8211; B\u0105d\u017amy solidarni z tymi, kt\u00f3rym wyznanie, kraj pochodzenia, sytuacja \u017cyciowa, nie mog\u0105 odebra\u0107 podstawowego prawa: prawa do \u017cycia \u2013 czytamy w opisie wydarzenia na Facebooku. &#8211; Podobnie jak Ludzie jad\u0105cy na granic\u0119, sta\u0144my Murem za cz\u0142owiecze\u0144stwem. Przynie\u015bmy potrzebne Ludziom Lasu ubrania\/ jedzenie.<\/p>\n\n\n\n<p>W Cz\u0119stochowie podobna manifestacja odb\u0119dzie si\u0119 na Placu Biega\u0144skiego. Jej termin jest taki sam \u2013 sobota, 20 listopada, godzina 14. Strajk Kobiet, kt\u00f3ry szykuje cz\u0119stochowskie dzia\u0142ania \u201ematek na granic\u0119\u201d, zach\u0119ca, aby przynie\u015b\u0107 dary dla os\u00f3b koczuj\u0105cych w lasach na wschodzie kraju: ubrania, ale nieprzemakalne i odpowiednie do obecnej aury, a tak\u017ce \u0142atwe do przechowania i przekazania jedzenie, np. batony energetyczne.<\/p>\n\n\n\n<p>&#8211; My wiemy, czym jest prze\u015bladowanie. Przyjd\u017a i sta\u0144 razem z nami \u2013 apeluj\u0105 cz\u0119stochowianki. &#8211; Po prostu b\u0105d\u017amy!<\/p>\n","protected":false},"excerpt":{"rendered":"<p>Mur ludzi dobrej woli stanie w Cz\u0119stochowie w najbli\u017csz\u0105 sobot\u0119. B\u0119dzie to gest solidarno\u015bci z organizatorami sobotniej akcji na granicy polsko-bia\u0142oruskiej. Na wschodniej granicy<\/p>\n","protected":false},"author":7,"featured_media":63678,"comment_status":"open","ping_status":"open","sticky":false,"template":"","format":"standard","meta":{"_monsterinsights_skip_tracking":false,"_monsterinsights_sitenote_active":false,"_monsterinsights_sitenote_note":"","_monsterinsights_sitenote_category":0,"_uf_show_specific_survey":0,"_uf_disable_surveys":false,"footnotes":""},"categories":[94,3,2],"tags":[],"class_list":["post-63674","post","type-post","status-publish","format-standard","has-post-thumbnail","hentry","category-polecane","category-czestochowa-informacje","category-wiadomosci"],"_links":{"self":[{"href":"https:\/\/gazetaregionalna.com\/index.php?rest_route=\/wp\/v2\/posts\/63674","targetHints":{"allow":["GET"]}}],"collection":[{"href":"https:\/\/gazetaregionalna.com\/index.php?rest_route=\/wp\/v2\/posts"}],"about":[{"href":"https:\/\/gazetaregionalna.com\/index.php?rest_route=\/wp\/v2\/types\/post"}],"author":[{"embeddable":true,"href":"https:\/\/gazetaregionalna.com\/index.php?rest_route=\/wp\/v2\/users\/7"}],"replies":[{"embeddable":true,"href":"https:\/\/gazetaregionalna.com\/index.php?rest_route=%2Fwp%2Fv2%2Fcomments&post=63674"}],"version-history":[{"count":2,"href":"https:\/\/gazetaregionalna.com\/index.php?rest_route=\/wp\/v2\/posts\/63674\/revisions"}],"predecessor-version":[{"id":63677,"href":"https:\/\/gazetaregionalna.com\/index.php?rest_route=\/wp\/v2\/posts\/63674\/revisions\/63677"}],"wp:featuredmedia":[{"embeddable":true,"href":"https:\/\/gazetaregionalna.com\/index.php?rest_route=\/wp\/v2\/media\/63678"}],"wp:attachment":[{"href":"https:\/\/gazetaregionalna.com\/index.php?rest_route=%2Fwp%2Fv2%2Fmedia&parent=63674"}],"wp:term":[{"taxonomy":"category","embeddable":true,"href":"https:\/\/gazetaregionalna.com\/index.php?rest_route=%2Fwp%2Fv2%2Fcategories&post=63674"},{"taxonomy":"post_tag","embeddable":true,"href":"https:\/\/gazetaregionalna.com\/index.php?rest_route=%2Fwp%2Fv2%2Ftags&post=63674"}],"curies":[{"name":"wp","href":"https:\/\/api.w.org\/{rel}","templated":true}]}}