{"id":63662,"date":"2021-11-18T08:23:55","date_gmt":"2021-11-18T08:23:55","guid":{"rendered":"https:\/\/gazetaregionalna.com\/?p=63662"},"modified":"2021-11-18T08:23:56","modified_gmt":"2021-11-18T08:23:56","slug":"nowy-inwestor-w-miescie-japonska-firma-ts-tech-otworzy-w-czestochowie-swoj-oddzial","status":"publish","type":"post","link":"https:\/\/gazetaregionalna.com\/?p=63662","title":{"rendered":"Nowy inwestor w mie\u015bcie. Japo\u0144ska firma TS TECH otworzy w Cz\u0119stochowie sw\u00f3j oddzia\u0142"},"content":{"rendered":"\n<h2 class=\"wp-block-heading\">Japo\u0144ska firma TS TECH zamierza stworzy\u0107 w Cz\u0119stochowie sw\u00f3j oddzia\u0142. Nowy inwestor w mie\u015bcie oznacza\u0107 b\u0119dzie nowe miejsca pracy.<\/h2>\n\n\n\n<p>Przedstawiciele japo\u0144skiego inwestora spotkali si\u0119 w Urz\u0119dzie Miasta z w\u0142adzami Cz\u0119stochowy. Rozmowa dotyczy\u0142a plan\u00f3w ulokowania nowego oddzia\u0142u firmy w mie\u015bcie. Inwestor ma w planach wystartowanie z produkcj\u0105 w Cz\u0119stochowie we wrze\u015bniu przysz\u0142ego roku, a z masow\u0105 w czerwcu 2023 r. Docelowo firma ma zatrudni\u0107 200 pracownik\u00f3w. W Cz\u0119stochowie by\u0142yby produkowane fotele dla kilku europejskich koncern\u00f3w samochodowych.<\/p>\n\n\n\n<p>W czasie spotkania stron\u0119 japo\u0144sk\u0105 reprezentowa\u0142 Yoshikazu Ariga, a Cz\u0119stochow\u0119 prezydent Krzysztof Matyjaszczyk, jego zast\u0119pca Piotr Grzybowski i kierownik Centrum Obs\u0142ugi Inwestora Anna Tymoshenko.<\/p>\n\n\n\n<p><br>Szybka decyzja o zainwestowaniu w Cz\u0119stochowie zaowocuje otwarciem nowego zak\u0142adu produkcyjnego z bran\u017cy automotive na ju\u017c zakupionej nieruchomo\u015bci.<\/p>\n\n\n\n<p>&#8211; Inwestor jest w trakcie dope\u0142niania formalno\u015bci zwi\u0105zanych z za\u0142o\u017ceniem sp\u00f3\u0142ki TS TECH Poland z siedzib\u0105 w Cz\u0119stochowie \u2013 poinformowa\u0142o Biuro Prasowe Urz\u0119du Miasta.<\/p>\n\n\n\n<p>Korzenie firmy si\u0119gaj\u0105 roku 1960. TS TECH zajmuje si\u0119 g\u0142\u00f3wnie produkcj\u0105 foteli samochodowych i siedze\u0144 do motocykli dla takich klient\u00f3w jak Honda czy Suzuki. S\u0105 obecni m.in. w Japonii, Ameryce, Niemczech, Tajlandii i Chinach, zatrudniaj\u0105c 15 tys. pracownik\u00f3w.<br><br><br><\/p>\n","protected":false},"excerpt":{"rendered":"<p>Japo\u0144ska firma TS TECH zamierza stworzy\u0107 w Cz\u0119stochowie sw\u00f3j oddzia\u0142. Nowy inwestor w mie\u015bcie oznacza\u0107 b\u0119dzie nowe miejsca pracy. Przedstawiciele japo\u0144skiego inwestora spotkali si\u0119<\/p>\n","protected":false},"author":7,"featured_media":63665,"comment_status":"open","ping_status":"open","sticky":false,"template":"","format":"standard","meta":{"_monsterinsights_skip_tracking":false,"_monsterinsights_sitenote_active":false,"_monsterinsights_sitenote_note":"","_monsterinsights_sitenote_category":0,"_uf_show_specific_survey":0,"_uf_disable_surveys":false,"footnotes":""},"categories":[94,43,3,2],"tags":[],"class_list":["post-63662","post","type-post","status-publish","format-standard","has-post-thumbnail","hentry","category-polecane","category-biznes","category-czestochowa-informacje","category-wiadomosci"],"_links":{"self":[{"href":"https:\/\/gazetaregionalna.com\/index.php?rest_route=\/wp\/v2\/posts\/63662","targetHints":{"allow":["GET"]}}],"collection":[{"href":"https:\/\/gazetaregionalna.com\/index.php?rest_route=\/wp\/v2\/posts"}],"about":[{"href":"https:\/\/gazetaregionalna.com\/index.php?rest_route=\/wp\/v2\/types\/post"}],"author":[{"embeddable":true,"href":"https:\/\/gazetaregionalna.com\/index.php?rest_route=\/wp\/v2\/users\/7"}],"replies":[{"embeddable":true,"href":"https:\/\/gazetaregionalna.com\/index.php?rest_route=%2Fwp%2Fv2%2Fcomments&post=63662"}],"version-history":[{"count":2,"href":"https:\/\/gazetaregionalna.com\/index.php?rest_route=\/wp\/v2\/posts\/63662\/revisions"}],"predecessor-version":[{"id":63664,"href":"https:\/\/gazetaregionalna.com\/index.php?rest_route=\/wp\/v2\/posts\/63662\/revisions\/63664"}],"wp:featuredmedia":[{"embeddable":true,"href":"https:\/\/gazetaregionalna.com\/index.php?rest_route=\/wp\/v2\/media\/63665"}],"wp:attachment":[{"href":"https:\/\/gazetaregionalna.com\/index.php?rest_route=%2Fwp%2Fv2%2Fmedia&parent=63662"}],"wp:term":[{"taxonomy":"category","embeddable":true,"href":"https:\/\/gazetaregionalna.com\/index.php?rest_route=%2Fwp%2Fv2%2Fcategories&post=63662"},{"taxonomy":"post_tag","embeddable":true,"href":"https:\/\/gazetaregionalna.com\/index.php?rest_route=%2Fwp%2Fv2%2Ftags&post=63662"}],"curies":[{"name":"wp","href":"https:\/\/api.w.org\/{rel}","templated":true}]}}