{"id":63473,"date":"2021-11-16T14:30:17","date_gmt":"2021-11-16T14:30:17","guid":{"rendered":"https:\/\/gazetaregionalna.com\/?p=63473"},"modified":"2021-11-16T14:30:19","modified_gmt":"2021-11-16T14:30:19","slug":"od-jutra-czasowo-zamkniete-przejscie-dla-pieszych-przy-dawnej-estakadzie","status":"publish","type":"post","link":"https:\/\/gazetaregionalna.com\/?p=63473","title":{"rendered":"Od jutra czasowo zamkni\u0119te przej\u015bcie dla pieszych przy dawnej estakadzie"},"content":{"rendered":"\n<h2 class=\"wp-block-heading\">Od jutra do pi\u0105tku w\u0142\u0105cznie <strong>&nbsp;zamkni\u0119te dla ruchu pieszych zostanie przej\u015bcie przez al. Wojska Polskiego po p\u00f3\u0142nocnej stronie budowanego w miejsce dawnej estakady obiektu<\/strong>. Na drug\u0105 stron\u0119 ulicy b\u0119dzie si\u0119 mo\u017cna przedosta\u0107 przej\u015bciem po\u0142udniowym, kt\u00f3re jest zlokalizowane na wysoko\u015bci Centrum Handlowego &nbsp;\u201eJagiello\u0144czycy\u201d.<\/h2>\n\n\n\n<figure class=\"wp-block-image size-large\"><img decoding=\"async\" width=\"1024\" height=\"685\" data-src=\"https:\/\/gazetaregionalna.com\/wp-content\/uploads\/2021\/11\/przejscie-z-sygnalizacja-1024x685.jpg\" alt=\"\" class=\"wp-image-63477 lazyload\" data-srcset=\"https:\/\/gazetaregionalna.com\/wp-content\/uploads\/2021\/11\/przejscie-z-sygnalizacja-1024x685.jpg 1024w, https:\/\/gazetaregionalna.com\/wp-content\/uploads\/2021\/11\/przejscie-z-sygnalizacja-300x201.jpg 300w, https:\/\/gazetaregionalna.com\/wp-content\/uploads\/2021\/11\/przejscie-z-sygnalizacja-768x514.jpg 768w, https:\/\/gazetaregionalna.com\/wp-content\/uploads\/2021\/11\/przejscie-z-sygnalizacja-1536x1028.jpg 1536w, https:\/\/gazetaregionalna.com\/wp-content\/uploads\/2021\/11\/przejscie-z-sygnalizacja-2048x1371.jpg 2048w, https:\/\/gazetaregionalna.com\/wp-content\/uploads\/2021\/11\/przejscie-z-sygnalizacja-696x466.jpg 696w, https:\/\/gazetaregionalna.com\/wp-content\/uploads\/2021\/11\/przejscie-z-sygnalizacja-1068x715.jpg 1068w, https:\/\/gazetaregionalna.com\/wp-content\/uploads\/2021\/11\/przejscie-z-sygnalizacja-1920x1285.jpg 1920w, https:\/\/gazetaregionalna.com\/wp-content\/uploads\/2021\/11\/przejscie-z-sygnalizacja-627x420.jpg 627w, https:\/\/gazetaregionalna.com\/wp-content\/uploads\/2021\/11\/przejscie-z-sygnalizacja-scaled.jpg 1600w\" data-sizes=\"(max-width: 1024px) 100vw, 1024px\" src=\"data:image\/svg+xml;base64,PHN2ZyB3aWR0aD0iMSIgaGVpZ2h0PSIxIiB4bWxucz0iaHR0cDovL3d3dy53My5vcmcvMjAwMC9zdmciPjwvc3ZnPg==\" style=\"--smush-placeholder-width: 1024px; --smush-placeholder-aspect-ratio: 1024\/685;\" \/><\/figure>\n\n\n\n<p>Miejski Zarz\u0105d Dr\u00f3g w Cz\u0119stochowie informuje, \u017ce z uwagi na post\u0119puj\u0105ce prace przy budowie nowego obiektu w miejscu estakady na Rakowie, w ramach przebudowy dawnej DK-1 w Cz\u0119stochowie, od 17 do 19 listopada<strong> zamkni\u0119te dla ruchu pieszych zostanie przej\u015bcie przez al. Wojska Polskiego po p\u00f3\u0142nocnej stronie obiektu<\/strong>. W tych dniach piesi proszeni s\u0105 o korzystanie z przej\u015bcia po\u0142udniowego na wysoko\u015bci \u201eJagiello\u0144czyk\u00f3w\u201d.<\/p>\n\n\n\n<p>&#8211; Jest to podyktowane wzgl\u0119dami bezpiecze\u0144stwa pieszych przy realizacji skomplikowanych rob\u00f3t polegaj\u0105cych na instalacji kluczowych element\u00f3w konstrukcji nowego obiektu \u2013 przekaza\u0142 rzecznik prasowy MZD Maciej Hasik.<\/p>\n","protected":false},"excerpt":{"rendered":"<p>Od jutra do pi\u0105tku w\u0142\u0105cznie &nbsp;zamkni\u0119te dla ruchu pieszych zostanie przej\u015bcie przez al. Wojska Polskiego po p\u00f3\u0142nocnej stronie budowanego w miejsce dawnej estakady obiektu.<\/p>\n","protected":false},"author":7,"featured_media":63478,"comment_status":"open","ping_status":"open","sticky":false,"template":"","format":"standard","meta":{"_monsterinsights_skip_tracking":false,"_monsterinsights_sitenote_active":false,"_monsterinsights_sitenote_note":"","_monsterinsights_sitenote_category":0,"_uf_show_specific_survey":0,"_uf_disable_surveys":false,"footnotes":""},"categories":[94,3,2],"tags":[],"class_list":["post-63473","post","type-post","status-publish","format-standard","has-post-thumbnail","hentry","category-polecane","category-czestochowa-informacje","category-wiadomosci"],"_links":{"self":[{"href":"https:\/\/gazetaregionalna.com\/index.php?rest_route=\/wp\/v2\/posts\/63473","targetHints":{"allow":["GET"]}}],"collection":[{"href":"https:\/\/gazetaregionalna.com\/index.php?rest_route=\/wp\/v2\/posts"}],"about":[{"href":"https:\/\/gazetaregionalna.com\/index.php?rest_route=\/wp\/v2\/types\/post"}],"author":[{"embeddable":true,"href":"https:\/\/gazetaregionalna.com\/index.php?rest_route=\/wp\/v2\/users\/7"}],"replies":[{"embeddable":true,"href":"https:\/\/gazetaregionalna.com\/index.php?rest_route=%2Fwp%2Fv2%2Fcomments&post=63473"}],"version-history":[{"count":3,"href":"https:\/\/gazetaregionalna.com\/index.php?rest_route=\/wp\/v2\/posts\/63473\/revisions"}],"predecessor-version":[{"id":63479,"href":"https:\/\/gazetaregionalna.com\/index.php?rest_route=\/wp\/v2\/posts\/63473\/revisions\/63479"}],"wp:featuredmedia":[{"embeddable":true,"href":"https:\/\/gazetaregionalna.com\/index.php?rest_route=\/wp\/v2\/media\/63478"}],"wp:attachment":[{"href":"https:\/\/gazetaregionalna.com\/index.php?rest_route=%2Fwp%2Fv2%2Fmedia&parent=63473"}],"wp:term":[{"taxonomy":"category","embeddable":true,"href":"https:\/\/gazetaregionalna.com\/index.php?rest_route=%2Fwp%2Fv2%2Fcategories&post=63473"},{"taxonomy":"post_tag","embeddable":true,"href":"https:\/\/gazetaregionalna.com\/index.php?rest_route=%2Fwp%2Fv2%2Ftags&post=63473"}],"curies":[{"name":"wp","href":"https:\/\/api.w.org\/{rel}","templated":true}]}}