{"id":63013,"date":"2021-11-11T14:08:53","date_gmt":"2021-11-11T14:08:53","guid":{"rendered":"https:\/\/gazetaregionalna.com\/?p=63013"},"modified":"2021-11-11T14:08:54","modified_gmt":"2021-11-11T14:08:54","slug":"koszykarze-azs-czestochowa-w-sobote-zagraja-w-czeladzi","status":"publish","type":"post","link":"https:\/\/gazetaregionalna.com\/?p=63013","title":{"rendered":"Koszykarze AZS Cz\u0119stochowa w sobot\u0119 zagraj\u0105 w Czeladzi"},"content":{"rendered":"\n<p>Koszykarze AZS Cz\u0119stochowa tym razem zaprezentuj\u0105 si\u0119 w Czeladzi. W sobot\u0119 powalcz\u0105 o 2-ligowe punkty w Czeladzi z MCKS.<\/p>\n\n\n\n<p>Cz\u0119stochowscy koszykarze rozegrali w 2 lidze ju\u017c 8 spotka\u0144. Dwa z nich wygrali i doznali a\u017c 6 pora\u017cek. W sobot\u0119 b\u0119d\u0105 mieli okazj\u0119 poprawi\u0107 sw\u00f3j bilans. AZS zmierzy si\u0119 w Czeladzi z MCKS. Dru\u017cyna z Czeladzi gra podobnie do cz\u0119stochowian. MCKS ma tylko punkt wi\u0119cej w tabeli. Sobotni rywale AZS-u wygrali 3 z 8 mecz\u00f3w i 5 razy schodzili z boiska pokonani.<\/p>\n\n\n\n<p>Cz\u0119stochowscy trenerzy Tomasz Nogalski i Micha\u0142 Saran widz\u0105 sta\u0142\u0105 popraw\u0119 w grze swoich koszykarzy. Trener Nogalski uwa\u017ca te\u017c, \u017ce czasem \u0142atwiej gra si\u0119 na wyjazdach, bo dru\u017cyna od samego rana sp\u0119dza wi\u0119cej czasu ze sob\u0105 i nie ma innych domowych obowi\u0105zk\u00f3w wykonywanych przed meczem w Cz\u0119stochowie.<\/p>\n\n\n\n<p>Kibice AZS-u trzymaj\u0105 kciuki za dru\u017cyn\u0119. MCKS na pewno jest w zasi\u0119gu koszykarzy AZS-u. Przed meczem mo\u017cna spodziewa\u0107 si\u0119 zaci\u0119tego spotkania. A jak b\u0119dzie? Oka\u017ce si\u0119 w sobot\u0119 wieczorem.<\/p>\n\n\n\n<p>AK, foto: AK<\/p>\n\n\n\n<figure class=\"wp-block-image size-large\"><img decoding=\"async\" width=\"1024\" height=\"683\" data-src=\"https:\/\/gazetaregionalna.com\/wp-content\/uploads\/2021\/11\/AZS-Mickiewicz-10-1024x683.jpg\" alt=\"\" class=\"wp-image-62593 lazyload\" data-srcset=\"https:\/\/gazetaregionalna.com\/wp-content\/uploads\/2021\/11\/AZS-Mickiewicz-10-1024x683.jpg 1024w, https:\/\/gazetaregionalna.com\/wp-content\/uploads\/2021\/11\/AZS-Mickiewicz-10-300x200.jpg 300w, https:\/\/gazetaregionalna.com\/wp-content\/uploads\/2021\/11\/AZS-Mickiewicz-10-768x512.jpg 768w, https:\/\/gazetaregionalna.com\/wp-content\/uploads\/2021\/11\/AZS-Mickiewicz-10-1536x1024.jpg 1536w, https:\/\/gazetaregionalna.com\/wp-content\/uploads\/2021\/11\/AZS-Mickiewicz-10-2048x1365.jpg 2048w, https:\/\/gazetaregionalna.com\/wp-content\/uploads\/2021\/11\/AZS-Mickiewicz-10-696x464.jpg 696w, https:\/\/gazetaregionalna.com\/wp-content\/uploads\/2021\/11\/AZS-Mickiewicz-10-1068x712.jpg 1068w, https:\/\/gazetaregionalna.com\/wp-content\/uploads\/2021\/11\/AZS-Mickiewicz-10-1920x1280.jpg 1920w, https:\/\/gazetaregionalna.com\/wp-content\/uploads\/2021\/11\/AZS-Mickiewicz-10-630x420.jpg 630w, https:\/\/gazetaregionalna.com\/wp-content\/uploads\/2021\/11\/AZS-Mickiewicz-10-scaled.jpg 1600w\" data-sizes=\"(max-width: 1024px) 100vw, 1024px\" src=\"data:image\/svg+xml;base64,PHN2ZyB3aWR0aD0iMSIgaGVpZ2h0PSIxIiB4bWxucz0iaHR0cDovL3d3dy53My5vcmcvMjAwMC9zdmciPjwvc3ZnPg==\" style=\"--smush-placeholder-width: 1024px; --smush-placeholder-aspect-ratio: 1024\/683;\" \/><\/figure>\n\n\n\n<figure class=\"wp-block-image size-large\"><img decoding=\"async\" width=\"1024\" height=\"683\" data-src=\"https:\/\/gazetaregionalna.com\/wp-content\/uploads\/2021\/11\/AZS-Mickiewicz-11-1024x683.jpg\" alt=\"\" class=\"wp-image-62594 lazyload\" data-srcset=\"https:\/\/gazetaregionalna.com\/wp-content\/uploads\/2021\/11\/AZS-Mickiewicz-11-1024x683.jpg 1024w, https:\/\/gazetaregionalna.com\/wp-content\/uploads\/2021\/11\/AZS-Mickiewicz-11-300x200.jpg 300w, https:\/\/gazetaregionalna.com\/wp-content\/uploads\/2021\/11\/AZS-Mickiewicz-11-768x512.jpg 768w, https:\/\/gazetaregionalna.com\/wp-content\/uploads\/2021\/11\/AZS-Mickiewicz-11-1536x1024.jpg 1536w, https:\/\/gazetaregionalna.com\/wp-content\/uploads\/2021\/11\/AZS-Mickiewicz-11-2048x1365.jpg 2048w, https:\/\/gazetaregionalna.com\/wp-content\/uploads\/2021\/11\/AZS-Mickiewicz-11-696x464.jpg 696w, https:\/\/gazetaregionalna.com\/wp-content\/uploads\/2021\/11\/AZS-Mickiewicz-11-1068x712.jpg 1068w, https:\/\/gazetaregionalna.com\/wp-content\/uploads\/2021\/11\/AZS-Mickiewicz-11-1920x1280.jpg 1920w, https:\/\/gazetaregionalna.com\/wp-content\/uploads\/2021\/11\/AZS-Mickiewicz-11-630x420.jpg 630w, https:\/\/gazetaregionalna.com\/wp-content\/uploads\/2021\/11\/AZS-Mickiewicz-11-scaled.jpg 1600w\" data-sizes=\"(max-width: 1024px) 100vw, 1024px\" src=\"data:image\/svg+xml;base64,PHN2ZyB3aWR0aD0iMSIgaGVpZ2h0PSIxIiB4bWxucz0iaHR0cDovL3d3dy53My5vcmcvMjAwMC9zdmciPjwvc3ZnPg==\" style=\"--smush-placeholder-width: 1024px; --smush-placeholder-aspect-ratio: 1024\/683;\" \/><\/figure>\n\n\n\n<figure class=\"wp-block-image size-large\"><img decoding=\"async\" width=\"300\" height=\"250\" data-src=\"https:\/\/gazetaregionalna.com\/wp-content\/uploads\/2021\/10\/DMKInvest2.jpg\" alt=\"\" class=\"wp-image-58380 lazyload\" src=\"data:image\/svg+xml;base64,PHN2ZyB3aWR0aD0iMSIgaGVpZ2h0PSIxIiB4bWxucz0iaHR0cDovL3d3dy53My5vcmcvMjAwMC9zdmciPjwvc3ZnPg==\" style=\"--smush-placeholder-width: 300px; --smush-placeholder-aspect-ratio: 300\/250;\"><\/figure>\n\n\n\n<figure class=\"wp-block-image size-large\"><img decoding=\"async\" width=\"1024\" height=\"683\" data-src=\"https:\/\/gazetaregionalna.com\/wp-content\/uploads\/2021\/11\/AZS-Mickiewicz-8-1024x683.jpg\" alt=\"\" class=\"wp-image-62591 lazyload\" data-srcset=\"https:\/\/gazetaregionalna.com\/wp-content\/uploads\/2021\/11\/AZS-Mickiewicz-8-1024x683.jpg 1024w, https:\/\/gazetaregionalna.com\/wp-content\/uploads\/2021\/11\/AZS-Mickiewicz-8-300x200.jpg 300w, https:\/\/gazetaregionalna.com\/wp-content\/uploads\/2021\/11\/AZS-Mickiewicz-8-768x512.jpg 768w, https:\/\/gazetaregionalna.com\/wp-content\/uploads\/2021\/11\/AZS-Mickiewicz-8-1536x1024.jpg 1536w, https:\/\/gazetaregionalna.com\/wp-content\/uploads\/2021\/11\/AZS-Mickiewicz-8-2048x1365.jpg 2048w, https:\/\/gazetaregionalna.com\/wp-content\/uploads\/2021\/11\/AZS-Mickiewicz-8-696x464.jpg 696w, https:\/\/gazetaregionalna.com\/wp-content\/uploads\/2021\/11\/AZS-Mickiewicz-8-1068x712.jpg 1068w, https:\/\/gazetaregionalna.com\/wp-content\/uploads\/2021\/11\/AZS-Mickiewicz-8-1920x1280.jpg 1920w, https:\/\/gazetaregionalna.com\/wp-content\/uploads\/2021\/11\/AZS-Mickiewicz-8-630x420.jpg 630w, https:\/\/gazetaregionalna.com\/wp-content\/uploads\/2021\/11\/AZS-Mickiewicz-8-scaled.jpg 1600w\" data-sizes=\"(max-width: 1024px) 100vw, 1024px\" src=\"data:image\/svg+xml;base64,PHN2ZyB3aWR0aD0iMSIgaGVpZ2h0PSIxIiB4bWxucz0iaHR0cDovL3d3dy53My5vcmcvMjAwMC9zdmciPjwvc3ZnPg==\" style=\"--smush-placeholder-width: 1024px; --smush-placeholder-aspect-ratio: 1024\/683;\" \/><\/figure>\n\n\n\n<figure class=\"wp-block-image size-large\"><img decoding=\"async\" width=\"1024\" height=\"683\" data-src=\"https:\/\/gazetaregionalna.com\/wp-content\/uploads\/2021\/11\/AZS-Mickiewicz-7-1024x683.jpg\" alt=\"\" class=\"wp-image-62590 lazyload\" data-srcset=\"https:\/\/gazetaregionalna.com\/wp-content\/uploads\/2021\/11\/AZS-Mickiewicz-7-1024x683.jpg 1024w, https:\/\/gazetaregionalna.com\/wp-content\/uploads\/2021\/11\/AZS-Mickiewicz-7-300x200.jpg 300w, https:\/\/gazetaregionalna.com\/wp-content\/uploads\/2021\/11\/AZS-Mickiewicz-7-768x512.jpg 768w, https:\/\/gazetaregionalna.com\/wp-content\/uploads\/2021\/11\/AZS-Mickiewicz-7-1536x1024.jpg 1536w, https:\/\/gazetaregionalna.com\/wp-content\/uploads\/2021\/11\/AZS-Mickiewicz-7-2048x1365.jpg 2048w, https:\/\/gazetaregionalna.com\/wp-content\/uploads\/2021\/11\/AZS-Mickiewicz-7-696x464.jpg 696w, https:\/\/gazetaregionalna.com\/wp-content\/uploads\/2021\/11\/AZS-Mickiewicz-7-1068x712.jpg 1068w, https:\/\/gazetaregionalna.com\/wp-content\/uploads\/2021\/11\/AZS-Mickiewicz-7-1920x1280.jpg 1920w, https:\/\/gazetaregionalna.com\/wp-content\/uploads\/2021\/11\/AZS-Mickiewicz-7-630x420.jpg 630w, https:\/\/gazetaregionalna.com\/wp-content\/uploads\/2021\/11\/AZS-Mickiewicz-7-scaled.jpg 1600w\" data-sizes=\"(max-width: 1024px) 100vw, 1024px\" src=\"data:image\/svg+xml;base64,PHN2ZyB3aWR0aD0iMSIgaGVpZ2h0PSIxIiB4bWxucz0iaHR0cDovL3d3dy53My5vcmcvMjAwMC9zdmciPjwvc3ZnPg==\" style=\"--smush-placeholder-width: 1024px; --smush-placeholder-aspect-ratio: 1024\/683;\" \/><\/figure>\n\n\n\n<figure class=\"wp-block-image size-large\"><img decoding=\"async\" width=\"1024\" height=\"563\" data-src=\"https:\/\/gazetaregionalna.com\/wp-content\/uploads\/2021\/11\/AZS-Mickiewicz-1-1024x563.jpg\" alt=\"\" class=\"wp-image-62586 lazyload\" data-srcset=\"https:\/\/gazetaregionalna.com\/wp-content\/uploads\/2021\/11\/AZS-Mickiewicz-1-1024x563.jpg 1024w, https:\/\/gazetaregionalna.com\/wp-content\/uploads\/2021\/11\/AZS-Mickiewicz-1-300x165.jpg 300w, https:\/\/gazetaregionalna.com\/wp-content\/uploads\/2021\/11\/AZS-Mickiewicz-1-768x422.jpg 768w, https:\/\/gazetaregionalna.com\/wp-content\/uploads\/2021\/11\/AZS-Mickiewicz-1-1536x844.jpg 1536w, https:\/\/gazetaregionalna.com\/wp-content\/uploads\/2021\/11\/AZS-Mickiewicz-1-2048x1126.jpg 2048w, https:\/\/gazetaregionalna.com\/wp-content\/uploads\/2021\/11\/AZS-Mickiewicz-1-696x383.jpg 696w, https:\/\/gazetaregionalna.com\/wp-content\/uploads\/2021\/11\/AZS-Mickiewicz-1-1068x587.jpg 1068w, https:\/\/gazetaregionalna.com\/wp-content\/uploads\/2021\/11\/AZS-Mickiewicz-1-1920x1055.jpg 1920w, https:\/\/gazetaregionalna.com\/wp-content\/uploads\/2021\/11\/AZS-Mickiewicz-1-764x420.jpg 764w, https:\/\/gazetaregionalna.com\/wp-content\/uploads\/2021\/11\/AZS-Mickiewicz-1-scaled.jpg 1600w\" data-sizes=\"(max-width: 1024px) 100vw, 1024px\" src=\"data:image\/svg+xml;base64,PHN2ZyB3aWR0aD0iMSIgaGVpZ2h0PSIxIiB4bWxucz0iaHR0cDovL3d3dy53My5vcmcvMjAwMC9zdmciPjwvc3ZnPg==\" style=\"--smush-placeholder-width: 1024px; --smush-placeholder-aspect-ratio: 1024\/563;\" \/><\/figure>\n","protected":false},"excerpt":{"rendered":"<p>Koszykarze AZS Cz\u0119stochowa tym razem zaprezentuj\u0105 si\u0119 w Czeladzi. W sobot\u0119 powalcz\u0105 o 2-ligowe punkty w Czeladzi z MCKS. Cz\u0119stochowscy koszykarze rozegrali w 2<\/p>\n","protected":false},"author":15,"featured_media":62593,"comment_status":"open","ping_status":"open","sticky":false,"template":"","format":"standard","meta":{"_monsterinsights_skip_tracking":false,"_monsterinsights_sitenote_active":false,"_monsterinsights_sitenote_note":"","_monsterinsights_sitenote_category":0,"_uf_show_specific_survey":0,"_uf_disable_surveys":false,"footnotes":""},"categories":[5,9],"tags":[],"class_list":["post-63013","post","type-post","status-publish","format-standard","has-post-thumbnail","hentry","category-sport","category-koszykowka"],"_links":{"self":[{"href":"https:\/\/gazetaregionalna.com\/index.php?rest_route=\/wp\/v2\/posts\/63013","targetHints":{"allow":["GET"]}}],"collection":[{"href":"https:\/\/gazetaregionalna.com\/index.php?rest_route=\/wp\/v2\/posts"}],"about":[{"href":"https:\/\/gazetaregionalna.com\/index.php?rest_route=\/wp\/v2\/types\/post"}],"author":[{"embeddable":true,"href":"https:\/\/gazetaregionalna.com\/index.php?rest_route=\/wp\/v2\/users\/15"}],"replies":[{"embeddable":true,"href":"https:\/\/gazetaregionalna.com\/index.php?rest_route=%2Fwp%2Fv2%2Fcomments&post=63013"}],"version-history":[{"count":1,"href":"https:\/\/gazetaregionalna.com\/index.php?rest_route=\/wp\/v2\/posts\/63013\/revisions"}],"predecessor-version":[{"id":63014,"href":"https:\/\/gazetaregionalna.com\/index.php?rest_route=\/wp\/v2\/posts\/63013\/revisions\/63014"}],"wp:featuredmedia":[{"embeddable":true,"href":"https:\/\/gazetaregionalna.com\/index.php?rest_route=\/wp\/v2\/media\/62593"}],"wp:attachment":[{"href":"https:\/\/gazetaregionalna.com\/index.php?rest_route=%2Fwp%2Fv2%2Fmedia&parent=63013"}],"wp:term":[{"taxonomy":"category","embeddable":true,"href":"https:\/\/gazetaregionalna.com\/index.php?rest_route=%2Fwp%2Fv2%2Fcategories&post=63013"},{"taxonomy":"post_tag","embeddable":true,"href":"https:\/\/gazetaregionalna.com\/index.php?rest_route=%2Fwp%2Fv2%2Ftags&post=63013"}],"curies":[{"name":"wp","href":"https:\/\/api.w.org\/{rel}","templated":true}]}}