{"id":63008,"date":"2021-11-11T13:55:30","date_gmt":"2021-11-11T13:55:30","guid":{"rendered":"https:\/\/gazetaregionalna.com\/?p=63008"},"modified":"2021-11-11T13:55:31","modified_gmt":"2021-11-11T13:55:31","slug":"azs-czestochowa-w-ten-weekend-pauzuje-i-moze-stracic-pozycje-lidera","status":"publish","type":"post","link":"https:\/\/gazetaregionalna.com\/?p=63008","title":{"rendered":"AZS Cz\u0119stochowa w ten weekend pauzuje i mo\u017ce straci\u0107 pozycje lidera"},"content":{"rendered":"\n<p>Siatkarze 2-ligowego AZS Cz\u0119stochowa w nadchodz\u0105cy weekend b\u0119d\u0105 pauzowa\u0107. Cz\u0119stochowianie z uwag\u0105 b\u0119d\u0105 \u015bledzi\u0107 inne wyniki&#8230;<\/p>\n\n\n\n<p>Siatkarze AZS Cz\u0119stochowa po 7 rozegranych kolejkach maj\u0105 na koncie 18 punkt\u00f3w i s\u0105 liderem 3 grupy 2 ligi. Tu\u017c za nimi na 2. pozycji plasuje si\u0119 WKS Wielu\u0144. Cz\u0119stochowianie najbli\u017cszy weekend b\u0119d\u0105 mie\u0107 wolny od ligi, ale patrze\u0107 b\u0119d\u0105 na wynik meczu WKS-u Wielu\u0144 z Hetmanem W\u0142oszczowa. WKS w 6 rozegranych meczach nie zazna\u0142 jeszcze pora\u017cki i je\u015bli wygra za 3 punkty z Hetmanem to wyprzedzi AZS w tabeli.<\/p>\n\n\n\n<p>AK, foto: AK<\/p>\n\n\n\n<figure class=\"wp-block-image size-large\"><img decoding=\"async\" width=\"1024\" height=\"746\" data-src=\"https:\/\/gazetaregionalna.com\/wp-content\/uploads\/2021\/10\/AZS-MIasteczko-24-1024x746.jpg\" alt=\"\" class=\"wp-image-61361 lazyload\" data-srcset=\"https:\/\/gazetaregionalna.com\/wp-content\/uploads\/2021\/10\/AZS-MIasteczko-24-1024x746.jpg 1024w, https:\/\/gazetaregionalna.com\/wp-content\/uploads\/2021\/10\/AZS-MIasteczko-24-300x218.jpg 300w, https:\/\/gazetaregionalna.com\/wp-content\/uploads\/2021\/10\/AZS-MIasteczko-24-768x559.jpg 768w, https:\/\/gazetaregionalna.com\/wp-content\/uploads\/2021\/10\/AZS-MIasteczko-24-1536x1119.jpg 1536w, https:\/\/gazetaregionalna.com\/wp-content\/uploads\/2021\/10\/AZS-MIasteczko-24-2048x1491.jpg 2048w, https:\/\/gazetaregionalna.com\/wp-content\/uploads\/2021\/10\/AZS-MIasteczko-24-696x507.jpg 696w, https:\/\/gazetaregionalna.com\/wp-content\/uploads\/2021\/10\/AZS-MIasteczko-24-1068x778.jpg 1068w, https:\/\/gazetaregionalna.com\/wp-content\/uploads\/2021\/10\/AZS-MIasteczko-24-1920x1398.jpg 1920w, https:\/\/gazetaregionalna.com\/wp-content\/uploads\/2021\/10\/AZS-MIasteczko-24-577x420.jpg 577w, https:\/\/gazetaregionalna.com\/wp-content\/uploads\/2021\/10\/AZS-MIasteczko-24-324x235.jpg 324w, https:\/\/gazetaregionalna.com\/wp-content\/uploads\/2021\/10\/AZS-MIasteczko-24-scaled.jpg 1600w\" data-sizes=\"(max-width: 1024px) 100vw, 1024px\" src=\"data:image\/svg+xml;base64,PHN2ZyB3aWR0aD0iMSIgaGVpZ2h0PSIxIiB4bWxucz0iaHR0cDovL3d3dy53My5vcmcvMjAwMC9zdmciPjwvc3ZnPg==\" style=\"--smush-placeholder-width: 1024px; --smush-placeholder-aspect-ratio: 1024\/746;\" \/><\/figure>\n\n\n\n<figure class=\"wp-block-image size-large\"><img decoding=\"async\" width=\"300\" height=\"250\" data-src=\"https:\/\/gazetaregionalna.com\/wp-content\/uploads\/2021\/10\/DMKInvest2.jpg\" alt=\"\" class=\"wp-image-58380 lazyload\" src=\"data:image\/svg+xml;base64,PHN2ZyB3aWR0aD0iMSIgaGVpZ2h0PSIxIiB4bWxucz0iaHR0cDovL3d3dy53My5vcmcvMjAwMC9zdmciPjwvc3ZnPg==\" style=\"--smush-placeholder-width: 300px; --smush-placeholder-aspect-ratio: 300\/250;\"><\/figure>\n\n\n\n<figure class=\"wp-block-image size-large\"><img decoding=\"async\" width=\"1024\" height=\"592\" data-src=\"https:\/\/gazetaregionalna.com\/wp-content\/uploads\/2021\/10\/AZS-MIasteczko-00-1024x592.jpg\" alt=\"\" class=\"wp-image-61359 lazyload\" data-srcset=\"https:\/\/gazetaregionalna.com\/wp-content\/uploads\/2021\/10\/AZS-MIasteczko-00-1024x592.jpg 1024w, https:\/\/gazetaregionalna.com\/wp-content\/uploads\/2021\/10\/AZS-MIasteczko-00-300x173.jpg 300w, https:\/\/gazetaregionalna.com\/wp-content\/uploads\/2021\/10\/AZS-MIasteczko-00-768x444.jpg 768w, https:\/\/gazetaregionalna.com\/wp-content\/uploads\/2021\/10\/AZS-MIasteczko-00-1536x887.jpg 1536w, https:\/\/gazetaregionalna.com\/wp-content\/uploads\/2021\/10\/AZS-MIasteczko-00-2048x1183.jpg 2048w, https:\/\/gazetaregionalna.com\/wp-content\/uploads\/2021\/10\/AZS-MIasteczko-00-696x402.jpg 696w, https:\/\/gazetaregionalna.com\/wp-content\/uploads\/2021\/10\/AZS-MIasteczko-00-1068x617.jpg 1068w, https:\/\/gazetaregionalna.com\/wp-content\/uploads\/2021\/10\/AZS-MIasteczko-00-1920x1109.jpg 1920w, https:\/\/gazetaregionalna.com\/wp-content\/uploads\/2021\/10\/AZS-MIasteczko-00-727x420.jpg 727w, https:\/\/gazetaregionalna.com\/wp-content\/uploads\/2021\/10\/AZS-MIasteczko-00-scaled.jpg 1600w\" data-sizes=\"(max-width: 1024px) 100vw, 1024px\" src=\"data:image\/svg+xml;base64,PHN2ZyB3aWR0aD0iMSIgaGVpZ2h0PSIxIiB4bWxucz0iaHR0cDovL3d3dy53My5vcmcvMjAwMC9zdmciPjwvc3ZnPg==\" style=\"--smush-placeholder-width: 1024px; --smush-placeholder-aspect-ratio: 1024\/592;\" \/><\/figure>\n\n\n\n<figure class=\"wp-block-image size-large\"><img decoding=\"async\" width=\"1024\" height=\"653\" data-src=\"https:\/\/gazetaregionalna.com\/wp-content\/uploads\/2021\/10\/AZS-MIasteczko-2-1024x653.jpg\" alt=\"\" class=\"wp-image-61360 lazyload\" data-srcset=\"https:\/\/gazetaregionalna.com\/wp-content\/uploads\/2021\/10\/AZS-MIasteczko-2-1024x653.jpg 1024w, https:\/\/gazetaregionalna.com\/wp-content\/uploads\/2021\/10\/AZS-MIasteczko-2-300x191.jpg 300w, https:\/\/gazetaregionalna.com\/wp-content\/uploads\/2021\/10\/AZS-MIasteczko-2-768x490.jpg 768w, https:\/\/gazetaregionalna.com\/wp-content\/uploads\/2021\/10\/AZS-MIasteczko-2-1536x979.jpg 1536w, https:\/\/gazetaregionalna.com\/wp-content\/uploads\/2021\/10\/AZS-MIasteczko-2-2048x1306.jpg 2048w, https:\/\/gazetaregionalna.com\/wp-content\/uploads\/2021\/10\/AZS-MIasteczko-2-696x444.jpg 696w, https:\/\/gazetaregionalna.com\/wp-content\/uploads\/2021\/10\/AZS-MIasteczko-2-1068x681.jpg 1068w, https:\/\/gazetaregionalna.com\/wp-content\/uploads\/2021\/10\/AZS-MIasteczko-2-1920x1224.jpg 1920w, https:\/\/gazetaregionalna.com\/wp-content\/uploads\/2021\/10\/AZS-MIasteczko-2-659x420.jpg 659w, https:\/\/gazetaregionalna.com\/wp-content\/uploads\/2021\/10\/AZS-MIasteczko-2-scaled.jpg 1600w\" data-sizes=\"(max-width: 1024px) 100vw, 1024px\" src=\"data:image\/svg+xml;base64,PHN2ZyB3aWR0aD0iMSIgaGVpZ2h0PSIxIiB4bWxucz0iaHR0cDovL3d3dy53My5vcmcvMjAwMC9zdmciPjwvc3ZnPg==\" style=\"--smush-placeholder-width: 1024px; --smush-placeholder-aspect-ratio: 1024\/653;\" \/><\/figure>\n","protected":false},"excerpt":{"rendered":"<p>Siatkarze 2-ligowego AZS Cz\u0119stochowa w nadchodz\u0105cy weekend b\u0119d\u0105 pauzowa\u0107. Cz\u0119stochowianie z uwag\u0105 b\u0119d\u0105 \u015bledzi\u0107 inne wyniki&#8230; Siatkarze AZS Cz\u0119stochowa po 7 rozegranych kolejkach maj\u0105<\/p>\n","protected":false},"author":15,"featured_media":61361,"comment_status":"open","ping_status":"open","sticky":false,"template":"","format":"standard","meta":{"_monsterinsights_skip_tracking":false,"_monsterinsights_sitenote_active":false,"_monsterinsights_sitenote_note":"","_monsterinsights_sitenote_category":0,"_uf_show_specific_survey":0,"_uf_disable_surveys":false,"footnotes":""},"categories":[5,8],"tags":[],"class_list":["post-63008","post","type-post","status-publish","format-standard","has-post-thumbnail","hentry","category-sport","category-siatkowka"],"_links":{"self":[{"href":"https:\/\/gazetaregionalna.com\/index.php?rest_route=\/wp\/v2\/posts\/63008","targetHints":{"allow":["GET"]}}],"collection":[{"href":"https:\/\/gazetaregionalna.com\/index.php?rest_route=\/wp\/v2\/posts"}],"about":[{"href":"https:\/\/gazetaregionalna.com\/index.php?rest_route=\/wp\/v2\/types\/post"}],"author":[{"embeddable":true,"href":"https:\/\/gazetaregionalna.com\/index.php?rest_route=\/wp\/v2\/users\/15"}],"replies":[{"embeddable":true,"href":"https:\/\/gazetaregionalna.com\/index.php?rest_route=%2Fwp%2Fv2%2Fcomments&post=63008"}],"version-history":[{"count":1,"href":"https:\/\/gazetaregionalna.com\/index.php?rest_route=\/wp\/v2\/posts\/63008\/revisions"}],"predecessor-version":[{"id":63009,"href":"https:\/\/gazetaregionalna.com\/index.php?rest_route=\/wp\/v2\/posts\/63008\/revisions\/63009"}],"wp:featuredmedia":[{"embeddable":true,"href":"https:\/\/gazetaregionalna.com\/index.php?rest_route=\/wp\/v2\/media\/61361"}],"wp:attachment":[{"href":"https:\/\/gazetaregionalna.com\/index.php?rest_route=%2Fwp%2Fv2%2Fmedia&parent=63008"}],"wp:term":[{"taxonomy":"category","embeddable":true,"href":"https:\/\/gazetaregionalna.com\/index.php?rest_route=%2Fwp%2Fv2%2Fcategories&post=63008"},{"taxonomy":"post_tag","embeddable":true,"href":"https:\/\/gazetaregionalna.com\/index.php?rest_route=%2Fwp%2Fv2%2Ftags&post=63008"}],"curies":[{"name":"wp","href":"https:\/\/api.w.org\/{rel}","templated":true}]}}