{"id":62931,"date":"2021-11-10T12:01:39","date_gmt":"2021-11-10T12:01:39","guid":{"rendered":"https:\/\/gazetaregionalna.com\/?p=62931"},"modified":"2021-11-10T12:01:40","modified_gmt":"2021-11-10T12:01:40","slug":"swieto-11-listopada-w-czestochowie","status":"publish","type":"post","link":"https:\/\/gazetaregionalna.com\/?p=62931","title":{"rendered":"\u015awi\u0119to 11 Listopada w Cz\u0119stochowie"},"content":{"rendered":"\n<h2 class=\"wp-block-heading\">G\u0142\u00f3wne miejskie obchody \u015awi\u0119ta Niepodleg\u0142o\u015bci odb\u0119d\u0105 si\u0119 11 listopada na Placu Biega\u0144skiego przed pomnikiem J\u00f3zefa Pi\u0142sudskiego<\/h2>\n\n\n\n<figure class=\"wp-block-image size-large\"><img decoding=\"async\" width=\"725\" height=\"1024\" data-src=\"https:\/\/gazetaregionalna.com\/wp-content\/uploads\/2021\/11\/PLAKAT_11listopada_2021_net-725x1024.jpg\" alt=\"\" class=\"wp-image-62935 lazyload\" data-srcset=\"https:\/\/gazetaregionalna.com\/wp-content\/uploads\/2021\/11\/PLAKAT_11listopada_2021_net-725x1024.jpg 725w, https:\/\/gazetaregionalna.com\/wp-content\/uploads\/2021\/11\/PLAKAT_11listopada_2021_net-213x300.jpg 213w, https:\/\/gazetaregionalna.com\/wp-content\/uploads\/2021\/11\/PLAKAT_11listopada_2021_net-768x1084.jpg 768w, https:\/\/gazetaregionalna.com\/wp-content\/uploads\/2021\/11\/PLAKAT_11listopada_2021_net-1088x1536.jpg 1088w, https:\/\/gazetaregionalna.com\/wp-content\/uploads\/2021\/11\/PLAKAT_11listopada_2021_net-696x983.jpg 696w, https:\/\/gazetaregionalna.com\/wp-content\/uploads\/2021\/11\/PLAKAT_11listopada_2021_net-1068x1508.jpg 1068w, https:\/\/gazetaregionalna.com\/wp-content\/uploads\/2021\/11\/PLAKAT_11listopada_2021_net-298x420.jpg 298w, https:\/\/gazetaregionalna.com\/wp-content\/uploads\/2021\/11\/PLAKAT_11listopada_2021_net.jpg 1133w\" data-sizes=\"(max-width: 725px) 100vw, 725px\" src=\"data:image\/svg+xml;base64,PHN2ZyB3aWR0aD0iMSIgaGVpZ2h0PSIxIiB4bWxucz0iaHR0cDovL3d3dy53My5vcmcvMjAwMC9zdmciPjwvc3ZnPg==\" style=\"--smush-placeholder-width: 725px; --smush-placeholder-aspect-ratio: 725\/1024;\" \/><\/figure>\n\n\n\n<p><br>Centralna uroczysto\u015b\u0107 rozpocznie si\u0119 w czwartek o godz. 17 na placu Biega\u0144skiego, wcze\u015bniej (po godz. 16) kwiaty zostan\u0105 z\u0142o\u017cone w alei Sienkiewicza przed Grobem Nieznanego \u017bo\u0142nierza i przed pomnikiem Ksi\u0119dza Jerzego Popie\u0142uszki.\u00a0 \u00a0<br>\u00a0<br>Dzisiaj natomiast, w Filharmonii Cz\u0119stochowskiej odb\u0119dzie si\u0119 specjalny koncert &#8222;O wolno\u015b\u0107 wo\u0142anie&#8221;. Pie\u015bni patriotyczne w wykonaniu Ch\u00f3ru Filharmonii Cz\u0119stochowskiej Collegium Cantorum pod batut\u0105 Janusza Siadlaka zabrzmi\u0105 z okazji obchod\u00f3w Narodowego \u015awi\u0119ta Niepodleg\u0142o\u015bci. Koncert b\u0119dzie okazj\u0105, aby wr\u0119czy\u0107 ubieg\u0142oroczne i tegoroczne\u00a0wyr\u00f3\u017cnienia \u201eTym, co s\u0142u\u017c\u0105 Miastu i Ojczy\u017anie\u201d. Pocz\u0105tek wydarzenia godzina 19.<\/p>\n","protected":false},"excerpt":{"rendered":"<p>G\u0142\u00f3wne miejskie obchody \u015awi\u0119ta Niepodleg\u0142o\u015bci odb\u0119d\u0105 si\u0119 11 listopada na Placu Biega\u0144skiego przed pomnikiem J\u00f3zefa Pi\u0142sudskiego Centralna uroczysto\u015b\u0107 rozpocznie si\u0119 w czwartek o godz.<\/p>\n","protected":false},"author":7,"featured_media":62936,"comment_status":"open","ping_status":"open","sticky":false,"template":"","format":"standard","meta":{"_monsterinsights_skip_tracking":false,"_monsterinsights_sitenote_active":false,"_monsterinsights_sitenote_note":"","_monsterinsights_sitenote_category":0,"_uf_show_specific_survey":0,"_uf_disable_surveys":false,"footnotes":""},"categories":[94,3,2],"tags":[],"class_list":["post-62931","post","type-post","status-publish","format-standard","has-post-thumbnail","hentry","category-polecane","category-czestochowa-informacje","category-wiadomosci"],"_links":{"self":[{"href":"https:\/\/gazetaregionalna.com\/index.php?rest_route=\/wp\/v2\/posts\/62931","targetHints":{"allow":["GET"]}}],"collection":[{"href":"https:\/\/gazetaregionalna.com\/index.php?rest_route=\/wp\/v2\/posts"}],"about":[{"href":"https:\/\/gazetaregionalna.com\/index.php?rest_route=\/wp\/v2\/types\/post"}],"author":[{"embeddable":true,"href":"https:\/\/gazetaregionalna.com\/index.php?rest_route=\/wp\/v2\/users\/7"}],"replies":[{"embeddable":true,"href":"https:\/\/gazetaregionalna.com\/index.php?rest_route=%2Fwp%2Fv2%2Fcomments&post=62931"}],"version-history":[{"count":2,"href":"https:\/\/gazetaregionalna.com\/index.php?rest_route=\/wp\/v2\/posts\/62931\/revisions"}],"predecessor-version":[{"id":62937,"href":"https:\/\/gazetaregionalna.com\/index.php?rest_route=\/wp\/v2\/posts\/62931\/revisions\/62937"}],"wp:featuredmedia":[{"embeddable":true,"href":"https:\/\/gazetaregionalna.com\/index.php?rest_route=\/wp\/v2\/media\/62936"}],"wp:attachment":[{"href":"https:\/\/gazetaregionalna.com\/index.php?rest_route=%2Fwp%2Fv2%2Fmedia&parent=62931"}],"wp:term":[{"taxonomy":"category","embeddable":true,"href":"https:\/\/gazetaregionalna.com\/index.php?rest_route=%2Fwp%2Fv2%2Fcategories&post=62931"},{"taxonomy":"post_tag","embeddable":true,"href":"https:\/\/gazetaregionalna.com\/index.php?rest_route=%2Fwp%2Fv2%2Ftags&post=62931"}],"curies":[{"name":"wp","href":"https:\/\/api.w.org\/{rel}","templated":true}]}}