{"id":62868,"date":"2021-11-09T13:23:11","date_gmt":"2021-11-09T13:23:11","guid":{"rendered":"https:\/\/gazetaregionalna.com\/?p=62868"},"modified":"2021-11-09T13:23:12","modified_gmt":"2021-11-09T13:23:12","slug":"dwa-koncerty-w-filharmonii-czestochowskiej","status":"publish","type":"post","link":"https:\/\/gazetaregionalna.com\/?p=62868","title":{"rendered":"Dwa koncerty w Filharmonii Cz\u0119stochowskiej: &#8222;W wolno\u015b\u0107 wo\u0142anie&#8221; i &#8222;Recital muzyki polskiej&#8221;"},"content":{"rendered":"\n<h2 class=\"wp-block-heading\">Filharmonia Cz\u0119stochowska zaprasza w tym tygodniu na dwa koncerty. Pierwszy zaplanowano na 10 listopada, drugi odb\u0119dzie si\u0119 dwa dni p\u00f3\u017aniej.<\/h2>\n\n\n\n<p>W \u015brod\u0119, 10 listopada Filharmonia Cz\u0119stochowska i Urz\u0105d Miasta Cz\u0119stochowy zapraszaj\u0105 na koncert \u201eO wolno\u015b\u0107 wo\u0142anie&#8221;. Pie\u015bni patriotyczne w wykonaniu Ch\u00f3ru Filharmonii Cz\u0119stochowskiej &#8222;Collegium Cantorum&#8221; pod batut\u0105 Janusza Siadlaka zabrzmi\u0105 z okazji obchod\u00f3w Narodowego \u015awi\u0119ta Niepodleg\u0142o\u015bci. Solistami b\u0119d\u0105 Agata Widera-Burda, Weronika G\u0119bala, Tetiana Boretska-Kruk, Ma\u0142gorzata Siadlak i Grzegorz Rogut. Przy fortepianie zasi\u0105dzie Jacek Stawiarski. <\/p>\n\n\n\n<p>Podczas uroczysto\u015bci odb\u0119dzie si\u0119 tak\u017ce wr\u0119czenie wyr\u00f3\u017cnie\u0144 \u201eTym, co s\u0142u\u017c\u0105 Miastu i Ojczy\u017anie&#8221;. Koncert jest cz\u0119\u015bci\u0105 dwudniowych obchod\u00f3w Cz\u0119stochowskie Urodziny Niepodleg\u0142ej. Wydarzenie zaplanowano o godz. 19. Bilety kosztuj\u0105 20 z\u0142.<\/p>\n\n\n\n<h4 class=\"wp-block-heading\">&#8222;Recital muzyki polskiej&#8221;<\/h4>\n\n\n\n<figure class=\"wp-block-image size-large\"><img decoding=\"async\" width=\"1024\" height=\"683\" data-src=\"https:\/\/gazetaregionalna.com\/wp-content\/uploads\/2021\/11\/Fudala-Rot-Fot.-Karol-Sokolowski-1024x683.jpg\" alt=\"\" class=\"wp-image-62872 lazyload\" data-srcset=\"https:\/\/gazetaregionalna.com\/wp-content\/uploads\/2021\/11\/Fudala-Rot-Fot.-Karol-Sokolowski-1024x683.jpg 1024w, https:\/\/gazetaregionalna.com\/wp-content\/uploads\/2021\/11\/Fudala-Rot-Fot.-Karol-Sokolowski-300x200.jpg 300w, https:\/\/gazetaregionalna.com\/wp-content\/uploads\/2021\/11\/Fudala-Rot-Fot.-Karol-Sokolowski-768x512.jpg 768w, https:\/\/gazetaregionalna.com\/wp-content\/uploads\/2021\/11\/Fudala-Rot-Fot.-Karol-Sokolowski-696x464.jpg 696w, https:\/\/gazetaregionalna.com\/wp-content\/uploads\/2021\/11\/Fudala-Rot-Fot.-Karol-Sokolowski-1068x713.jpg 1068w, https:\/\/gazetaregionalna.com\/wp-content\/uploads\/2021\/11\/Fudala-Rot-Fot.-Karol-Sokolowski-629x420.jpg 629w, https:\/\/gazetaregionalna.com\/wp-content\/uploads\/2021\/11\/Fudala-Rot-Fot.-Karol-Sokolowski.jpg 1079w\" data-sizes=\"(max-width: 1024px) 100vw, 1024px\" src=\"data:image\/svg+xml;base64,PHN2ZyB3aWR0aD0iMSIgaGVpZ2h0PSIxIiB4bWxucz0iaHR0cDovL3d3dy53My5vcmcvMjAwMC9zdmciPjwvc3ZnPg==\" style=\"--smush-placeholder-width: 1024px; --smush-placeholder-aspect-ratio: 1024\/683;\" \/><figcaption>Fudala Rot (fot. Karol Soko\u0142owski)<\/figcaption><\/figure>\n\n\n\n<p>Z kolei w pi\u0105tek, 12 listopada o godz. 19 w sali koncertowej filharmonii odb\u0119dzie si\u0119 &#8222;Recital muzyki polskiej&#8221;. Na scenie wyst\u0105pi\u0105 Wojciech Fudala i pochodz\u0105cego z Cz\u0119stochowy Micha\u0142a Rota. Duet powsta\u0142 w 2016 r. i od tego czasu prowadzi aktywn\u0105 dzia\u0142alno\u015b\u0107 koncertow\u0105 w kraju i za granic\u0105. Arty\u015bci s\u0105 laureatami krajowych i mi\u0119dzynarodowych konkurs\u00f3w muzycznych. Na co dzie\u0144 zwi\u0105zani s\u0105 z Akademi\u0105 Muzyczn\u0105 w \u0141odzi gdzie wyk\u0142adaj\u0105 na stanowisku adiunkta. Zesp\u00f3\u0142 wyst\u0119powa\u0142 w znacz\u0105cych salach koncertowych, takich jak: Sala kameralna NOSPR-u, Sala Czerwona Narodowego Forum Muzyki, ECMKP w Lus\u0142awicach, Cercle Gaulois Royale w Brukseli oraz na festiwalach: Dni Muzyki Mendelssohna w Krakowie, Dni Muzyki Wajnberga, Opus Magnum, Przemyska Jesie\u0144 Muzyczna, \u015al\u0105skie Lato Muzyczne i wiele innych. W 2019 r. duet otrzyma\u0142 Stypendium na rzecz upowszechniania kultury Ministra Kultury i Dziedzictwa Narodowego. W ramach projektu wykona\u0142 w wielu miejscach Polski koncerty promuj\u0105ce tw\u00f3rczo\u015b\u0107 Mieczys\u0142awa Wajnberga. Zwie\u0144czeniem przedsi\u0119wzi\u0119cia by\u0142o wydanie debiutanckiej p\u0142yty zespo\u0142u,&#8221;Mieczys\u0142aw Wajnberg Sonatas for cello and piano&#8221;. Kr\u0105\u017cek w 2020 r. otrzyma\u0142 nominacj\u0119 do presti\u017cowej nagrody Fryderyki w kategorii album roku &#8211; Muzyka kameralna.<\/p>\n\n\n\n<p>W programie: Ernest Bloch &#8211; Nigun; Mieczys\u0142aw Wajnberg \u2013 2 Sonata op.63 na wiolonczel\u0119 i fortepian; Fryderyk Chopin \u2013 Sonata g-moll op. 65; Grand duo na tematy z opery Robert Diabe\u0142. Koncert poprowadzi Paulina Kula.<\/p>\n\n\n\n<p>Bilety kosztuj\u0105 45 z\u0142 (normalny), 38 z\u0142 (ulgowy) i 20 z\u0142 (UTW). Mo\u017cna je naby\u0107 w kasie filharmonii oraz na stronie <a href=\"http:\/\/www.filharmonia.com.pl\" target=\"_blank\" rel=\"noreferrer noopener\">www.filharmonia.com.pl<\/a>.<\/p>\n\n\n\n<p><strong>ZS<\/strong><\/p>\n\n\n\n<p><strong><a href=\"https:\/\/gazetaregionalna.com\/zainaugurowano-dzialalnosc-f-klubu\/\">Czytaj tak\u017ce: W Cz\u0119stochowie zainaugurowano dzia\u0142alno\u015b\u0107 \u201cf Klubu\u201d im. Ireneusza Kozery<\/a><\/strong><\/p>\n","protected":false},"excerpt":{"rendered":"<p>Filharmonia Cz\u0119stochowska zaprasza w tym tygodniu na dwa koncerty. Pierwszy zaplanowano na 10 listopada, drugi odb\u0119dzie si\u0119 dwa dni p\u00f3\u017aniej. W \u015brod\u0119, 10 listopada<\/p>\n","protected":false},"author":18,"featured_media":62871,"comment_status":"open","ping_status":"open","sticky":false,"template":"","format":"standard","meta":{"_monsterinsights_skip_tracking":false,"_monsterinsights_sitenote_active":false,"_monsterinsights_sitenote_note":"","_monsterinsights_sitenote_category":0,"_uf_show_specific_survey":0,"_uf_disable_surveys":false,"footnotes":""},"categories":[12,3,94,2],"tags":[352],"class_list":["post-62868","post","type-post","status-publish","format-standard","has-post-thumbnail","hentry","category-kultura-i-rozrywka","category-czestochowa-informacje","category-polecane","category-wiadomosci","tag-filharmonia-czestochowska"],"_links":{"self":[{"href":"https:\/\/gazetaregionalna.com\/index.php?rest_route=\/wp\/v2\/posts\/62868","targetHints":{"allow":["GET"]}}],"collection":[{"href":"https:\/\/gazetaregionalna.com\/index.php?rest_route=\/wp\/v2\/posts"}],"about":[{"href":"https:\/\/gazetaregionalna.com\/index.php?rest_route=\/wp\/v2\/types\/post"}],"author":[{"embeddable":true,"href":"https:\/\/gazetaregionalna.com\/index.php?rest_route=\/wp\/v2\/users\/18"}],"replies":[{"embeddable":true,"href":"https:\/\/gazetaregionalna.com\/index.php?rest_route=%2Fwp%2Fv2%2Fcomments&post=62868"}],"version-history":[{"count":10,"href":"https:\/\/gazetaregionalna.com\/index.php?rest_route=\/wp\/v2\/posts\/62868\/revisions"}],"predecessor-version":[{"id":62880,"href":"https:\/\/gazetaregionalna.com\/index.php?rest_route=\/wp\/v2\/posts\/62868\/revisions\/62880"}],"wp:featuredmedia":[{"embeddable":true,"href":"https:\/\/gazetaregionalna.com\/index.php?rest_route=\/wp\/v2\/media\/62871"}],"wp:attachment":[{"href":"https:\/\/gazetaregionalna.com\/index.php?rest_route=%2Fwp%2Fv2%2Fmedia&parent=62868"}],"wp:term":[{"taxonomy":"category","embeddable":true,"href":"https:\/\/gazetaregionalna.com\/index.php?rest_route=%2Fwp%2Fv2%2Fcategories&post=62868"},{"taxonomy":"post_tag","embeddable":true,"href":"https:\/\/gazetaregionalna.com\/index.php?rest_route=%2Fwp%2Fv2%2Ftags&post=62868"}],"curies":[{"name":"wp","href":"https:\/\/api.w.org\/{rel}","templated":true}]}}