{"id":6284,"date":"2019-09-14T11:40:45","date_gmt":"2019-09-14T11:40:45","guid":{"rendered":"https:\/\/gazetaregionalna.com\/?p=6284"},"modified":"2019-09-14T11:40:47","modified_gmt":"2019-09-14T11:40:47","slug":"seniorzy-wspaniale-promuja-miasto","status":"publish","type":"post","link":"https:\/\/gazetaregionalna.com\/?p=6284","title":{"rendered":"Seniorzy wspaniale promuj\u0105 miasto"},"content":{"rendered":"\n<p>Prawdziwy deszcz nagr\u00f3d sp\u0142yn\u0105\u0142 w ostatnich dniach na zesp\u00f3\u0142 \u201eSerenada\u201d dzia\u0142aj\u0105cy przy Polskim Zwi\u0105zku Emeryt\u00f3w, Rencist\u00f3w i Inwalid\u00f3w Zarz\u0105d Rejonowy w Radomsku pod kierownictwem Jana Mielczarka. Grupa wyst\u0105pi\u0142a na XII Artystyczne Spotkania Senior\u00f3w \u201eCzar Jesieni\u201d, kt\u00f3re odbywa\u0142y si\u0119 w G\u0142ownie. W przegl\u0105dzie udzia\u0142 bra\u0142y zespo\u0142y \u015bpiewacze, duety, soli\u015bci, gaw\u0119dziarze i poeci z wielu miast \u015arodkowej Polski.<\/p>\n\n\n\n<figure class=\"wp-block-image\"><img decoding=\"async\" width=\"1024\" height=\"683\" data-src=\"https:\/\/gazetaregionalna.com\/wp-content\/uploads\/2019\/09\/seniorzy2-1-1024x683.jpg\" alt=\"\" class=\"wp-image-6285 lazyload\" data-srcset=\"https:\/\/gazetaregionalna.com\/wp-content\/uploads\/2019\/09\/seniorzy2-1.jpg 1024w, https:\/\/gazetaregionalna.com\/wp-content\/uploads\/2019\/09\/seniorzy2-1-300x200.jpg 300w, https:\/\/gazetaregionalna.com\/wp-content\/uploads\/2019\/09\/seniorzy2-1-768x512.jpg 768w, https:\/\/gazetaregionalna.com\/wp-content\/uploads\/2019\/09\/seniorzy2-1-696x464.jpg 696w, https:\/\/gazetaregionalna.com\/wp-content\/uploads\/2019\/09\/seniorzy2-1-630x420.jpg 630w\" data-sizes=\"(max-width: 1024px) 100vw, 1024px\" src=\"data:image\/svg+xml;base64,PHN2ZyB3aWR0aD0iMSIgaGVpZ2h0PSIxIiB4bWxucz0iaHR0cDovL3d3dy53My5vcmcvMjAwMC9zdmciPjwvc3ZnPg==\" style=\"--smush-placeholder-width: 1024px; --smush-placeholder-aspect-ratio: 1024\/683;\" \/><\/figure>\n\n\n\n<p><br> Radomszcza\u0144ski zesp\u00f3\u0142 przywi\u00f3z\u0142 z przegl\u0105du w sumie 7 dyplom\u00f3w, 5 statuetek i nagrody rzeczowe.<br> Zesp\u00f3\u0142 \u201eSerenada\u201d uplasowa\u0142 si\u0119 na II miejscu w\u015br\u00f3d 25 zespo\u0142\u00f3w \u015bpiewaczych. Duet w sk\u0142adzie Romualda Gottwald i Olga D\u0105browska zdoby\u0142 I miejsce w kategorii duety, a pani Wanda Ma\u0142ek zdoby\u0142a I miejsce w kategorii gaw\u0119dziarze. Ponadto w kategorii tw\u00f3rczo\u015b\u0107 poetycka Wanda Ma\u0142ek zdoby\u0142a wyr\u00f3\u017cnienie. Dodatkowo Jan Mielczarek otrzyma\u0142 podzi\u0119kowanie za dobre przygotowanie \u201eSerenady\u201d do przegl\u0105du tw\u00f3rczo\u015bci senior\u00f3w.<\/p>\n\n\n\n<p><em>(\u0179r\u00f3d\u0142o:UM Radomsko)<\/em><\/p>\n","protected":false},"excerpt":{"rendered":"<p>Prawdziwy deszcz nagr\u00f3d sp\u0142yn\u0105\u0142 w ostatnich dniach na zesp\u00f3\u0142 \u201eSerenada\u201d dzia\u0142aj\u0105cy przy Polskim Zwi\u0105zku Emeryt\u00f3w, Rencist\u00f3w i Inwalid\u00f3w Zarz\u0105d Rejonowy w Radomsku pod kierownictwem<\/p>\n","protected":false},"author":7,"featured_media":6286,"comment_status":"open","ping_status":"open","sticky":false,"template":"","format":"standard","meta":{"_monsterinsights_skip_tracking":false,"_monsterinsights_sitenote_active":false,"_monsterinsights_sitenote_note":"","_monsterinsights_sitenote_category":0,"_uf_show_specific_survey":0,"_uf_disable_surveys":false,"footnotes":""},"categories":[12,94,28,2],"tags":[],"class_list":["post-6284","post","type-post","status-publish","format-standard","has-post-thumbnail","hentry","category-kultura-i-rozrywka","category-polecane","category-radomsko","category-wiadomosci"],"_links":{"self":[{"href":"https:\/\/gazetaregionalna.com\/index.php?rest_route=\/wp\/v2\/posts\/6284","targetHints":{"allow":["GET"]}}],"collection":[{"href":"https:\/\/gazetaregionalna.com\/index.php?rest_route=\/wp\/v2\/posts"}],"about":[{"href":"https:\/\/gazetaregionalna.com\/index.php?rest_route=\/wp\/v2\/types\/post"}],"author":[{"embeddable":true,"href":"https:\/\/gazetaregionalna.com\/index.php?rest_route=\/wp\/v2\/users\/7"}],"replies":[{"embeddable":true,"href":"https:\/\/gazetaregionalna.com\/index.php?rest_route=%2Fwp%2Fv2%2Fcomments&post=6284"}],"version-history":[{"count":1,"href":"https:\/\/gazetaregionalna.com\/index.php?rest_route=\/wp\/v2\/posts\/6284\/revisions"}],"predecessor-version":[{"id":6287,"href":"https:\/\/gazetaregionalna.com\/index.php?rest_route=\/wp\/v2\/posts\/6284\/revisions\/6287"}],"wp:featuredmedia":[{"embeddable":true,"href":"https:\/\/gazetaregionalna.com\/index.php?rest_route=\/wp\/v2\/media\/6286"}],"wp:attachment":[{"href":"https:\/\/gazetaregionalna.com\/index.php?rest_route=%2Fwp%2Fv2%2Fmedia&parent=6284"}],"wp:term":[{"taxonomy":"category","embeddable":true,"href":"https:\/\/gazetaregionalna.com\/index.php?rest_route=%2Fwp%2Fv2%2Fcategories&post=6284"},{"taxonomy":"post_tag","embeddable":true,"href":"https:\/\/gazetaregionalna.com\/index.php?rest_route=%2Fwp%2Fv2%2Ftags&post=6284"}],"curies":[{"name":"wp","href":"https:\/\/api.w.org\/{rel}","templated":true}]}}