{"id":6280,"date":"2019-09-14T11:21:02","date_gmt":"2019-09-14T11:21:02","guid":{"rendered":"https:\/\/gazetaregionalna.com\/?p=6280"},"modified":"2019-09-14T11:21:05","modified_gmt":"2019-09-14T11:21:05","slug":"zeby-drogi-byly-bezpieczne","status":"publish","type":"post","link":"https:\/\/gazetaregionalna.com\/?p=6280","title":{"rendered":"\u017beby drogi by\u0142y bezpieczne"},"content":{"rendered":"\n<p>Jutro w Cz\u0119stochowie rusza akcja pod has\u0142em &#8222;Bezpiecznie na drodze&#8221;. Organizatorami kampanii s\u0105: Miejska Komisja Rozwi\u0105zywania Problem\u00f3w Alkoholowych, Gmina Miasto Cz\u0119stochowa, we wsp\u00f3\u0142pracy z Komend\u0105 Miejsk\u0105 Policji, Stra\u017c\u0105 Miejsk\u0105 i Wojew\u00f3dzkim O\u015brodkiem Ruchu Drogowego.<br> Kampania wpisuj\u0105ca si\u0119 w za\u0142o\u017cenia og\u00f3lnopolskiego programu ,,Powstrzymaj pijanego kierowc\u0119\u201d potrwa do 22 wrze\u015bnia. Dzia\u0142ania prowadzone w mie\u015bcie s\u0105 adresowane zar\u00f3wno do kierowc\u00f3w, jak i rowerzyst\u00f3w oraz pieszych.<br> Jutro na Promendzie Niemena mi\u0119dzy godzina 9 a 13 dzia\u0142ania edukacyjno-prewencyjne prowadzi\u0107 ma Wojew\u00f3dzki O\u015brodek Ruchu Drogowego oraz policja, kt\u00f3ra pojawi si\u0119 z popularn\u0105 maskotk\u0105 &#8211; Sznupkiem. Ka\u017cdy, kto b\u0119dzie chcia\u0142, mo\u017ce sprawdzi\u0107, u\u017cywaj\u0105c m.in. alkogogli, narkogogli oraz symulatora wypadkowego, jak zachowuje si\u0119 na drodze samoch\u00f3d prowadzony przez pijanego lub b\u0119d\u0105cego pod wp\u0142ywem narkotyk\u00f3w kierowcy. Organizatorzy akcji przypomn\u0105 r\u00f3wnie\u017c o podstawowych zasad bezpiecze\u0144stwa obowi\u0105zuj\u0105cych na drodze.<\/p>\n\n\n\n<figure class=\"wp-block-image\"><img decoding=\"async\" width=\"724\" height=\"1024\" data-src=\"https:\/\/gazetaregionalna.com\/wp-content\/uploads\/2019\/09\/plakat_droga_2_ostateczny-724x1024.jpg\" alt=\"\" class=\"wp-image-6281 lazyload\" data-srcset=\"https:\/\/gazetaregionalna.com\/wp-content\/uploads\/2019\/09\/plakat_droga_2_ostateczny-724x1024.jpg 724w, https:\/\/gazetaregionalna.com\/wp-content\/uploads\/2019\/09\/plakat_droga_2_ostateczny-212x300.jpg 212w, https:\/\/gazetaregionalna.com\/wp-content\/uploads\/2019\/09\/plakat_droga_2_ostateczny-768x1086.jpg 768w, https:\/\/gazetaregionalna.com\/wp-content\/uploads\/2019\/09\/plakat_droga_2_ostateczny-696x984.jpg 696w, https:\/\/gazetaregionalna.com\/wp-content\/uploads\/2019\/09\/plakat_droga_2_ostateczny-1068x1510.jpg 1068w, https:\/\/gazetaregionalna.com\/wp-content\/uploads\/2019\/09\/plakat_droga_2_ostateczny-297x420.jpg 297w, https:\/\/gazetaregionalna.com\/wp-content\/uploads\/2019\/09\/plakat_droga_2_ostateczny.jpg 1131w\" data-sizes=\"(max-width: 724px) 100vw, 724px\" src=\"data:image\/svg+xml;base64,PHN2ZyB3aWR0aD0iMSIgaGVpZ2h0PSIxIiB4bWxucz0iaHR0cDovL3d3dy53My5vcmcvMjAwMC9zdmciPjwvc3ZnPg==\" style=\"--smush-placeholder-width: 724px; --smush-placeholder-aspect-ratio: 724\/1024;\" \/><\/figure>\n\n\n\n<p><br> Podobna tematyka dominowa\u0107 b\u0119dzie w trakcie rozm\u00f3w policjant\u00f3w z mieszka\u0144cami Cz\u0119stochowy, a tak\u017ce uczniami cz\u0119stochowskich szk\u00f3\u0142. Mowa b\u0119dzie r\u00f3wnie\u017c o zagro\u017ceniu, jakim jest alkohol.<br> Do przysz\u0142ego weekendu organizatorzy akcji zapowiadaj\u0105 r\u00f3wnie\u017c wzmo\u017cone kontrole trze\u017awo\u015bci uczestnik\u00f3w ruchu drogowego, po\u0142\u0105czone z dystrybucj\u0105 jednorazowych alkomat\u00f3w \u2013 uproszczonych urz\u0105dze\u0144, kt\u00f3re nie pokazuj\u0105 dok\u0142adnej liczby promili, lecz jedynie informuj\u0105, czy osoba przekroczy\u0142a dopuszczaln\u0105 norm\u0119.<br> Na kolejn\u0105 sobot\u0119 i niedziel\u0119 natomiast zaplanowano akcj\u0119 pod has\u0142em: ,,Rowerem bezpiecznie\u201d, czyli patrole prewencyjne Policji i Stra\u017cy Miejskiej w Miejskim Parku im. Stanis\u0142awa Staszica, po\u0142\u0105czone z udzielaniem informacji o mo\u017cliwo\u015bci skorzystania z pomocy w przypadku problem\u00f3w z uzale\u017cnieniem i przemoc\u0105.<\/p>\n","protected":false},"excerpt":{"rendered":"<p>Jutro w Cz\u0119stochowie rusza akcja pod has\u0142em &#8222;Bezpiecznie na drodze&#8221;. Organizatorami kampanii s\u0105: Miejska Komisja Rozwi\u0105zywania Problem\u00f3w Alkoholowych, Gmina Miasto Cz\u0119stochowa, we wsp\u00f3\u0142pracy z<\/p>\n","protected":false},"author":7,"featured_media":6282,"comment_status":"open","ping_status":"open","sticky":false,"template":"","format":"standard","meta":{"_monsterinsights_skip_tracking":false,"_monsterinsights_sitenote_active":false,"_monsterinsights_sitenote_note":"","_monsterinsights_sitenote_category":0,"_uf_show_specific_survey":0,"_uf_disable_surveys":false,"footnotes":""},"categories":[44,3,94,2],"tags":[],"class_list":["post-6280","post","type-post","status-publish","format-standard","has-post-thumbnail","hentry","category-bezpieczenstwo","category-czestochowa-informacje","category-polecane","category-wiadomosci"],"_links":{"self":[{"href":"https:\/\/gazetaregionalna.com\/index.php?rest_route=\/wp\/v2\/posts\/6280","targetHints":{"allow":["GET"]}}],"collection":[{"href":"https:\/\/gazetaregionalna.com\/index.php?rest_route=\/wp\/v2\/posts"}],"about":[{"href":"https:\/\/gazetaregionalna.com\/index.php?rest_route=\/wp\/v2\/types\/post"}],"author":[{"embeddable":true,"href":"https:\/\/gazetaregionalna.com\/index.php?rest_route=\/wp\/v2\/users\/7"}],"replies":[{"embeddable":true,"href":"https:\/\/gazetaregionalna.com\/index.php?rest_route=%2Fwp%2Fv2%2Fcomments&post=6280"}],"version-history":[{"count":1,"href":"https:\/\/gazetaregionalna.com\/index.php?rest_route=\/wp\/v2\/posts\/6280\/revisions"}],"predecessor-version":[{"id":6283,"href":"https:\/\/gazetaregionalna.com\/index.php?rest_route=\/wp\/v2\/posts\/6280\/revisions\/6283"}],"wp:featuredmedia":[{"embeddable":true,"href":"https:\/\/gazetaregionalna.com\/index.php?rest_route=\/wp\/v2\/media\/6282"}],"wp:attachment":[{"href":"https:\/\/gazetaregionalna.com\/index.php?rest_route=%2Fwp%2Fv2%2Fmedia&parent=6280"}],"wp:term":[{"taxonomy":"category","embeddable":true,"href":"https:\/\/gazetaregionalna.com\/index.php?rest_route=%2Fwp%2Fv2%2Fcategories&post=6280"},{"taxonomy":"post_tag","embeddable":true,"href":"https:\/\/gazetaregionalna.com\/index.php?rest_route=%2Fwp%2Fv2%2Ftags&post=6280"}],"curies":[{"name":"wp","href":"https:\/\/api.w.org\/{rel}","templated":true}]}}