{"id":62531,"date":"2021-11-06T06:54:42","date_gmt":"2021-11-06T06:54:42","guid":{"rendered":"https:\/\/gazetaregionalna.com\/?p=62531"},"modified":"2021-11-06T06:57:21","modified_gmt":"2021-11-06T06:57:21","slug":"marsz-dla-izy-dzisiaj-takze-w-czestochowie","status":"publish","type":"post","link":"https:\/\/gazetaregionalna.com\/?p=62531","title":{"rendered":"Marsz dla Izy dzisiaj tak\u017ce w Cz\u0119stochowie"},"content":{"rendered":"\n<h2 class=\"wp-block-heading\">Na dzisiaj w kilkudziesi\u0119ciu miastach i miasteczkach w ca\u0142ej Polsce zapowiedziano protestacyjne marsze w zwi\u0105zku ze \u015bmierci\u0105 w pszczy\u0144skim szpitalu 30-letnej Izy. W Cz\u0119stochowie rozpocznie si\u0119 on o godzinie 15.30.<\/h2>\n\n\n\n<p>Organizatorzy protest\u00f3w chc\u0105 wyrazi\u0107 swoje oburzenie w zwi\u0105zku ze \u015bmierci\u0105 mieszkanki Pszczyny. Przypomnijmy: kobieta mia\u0142a umrze\u0107, gdy\u017c lekarze zamiast szybciej interweniowa\u0107, czekali na obumarcie jej p\u0142odu, boj\u0105c si\u0119  oskar\u017cenia o nielegalne przeprowadzenie aborcji.<\/p>\n\n\n\n<p>Win\u0105 za t\u0119 tragedi\u0119 obarcza si\u0119 ubieg\u0142oroczny wyrok Trybuna\u0142u Konstytucyjnego mgr Julii Przy\u0142\u0119bskiej zaostrzaj\u0105cy przepisy aborcyjne.<\/p>\n\n\n\n<p>Dzisiaj najwi\u0119ksza manifestacja ma si\u0119 odby\u0107 w Warszawie, w\u0142a\u015bnie przed siedzib\u0105 TK. O tej samej godzinie swoje protesty zapowiedzieli mieszka\u0144cy innych miast. Na t\u0119 chwil\u0119 wydarzenia zg\u0142oszono z ponad 50 miejscowo\u015bci.<\/p>\n\n\n\n<p>Cz\u0119stochowie protest pod has\u0142em <a href=\"https:\/\/www.facebook.com\/events\/571984720774387\/?__cft__%5b0%5d=AZW0ZYF0uPuZKjXt3HL3EUKtd09YUxZCCbrMwVPWRhZuhS3d7Q_qWXgUBTpcaIl_U2VoswgYFrmHaBqrh-4WKg4BJ_p1zEl-qvAKOTKb4uemW1W1yIamXzhUn9vyQjRdqyAfdHJRUUOAClrZK95sYKft&amp;__tn__=-UK-R\" target=\"_blank\" rel=\"noopener\">Ani jednej wi\u0119cej! Marsz dla Izy<\/a> &nbsp;rozpocznie si\u0119 o dzisiaj o godzinie 15. 30 na Placu Biega\u0144skiego. Podobnie, jak w innych miejscowo\u015bciach jego prosz\u0105, aby nie przynosi\u0107 &nbsp;\u017cadnych flag.<\/p>\n\n\n\n<p>&#8211; To nie miejsce i czas \u2013 czytamy na wydarzeniu utworzonym na Facebooku. &#8211; Prosimy o uszanowanie charakteru wydarzenia. &nbsp;Prosimy natomiast, aby\u015bcie wzi\u0119\u0142y\/li transparenty, znicze, kwiaty, zdj\u0119cia Izy i wszystko to czym chcecie wyrazi\u0107 swoje uczucia w tej sytuacji.<\/p>\n","protected":false},"excerpt":{"rendered":"<p>Na dzisiaj w kilkudziesi\u0119ciu miastach i miasteczkach w ca\u0142ej Polsce zapowiedziano protestacyjne marsze w zwi\u0105zku ze \u015bmierci\u0105 w pszczy\u0144skim szpitalu 30-letnej Izy. W Cz\u0119stochowie<\/p>\n","protected":false},"author":7,"featured_media":62533,"comment_status":"open","ping_status":"open","sticky":false,"template":"","format":"standard","meta":{"_monsterinsights_skip_tracking":false,"_monsterinsights_sitenote_active":false,"_monsterinsights_sitenote_note":"","_monsterinsights_sitenote_category":0,"_uf_show_specific_survey":0,"_uf_disable_surveys":false,"footnotes":""},"categories":[94,3,2],"tags":[],"class_list":["post-62531","post","type-post","status-publish","format-standard","has-post-thumbnail","hentry","category-polecane","category-czestochowa-informacje","category-wiadomosci"],"_links":{"self":[{"href":"https:\/\/gazetaregionalna.com\/index.php?rest_route=\/wp\/v2\/posts\/62531","targetHints":{"allow":["GET"]}}],"collection":[{"href":"https:\/\/gazetaregionalna.com\/index.php?rest_route=\/wp\/v2\/posts"}],"about":[{"href":"https:\/\/gazetaregionalna.com\/index.php?rest_route=\/wp\/v2\/types\/post"}],"author":[{"embeddable":true,"href":"https:\/\/gazetaregionalna.com\/index.php?rest_route=\/wp\/v2\/users\/7"}],"replies":[{"embeddable":true,"href":"https:\/\/gazetaregionalna.com\/index.php?rest_route=%2Fwp%2Fv2%2Fcomments&post=62531"}],"version-history":[{"count":4,"href":"https:\/\/gazetaregionalna.com\/index.php?rest_route=\/wp\/v2\/posts\/62531\/revisions"}],"predecessor-version":[{"id":62536,"href":"https:\/\/gazetaregionalna.com\/index.php?rest_route=\/wp\/v2\/posts\/62531\/revisions\/62536"}],"wp:featuredmedia":[{"embeddable":true,"href":"https:\/\/gazetaregionalna.com\/index.php?rest_route=\/wp\/v2\/media\/62533"}],"wp:attachment":[{"href":"https:\/\/gazetaregionalna.com\/index.php?rest_route=%2Fwp%2Fv2%2Fmedia&parent=62531"}],"wp:term":[{"taxonomy":"category","embeddable":true,"href":"https:\/\/gazetaregionalna.com\/index.php?rest_route=%2Fwp%2Fv2%2Fcategories&post=62531"},{"taxonomy":"post_tag","embeddable":true,"href":"https:\/\/gazetaregionalna.com\/index.php?rest_route=%2Fwp%2Fv2%2Ftags&post=62531"}],"curies":[{"name":"wp","href":"https:\/\/api.w.org\/{rel}","templated":true}]}}