{"id":62408,"date":"2021-11-05T08:56:38","date_gmt":"2021-11-05T08:56:38","guid":{"rendered":"https:\/\/gazetaregionalna.com\/?p=62408"},"modified":"2021-11-05T09:00:15","modified_gmt":"2021-11-05T09:00:15","slug":"miejskie-lodowisko-ma-wystartowac-15-listopada-warunek-jest-jednak-jeden-nie-moze-byc-za-cieplo","status":"publish","type":"post","link":"https:\/\/gazetaregionalna.com\/?p=62408","title":{"rendered":"Miejskie lodowisko ma wystartowa\u0107 15 listopada. Warunek jest jednak jeden \u2013 nie mo\u017ce by\u0107 za ciep\u0142o"},"content":{"rendered":"\n<h2 class=\"wp-block-heading\">Je\u017celi pogoda dopisze i b\u0119dzie odpowiednio ch\u0142odno, 15 listopada rozpocznie si\u0119 sezon na sztucznym lodowisku przy ul. Boya-\u017bele\u0144skiego w Cz\u0119stochowie. Tej zimy miasto nie planuje jednak stworzenia miejskiej \u015blizgawki w podjasnog\u00f3rskim parku.<\/h2>\n\n\n\n<p>Miejski O\u015brodek Sportu i Rekreacji w Cz\u0119stochowie szykuje si\u0119 na otwarcie sztucznego lodowiska przy ul. Boya-\u017bele\u0144skiego. Tafla lodowa ma by\u0107 dost\u0119pna dla mi\u0142o\u015bnik\u00f3w \u0142y\u017cew od poniedzia\u0142ku, 15 listopada. Aby jednak \u015blizgawka mog\u0142a by\u0107 otwarta, nie mo\u017ce by\u0107 za ciep\u0142o.<\/p>\n\n\n\n<p>W zwi\u0105zku ze zbli\u017caj\u0105cym si\u0119 sezonem, MOSiR przyjmuje ju\u017c zapisy na 2 tury<br>Szk\u00f3\u0142ki \u0141y\u017cwiarskiej dla dzieci w wieku 6-12 lat. Zaj\u0119cia obejm\u0105 nauk\u0119 jazdy na \u0142y\u017cwach od podstaw oraz kontynuacj\u0119 nauki rozpocz\u0119tej w latach poprzednich. Kurs prowadzony przez instruktor\u00f3w \u0142y\u017cwiarstwa obejmuje 8 godzin zaj\u0119\u0107 Zaj\u0119cia odbywa\u0107 si\u0119 b\u0119d\u0105 w soboty i niedziele o godz. 8.00 (2 grupy) i 9.00 (2 grupy) na Sztucznym Lodowisku przy ul. Boya &#8211; \u017bele\u0144skiego 6\/8.<\/p>\n\n\n\n<p>(fot. MOSiR)<\/p>\n","protected":false},"excerpt":{"rendered":"<p>Je\u017celi pogoda dopisze i b\u0119dzie odpowiednio ch\u0142odno, 15 listopada rozpocznie si\u0119 sezon na sztucznym lodowisku przy ul. Boya-\u017bele\u0144skiego w Cz\u0119stochowie. Tej zimy miasto nie<\/p>\n","protected":false},"author":7,"featured_media":62410,"comment_status":"open","ping_status":"open","sticky":false,"template":"","format":"standard","meta":{"_monsterinsights_skip_tracking":false,"_monsterinsights_sitenote_active":false,"_monsterinsights_sitenote_note":"","_monsterinsights_sitenote_category":0,"_uf_show_specific_survey":0,"_uf_disable_surveys":false,"footnotes":""},"categories":[94,3,2],"tags":[],"class_list":["post-62408","post","type-post","status-publish","format-standard","has-post-thumbnail","hentry","category-polecane","category-czestochowa-informacje","category-wiadomosci"],"_links":{"self":[{"href":"https:\/\/gazetaregionalna.com\/index.php?rest_route=\/wp\/v2\/posts\/62408","targetHints":{"allow":["GET"]}}],"collection":[{"href":"https:\/\/gazetaregionalna.com\/index.php?rest_route=\/wp\/v2\/posts"}],"about":[{"href":"https:\/\/gazetaregionalna.com\/index.php?rest_route=\/wp\/v2\/types\/post"}],"author":[{"embeddable":true,"href":"https:\/\/gazetaregionalna.com\/index.php?rest_route=\/wp\/v2\/users\/7"}],"replies":[{"embeddable":true,"href":"https:\/\/gazetaregionalna.com\/index.php?rest_route=%2Fwp%2Fv2%2Fcomments&post=62408"}],"version-history":[{"count":3,"href":"https:\/\/gazetaregionalna.com\/index.php?rest_route=\/wp\/v2\/posts\/62408\/revisions"}],"predecessor-version":[{"id":62413,"href":"https:\/\/gazetaregionalna.com\/index.php?rest_route=\/wp\/v2\/posts\/62408\/revisions\/62413"}],"wp:featuredmedia":[{"embeddable":true,"href":"https:\/\/gazetaregionalna.com\/index.php?rest_route=\/wp\/v2\/media\/62410"}],"wp:attachment":[{"href":"https:\/\/gazetaregionalna.com\/index.php?rest_route=%2Fwp%2Fv2%2Fmedia&parent=62408"}],"wp:term":[{"taxonomy":"category","embeddable":true,"href":"https:\/\/gazetaregionalna.com\/index.php?rest_route=%2Fwp%2Fv2%2Fcategories&post=62408"},{"taxonomy":"post_tag","embeddable":true,"href":"https:\/\/gazetaregionalna.com\/index.php?rest_route=%2Fwp%2Fv2%2Ftags&post=62408"}],"curies":[{"name":"wp","href":"https:\/\/api.w.org\/{rel}","templated":true}]}}