{"id":62362,"date":"2021-11-05T08:15:12","date_gmt":"2021-11-05T08:15:12","guid":{"rendered":"https:\/\/gazetaregionalna.com\/?p=62362"},"modified":"2021-11-05T09:05:22","modified_gmt":"2021-11-05T09:05:22","slug":"policja-zatrzymala-jednego-z-czterech-mezczyzn-ktorzy-ukradli-defibrylator","status":"publish","type":"post","link":"https:\/\/gazetaregionalna.com\/?p=62362","title":{"rendered":"Policja zatrzyma\u0142a jednego z czterech m\u0119\u017cczyzn, kt\u00f3rzy ukradli defibrylator"},"content":{"rendered":"\n<h2 class=\"wp-block-heading\">Policja zatrzyma\u0142a jednego z czterech m\u0119\u017cczyzn, kt\u00f3rzy ukradli defibrylator. To 22-letni mieszkaniec Cz\u0119stochowy. Jak przekaza\u0142a Komenda Miejska Policji w Cz\u0119stochowie, schwytanie jego koleg\u00f3w to tylko kwestia czasu.<\/h2>\n\n\n\n<p>Defibrylator zamontowany na \u015bcianie budynku firmy Exact Systems przy ulicy Focha w Cz\u0119stochowie zosta\u0142a skradziony 3 listopada.<\/p>\n\n\n\n<p>O sprawie pisali\u015bmy tutaj:<\/p>\n\n\n\n<figure class=\"wp-block-embed is-type-wp-embed is-provider-gazeta-regionalna wp-block-embed-gazeta-regionalna\"><div class=\"wp-block-embed__wrapper\">\n<div class=\"fitvids-video\"><blockquote class=\"wp-embedded-content\" data-secret=\"RnREQPv3bt\"><a href=\"https:\/\/gazetaregionalna.com\/kradziez-defibrylatora-sprzed-exact-systems\/\">Kradzie\u017c defibrylatora sprzed biura Exact Systems. Z\u0142odzieje poszukiwani!<\/a><\/blockquote><iframe class=\"wp-embedded-content lazyload\" sandbox=\"allow-scripts\" security=\"restricted\" style=\"position: absolute; clip: rect(1px, 1px, 1px, 1px);\" title=\"&#8222;Kradzie\u017c defibrylatora sprzed biura Exact Systems. Z\u0142odzieje poszukiwani!&#8221; &#8212; Gazeta Regionalna\" data-src=\"https:\/\/gazetaregionalna.com\/kradziez-defibrylatora-sprzed-exact-systems\/embed\/#?secret=f51W3CQpcs#?secret=RnREQPv3bt\" data-secret=\"RnREQPv3bt\" width=\"600\" height=\"338\" frameborder=\"0\" marginwidth=\"0\" marginheight=\"0\" scrolling=\"no\" src=\"data:image\/svg+xml;base64,PHN2ZyB3aWR0aD0iMSIgaGVpZ2h0PSIxIiB4bWxucz0iaHR0cDovL3d3dy53My5vcmcvMjAwMC9zdmciPjwvc3ZnPg==\" data-load-mode=\"1\"><\/iframe><\/div>\n<\/div><\/figure>\n\n\n\n<p>Ca\u0142e zdarzenie zosta\u0142o utrwalone dzi\u0119ki monitoringowi firmy. Na nagraniu wida\u0107, jak czterech m\u0142odych m\u0119\u017cczyzn zabiera defibrylator, maj\u0105c przy tym niez\u0142\u0105 zabaw\u0119. W\u0142a\u015bnie dzi\u0119ki temu nagraniu policja natrafi\u0142a na \u015blad z\u0142odziei.<\/p>\n\n\n\n<p>Podejrzany o udzia\u0142 w tym zdarzeniu 22-letni cz\u0119stochowianin zosta\u0142 zatrzymany przez policj\u0119. W chwili zatrzymania by\u0142 pijany.<\/p>\n\n\n\n<p>Nast\u0119pnego dnia, po wytrze\u017awieniu przyzna\u0142 si\u0119 do winy i t\u0142umaczy\u0142, \u017ce wsp\u00f3lnie z kolegami ukrad\u0142 AED z zamiarem jego p\u00f3\u017aniejszego sprzedania. M\u0142ody m\u0119\u017cczyzna us\u0142ysza\u0142 prokuratorski zarzut i zosta\u0142 obj\u0119ty policyjnym dozorem. Za kradzie\u017c z w\u0142amaniem grozi mu do 10 lat wi\u0119zienia. Policjanci s\u0105 ju\u017c na tropie wsp\u00f3lnik\u00f3w 22-latka. Do tej pory nie uda\u0142o si\u0119 odnale\u017a\u0107 skradzionego sprz\u0119tu medycznego. Policja nadal go szuka.<\/p>\n\n\n\n<p>Automatyczny Defibrylator Zewn\u0119trzny (AED) to urz\u0105dzenie ratuj\u0105ce \u017cycie cz\u0142owieka, u kt\u00f3rego dosz\u0142o do nag\u0142ego zatrzymania kr\u0105\u017cenia i kt\u00f3rego u\u017cycie w ci\u0105gu 3 do 5 minut od utraty przytomno\u015bci daje nawet 70% szansy na prze\u017cycie. Ta aparatura, \u0142atwa w obs\u0142udze nawet przez osoby nie znaj\u0105ce si\u0119 na medycynie, ma pom\u00f3c w akcji ratowniczej zanim chorym zajmie si\u0119 wezwane na pomoc pogotowie.<\/p>\n","protected":false},"excerpt":{"rendered":"<p>Policja zatrzyma\u0142a jednego z czterech m\u0119\u017cczyzn, kt\u00f3rzy ukradli defibrylator. To 22-letni mieszkaniec Cz\u0119stochowy. Jak przekaza\u0142a Komenda Miejska Policji w Cz\u0119stochowie, schwytanie jego koleg\u00f3w to<\/p>\n","protected":false},"author":7,"featured_media":62369,"comment_status":"open","ping_status":"open","sticky":false,"template":"","format":"standard","meta":{"_monsterinsights_skip_tracking":false,"_monsterinsights_sitenote_active":false,"_monsterinsights_sitenote_note":"","_monsterinsights_sitenote_category":0,"_uf_show_specific_survey":0,"_uf_disable_surveys":false,"footnotes":""},"categories":[94,3,2],"tags":[],"class_list":["post-62362","post","type-post","status-publish","format-standard","has-post-thumbnail","hentry","category-polecane","category-czestochowa-informacje","category-wiadomosci"],"_links":{"self":[{"href":"https:\/\/gazetaregionalna.com\/index.php?rest_route=\/wp\/v2\/posts\/62362","targetHints":{"allow":["GET"]}}],"collection":[{"href":"https:\/\/gazetaregionalna.com\/index.php?rest_route=\/wp\/v2\/posts"}],"about":[{"href":"https:\/\/gazetaregionalna.com\/index.php?rest_route=\/wp\/v2\/types\/post"}],"author":[{"embeddable":true,"href":"https:\/\/gazetaregionalna.com\/index.php?rest_route=\/wp\/v2\/users\/7"}],"replies":[{"embeddable":true,"href":"https:\/\/gazetaregionalna.com\/index.php?rest_route=%2Fwp%2Fv2%2Fcomments&post=62362"}],"version-history":[{"count":4,"href":"https:\/\/gazetaregionalna.com\/index.php?rest_route=\/wp\/v2\/posts\/62362\/revisions"}],"predecessor-version":[{"id":62415,"href":"https:\/\/gazetaregionalna.com\/index.php?rest_route=\/wp\/v2\/posts\/62362\/revisions\/62415"}],"wp:featuredmedia":[{"embeddable":true,"href":"https:\/\/gazetaregionalna.com\/index.php?rest_route=\/wp\/v2\/media\/62369"}],"wp:attachment":[{"href":"https:\/\/gazetaregionalna.com\/index.php?rest_route=%2Fwp%2Fv2%2Fmedia&parent=62362"}],"wp:term":[{"taxonomy":"category","embeddable":true,"href":"https:\/\/gazetaregionalna.com\/index.php?rest_route=%2Fwp%2Fv2%2Fcategories&post=62362"},{"taxonomy":"post_tag","embeddable":true,"href":"https:\/\/gazetaregionalna.com\/index.php?rest_route=%2Fwp%2Fv2%2Ftags&post=62362"}],"curies":[{"name":"wp","href":"https:\/\/api.w.org\/{rel}","templated":true}]}}