{"id":62132,"date":"2021-11-03T18:26:09","date_gmt":"2021-11-03T18:26:09","guid":{"rendered":"https:\/\/gazetaregionalna.com\/?p=62132"},"modified":"2021-11-03T18:26:10","modified_gmt":"2021-11-03T18:26:10","slug":"kowalski-do-wroclawia-ale-dzialacze-wlokniarza-pozyskali-utalentowanego-juniora","status":"publish","type":"post","link":"https:\/\/gazetaregionalna.com\/?p=62132","title":{"rendered":"Kowalski do Wroc\u0142awia, ale dzia\u0142acze W\u0142\u00f3kniarza pozyskali utalentowanego juniora"},"content":{"rendered":"\n<p>Marcel Kowolik zasili formacj\u0119 juniorsk\u0105 we W\u0142\u00f3kniarzu Cz\u0119stochowa. Do cz\u0119stochowskiego klubu przeni\u00f3s\u0142 si\u0119 z Rybek Rybnik.<\/p>\n\n\n\n<p>Od 1 listopada trwa okienko transferowe w polskim \u017cu\u017clu. Na gie\u0142dzie pojawi\u0142y si\u0119 ju\u017c pierwsze transfery. Wiadomo, \u017ce we W\u0142\u00f3kniarzu kibice w nadchodz\u0105cym sezonie nie zobacz\u0105 Bart\u0142omieja Kowalskiego, kt\u00f3ry przeni\u00f3s\u0142 si\u0119 do Betard Sparty Wroc\u0142aw.<\/p>\n\n\n\n<p>Dzia\u0142acze W\u0142\u00f3kniarza pozyskali utalentowanego Marcela Kowolika, kt\u00f3ry pierwsze k\u00f3\u0142ka kr\u0119ci\u0142 w zespole Rybki Rybnik. Teraz ma si\u0119 rozwija\u0107 w Cz\u0119stochowie pod okiem trenera S\u0142awomira Drabika.<\/p>\n\n\n\n<p>Umowa z Kowolikiem b\u0119dzie obowi\u0105zywa\u0107 do ko\u0144ca wieku juniorskiego.<\/p>\n\n\n\n<p>Kilka dni temu dzia\u0142acze W\u0142\u00f3kniarza poinformowali, \u017ce do dru\u017cyny U24 pozyskali pochodz\u0105cego z Ukrainy Andrieja Rozaliuka. Przypomnijmy, \u017ce od sezonu 2022 ka\u017cdy klub w PGE Ekstralidze b\u0119dzie musia\u0142 wystawi\u0107 dru\u017cyn\u0119 U24. Rozgrywki w lidze U24 b\u0119d\u0105 rozgrywane ka\u017cdy z ka\u017cdym, a po rundzie zasadniczej dwie najlepsze dru\u017cyny pojad\u0105 w finale.<\/p>\n\n\n\n<p>AK<\/p>\n\n\n\n<p>Foto: AK<\/p>\n\n\n\n<figure class=\"wp-block-image size-large\"><img decoding=\"async\" width=\"1024\" height=\"445\" data-src=\"https:\/\/gazetaregionalna.com\/wp-content\/uploads\/2021\/11\/Kowolik-1024x445.jpg\" alt=\"\" class=\"wp-image-62133 lazyload\" data-srcset=\"https:\/\/gazetaregionalna.com\/wp-content\/uploads\/2021\/11\/Kowolik-1024x445.jpg 1024w, https:\/\/gazetaregionalna.com\/wp-content\/uploads\/2021\/11\/Kowolik-300x131.jpg 300w, https:\/\/gazetaregionalna.com\/wp-content\/uploads\/2021\/11\/Kowolik-768x334.jpg 768w, https:\/\/gazetaregionalna.com\/wp-content\/uploads\/2021\/11\/Kowolik-1536x668.jpg 1536w, https:\/\/gazetaregionalna.com\/wp-content\/uploads\/2021\/11\/Kowolik-696x303.jpg 696w, https:\/\/gazetaregionalna.com\/wp-content\/uploads\/2021\/11\/Kowolik-1068x465.jpg 1068w, https:\/\/gazetaregionalna.com\/wp-content\/uploads\/2021\/11\/Kowolik-1920x835.jpg 1920w, https:\/\/gazetaregionalna.com\/wp-content\/uploads\/2021\/11\/Kowolik-966x420.jpg 966w, https:\/\/gazetaregionalna.com\/wp-content\/uploads\/2021\/11\/Kowolik.jpg 1600w\" data-sizes=\"(max-width: 1024px) 100vw, 1024px\" src=\"data:image\/svg+xml;base64,PHN2ZyB3aWR0aD0iMSIgaGVpZ2h0PSIxIiB4bWxucz0iaHR0cDovL3d3dy53My5vcmcvMjAwMC9zdmciPjwvc3ZnPg==\" style=\"--smush-placeholder-width: 1024px; --smush-placeholder-aspect-ratio: 1024\/445;\" \/><\/figure>\n\n\n\n<figure class=\"wp-block-image size-large\"><img decoding=\"async\" width=\"300\" height=\"250\" data-src=\"https:\/\/gazetaregionalna.com\/wp-content\/uploads\/2021\/10\/DMKInvest2.jpg\" alt=\"\" class=\"wp-image-58380 lazyload\" src=\"data:image\/svg+xml;base64,PHN2ZyB3aWR0aD0iMSIgaGVpZ2h0PSIxIiB4bWxucz0iaHR0cDovL3d3dy53My5vcmcvMjAwMC9zdmciPjwvc3ZnPg==\" style=\"--smush-placeholder-width: 300px; --smush-placeholder-aspect-ratio: 300\/250;\"><\/figure>\n","protected":false},"excerpt":{"rendered":"<p>Marcel Kowolik zasili formacj\u0119 juniorsk\u0105 we W\u0142\u00f3kniarzu Cz\u0119stochowa. Do cz\u0119stochowskiego klubu przeni\u00f3s\u0142 si\u0119 z Rybek Rybnik. Od 1 listopada trwa okienko transferowe w polskim<\/p>\n","protected":false},"author":15,"featured_media":62133,"comment_status":"open","ping_status":"open","sticky":false,"template":"","format":"standard","meta":{"_monsterinsights_skip_tracking":false,"_monsterinsights_sitenote_active":false,"_monsterinsights_sitenote_note":"","_monsterinsights_sitenote_category":0,"_uf_show_specific_survey":0,"_uf_disable_surveys":false,"footnotes":""},"categories":[5,7],"tags":[],"class_list":["post-62132","post","type-post","status-publish","format-standard","has-post-thumbnail","hentry","category-sport","category-zuzel"],"_links":{"self":[{"href":"https:\/\/gazetaregionalna.com\/index.php?rest_route=\/wp\/v2\/posts\/62132","targetHints":{"allow":["GET"]}}],"collection":[{"href":"https:\/\/gazetaregionalna.com\/index.php?rest_route=\/wp\/v2\/posts"}],"about":[{"href":"https:\/\/gazetaregionalna.com\/index.php?rest_route=\/wp\/v2\/types\/post"}],"author":[{"embeddable":true,"href":"https:\/\/gazetaregionalna.com\/index.php?rest_route=\/wp\/v2\/users\/15"}],"replies":[{"embeddable":true,"href":"https:\/\/gazetaregionalna.com\/index.php?rest_route=%2Fwp%2Fv2%2Fcomments&post=62132"}],"version-history":[{"count":1,"href":"https:\/\/gazetaregionalna.com\/index.php?rest_route=\/wp\/v2\/posts\/62132\/revisions"}],"predecessor-version":[{"id":62134,"href":"https:\/\/gazetaregionalna.com\/index.php?rest_route=\/wp\/v2\/posts\/62132\/revisions\/62134"}],"wp:featuredmedia":[{"embeddable":true,"href":"https:\/\/gazetaregionalna.com\/index.php?rest_route=\/wp\/v2\/media\/62133"}],"wp:attachment":[{"href":"https:\/\/gazetaregionalna.com\/index.php?rest_route=%2Fwp%2Fv2%2Fmedia&parent=62132"}],"wp:term":[{"taxonomy":"category","embeddable":true,"href":"https:\/\/gazetaregionalna.com\/index.php?rest_route=%2Fwp%2Fv2%2Fcategories&post=62132"},{"taxonomy":"post_tag","embeddable":true,"href":"https:\/\/gazetaregionalna.com\/index.php?rest_route=%2Fwp%2Fv2%2Ftags&post=62132"}],"curies":[{"name":"wp","href":"https:\/\/api.w.org\/{rel}","templated":true}]}}