{"id":61296,"date":"2021-10-27T19:48:44","date_gmt":"2021-10-27T19:48:44","guid":{"rendered":"https:\/\/gazetaregionalna.com\/?p=61296"},"modified":"2021-10-27T19:50:42","modified_gmt":"2021-10-27T19:50:42","slug":"zielone-swiatlo-w-obronie-uchodzcow","status":"publish","type":"post","link":"https:\/\/gazetaregionalna.com\/?p=61296","title":{"rendered":"Zielone \u015bwiat\u0142o w obronie uchod\u017ac\u00f3w"},"content":{"rendered":"\n<h2 class=\"wp-block-heading\">Kilkana\u015bcie os\u00f3b  zapali\u0142o dzisiaj wieczorem zielone \u015bwiat\u0142a w obronie uchod\u017ac\u00f3w. Protest przygotowa\u0142 Strajk Kobiet.<\/h2>\n\n\n\n<figure class=\"wp-block-gallery columns-3 is-cropped wp-block-gallery-1 is-layout-flex wp-block-gallery-is-layout-flex\"><ul class=\"blocks-gallery-grid\"><li class=\"blocks-gallery-item\"><figure><a href=\"https:\/\/gazetaregionalna.com\/wp-content\/uploads\/2021\/10\/IMG_20211027_201146462-scaled.jpg\"><img decoding=\"async\" width=\"1024\" height=\"768\" data-src=\"https:\/\/gazetaregionalna.com\/wp-content\/uploads\/2021\/10\/IMG_20211027_201146462-1024x768.jpg\" alt=\"\" data-id=\"61299\" data-full-url=\"https:\/\/gazetaregionalna.com\/wp-content\/uploads\/2021\/10\/IMG_20211027_201146462-scaled.jpg\" data-link=\"https:\/\/gazetaregionalna.com\/?attachment_id=61299\" class=\"wp-image-61299 lazyload\" data-srcset=\"https:\/\/gazetaregionalna.com\/wp-content\/uploads\/2021\/10\/IMG_20211027_201146462-1024x768.jpg 1024w, https:\/\/gazetaregionalna.com\/wp-content\/uploads\/2021\/10\/IMG_20211027_201146462-300x225.jpg 300w, https:\/\/gazetaregionalna.com\/wp-content\/uploads\/2021\/10\/IMG_20211027_201146462-768x576.jpg 768w, https:\/\/gazetaregionalna.com\/wp-content\/uploads\/2021\/10\/IMG_20211027_201146462-1536x1152.jpg 1536w, https:\/\/gazetaregionalna.com\/wp-content\/uploads\/2021\/10\/IMG_20211027_201146462-2048x1536.jpg 2048w, https:\/\/gazetaregionalna.com\/wp-content\/uploads\/2021\/10\/IMG_20211027_201146462-696x522.jpg 696w, https:\/\/gazetaregionalna.com\/wp-content\/uploads\/2021\/10\/IMG_20211027_201146462-1068x801.jpg 1068w, https:\/\/gazetaregionalna.com\/wp-content\/uploads\/2021\/10\/IMG_20211027_201146462-1920x1440.jpg 1920w, https:\/\/gazetaregionalna.com\/wp-content\/uploads\/2021\/10\/IMG_20211027_201146462-560x420.jpg 560w, https:\/\/gazetaregionalna.com\/wp-content\/uploads\/2021\/10\/IMG_20211027_201146462-80x60.jpg 80w, https:\/\/gazetaregionalna.com\/wp-content\/uploads\/2021\/10\/IMG_20211027_201146462-265x198.jpg 265w, https:\/\/gazetaregionalna.com\/wp-content\/uploads\/2021\/10\/IMG_20211027_201146462-scaled.jpg 1600w\" data-sizes=\"(max-width: 1024px) 100vw, 1024px\" src=\"data:image\/svg+xml;base64,PHN2ZyB3aWR0aD0iMSIgaGVpZ2h0PSIxIiB4bWxucz0iaHR0cDovL3d3dy53My5vcmcvMjAwMC9zdmciPjwvc3ZnPg==\" style=\"--smush-placeholder-width: 1024px; --smush-placeholder-aspect-ratio: 1024\/768;\" \/><\/a><\/figure><\/li><li class=\"blocks-gallery-item\"><figure><a href=\"https:\/\/gazetaregionalna.com\/wp-content\/uploads\/2021\/10\/IMG_20211027_200955704-scaled.jpg\"><img decoding=\"async\" width=\"1024\" height=\"768\" data-src=\"https:\/\/gazetaregionalna.com\/wp-content\/uploads\/2021\/10\/IMG_20211027_200955704-1024x768.jpg\" alt=\"\" data-id=\"61300\" data-full-url=\"https:\/\/gazetaregionalna.com\/wp-content\/uploads\/2021\/10\/IMG_20211027_200955704-scaled.jpg\" data-link=\"https:\/\/gazetaregionalna.com\/?attachment_id=61300\" class=\"wp-image-61300 lazyload\" data-srcset=\"https:\/\/gazetaregionalna.com\/wp-content\/uploads\/2021\/10\/IMG_20211027_200955704-1024x768.jpg 1024w, https:\/\/gazetaregionalna.com\/wp-content\/uploads\/2021\/10\/IMG_20211027_200955704-300x225.jpg 300w, https:\/\/gazetaregionalna.com\/wp-content\/uploads\/2021\/10\/IMG_20211027_200955704-768x576.jpg 768w, https:\/\/gazetaregionalna.com\/wp-content\/uploads\/2021\/10\/IMG_20211027_200955704-1536x1152.jpg 1536w, https:\/\/gazetaregionalna.com\/wp-content\/uploads\/2021\/10\/IMG_20211027_200955704-2048x1536.jpg 2048w, https:\/\/gazetaregionalna.com\/wp-content\/uploads\/2021\/10\/IMG_20211027_200955704-696x522.jpg 696w, https:\/\/gazetaregionalna.com\/wp-content\/uploads\/2021\/10\/IMG_20211027_200955704-1068x801.jpg 1068w, https:\/\/gazetaregionalna.com\/wp-content\/uploads\/2021\/10\/IMG_20211027_200955704-1920x1440.jpg 1920w, https:\/\/gazetaregionalna.com\/wp-content\/uploads\/2021\/10\/IMG_20211027_200955704-560x420.jpg 560w, https:\/\/gazetaregionalna.com\/wp-content\/uploads\/2021\/10\/IMG_20211027_200955704-80x60.jpg 80w, https:\/\/gazetaregionalna.com\/wp-content\/uploads\/2021\/10\/IMG_20211027_200955704-265x198.jpg 265w, https:\/\/gazetaregionalna.com\/wp-content\/uploads\/2021\/10\/IMG_20211027_200955704-scaled.jpg 1600w\" data-sizes=\"(max-width: 1024px) 100vw, 1024px\" src=\"data:image\/svg+xml;base64,PHN2ZyB3aWR0aD0iMSIgaGVpZ2h0PSIxIiB4bWxucz0iaHR0cDovL3d3dy53My5vcmcvMjAwMC9zdmciPjwvc3ZnPg==\" style=\"--smush-placeholder-width: 1024px; --smush-placeholder-aspect-ratio: 1024\/768;\" \/><\/a><\/figure><\/li><li class=\"blocks-gallery-item\"><figure><a href=\"https:\/\/gazetaregionalna.com\/wp-content\/uploads\/2021\/10\/IMG_20211027_200952700-scaled.jpg\"><img decoding=\"async\" width=\"1024\" height=\"768\" data-src=\"https:\/\/gazetaregionalna.com\/wp-content\/uploads\/2021\/10\/IMG_20211027_200952700-1024x768.jpg\" alt=\"\" data-id=\"61301\" data-full-url=\"https:\/\/gazetaregionalna.com\/wp-content\/uploads\/2021\/10\/IMG_20211027_200952700-scaled.jpg\" data-link=\"https:\/\/gazetaregionalna.com\/?attachment_id=61301\" class=\"wp-image-61301 lazyload\" data-srcset=\"https:\/\/gazetaregionalna.com\/wp-content\/uploads\/2021\/10\/IMG_20211027_200952700-1024x768.jpg 1024w, https:\/\/gazetaregionalna.com\/wp-content\/uploads\/2021\/10\/IMG_20211027_200952700-300x225.jpg 300w, https:\/\/gazetaregionalna.com\/wp-content\/uploads\/2021\/10\/IMG_20211027_200952700-768x576.jpg 768w, https:\/\/gazetaregionalna.com\/wp-content\/uploads\/2021\/10\/IMG_20211027_200952700-1536x1152.jpg 1536w, https:\/\/gazetaregionalna.com\/wp-content\/uploads\/2021\/10\/IMG_20211027_200952700-2048x1536.jpg 2048w, https:\/\/gazetaregionalna.com\/wp-content\/uploads\/2021\/10\/IMG_20211027_200952700-696x522.jpg 696w, https:\/\/gazetaregionalna.com\/wp-content\/uploads\/2021\/10\/IMG_20211027_200952700-1068x801.jpg 1068w, https:\/\/gazetaregionalna.com\/wp-content\/uploads\/2021\/10\/IMG_20211027_200952700-1920x1440.jpg 1920w, https:\/\/gazetaregionalna.com\/wp-content\/uploads\/2021\/10\/IMG_20211027_200952700-560x420.jpg 560w, https:\/\/gazetaregionalna.com\/wp-content\/uploads\/2021\/10\/IMG_20211027_200952700-80x60.jpg 80w, https:\/\/gazetaregionalna.com\/wp-content\/uploads\/2021\/10\/IMG_20211027_200952700-265x198.jpg 265w, https:\/\/gazetaregionalna.com\/wp-content\/uploads\/2021\/10\/IMG_20211027_200952700-scaled.jpg 1600w\" data-sizes=\"(max-width: 1024px) 100vw, 1024px\" src=\"data:image\/svg+xml;base64,PHN2ZyB3aWR0aD0iMSIgaGVpZ2h0PSIxIiB4bWxucz0iaHR0cDovL3d3dy53My5vcmcvMjAwMC9zdmciPjwvc3ZnPg==\" style=\"--smush-placeholder-width: 1024px; --smush-placeholder-aspect-ratio: 1024\/768;\" \/><\/a><\/figure><\/li><li class=\"blocks-gallery-item\"><figure><a href=\"https:\/\/gazetaregionalna.com\/wp-content\/uploads\/2021\/10\/IMG_20211027_200438299-scaled.jpg\"><img decoding=\"async\" width=\"1024\" height=\"768\" data-src=\"https:\/\/gazetaregionalna.com\/wp-content\/uploads\/2021\/10\/IMG_20211027_200438299-1024x768.jpg\" alt=\"\" data-id=\"61302\" data-full-url=\"https:\/\/gazetaregionalna.com\/wp-content\/uploads\/2021\/10\/IMG_20211027_200438299-scaled.jpg\" data-link=\"https:\/\/gazetaregionalna.com\/?attachment_id=61302\" class=\"wp-image-61302 lazyload\" data-srcset=\"https:\/\/gazetaregionalna.com\/wp-content\/uploads\/2021\/10\/IMG_20211027_200438299-1024x768.jpg 1024w, https:\/\/gazetaregionalna.com\/wp-content\/uploads\/2021\/10\/IMG_20211027_200438299-300x225.jpg 300w, https:\/\/gazetaregionalna.com\/wp-content\/uploads\/2021\/10\/IMG_20211027_200438299-768x576.jpg 768w, https:\/\/gazetaregionalna.com\/wp-content\/uploads\/2021\/10\/IMG_20211027_200438299-1536x1152.jpg 1536w, https:\/\/gazetaregionalna.com\/wp-content\/uploads\/2021\/10\/IMG_20211027_200438299-2048x1536.jpg 2048w, https:\/\/gazetaregionalna.com\/wp-content\/uploads\/2021\/10\/IMG_20211027_200438299-696x522.jpg 696w, https:\/\/gazetaregionalna.com\/wp-content\/uploads\/2021\/10\/IMG_20211027_200438299-1068x801.jpg 1068w, https:\/\/gazetaregionalna.com\/wp-content\/uploads\/2021\/10\/IMG_20211027_200438299-1920x1440.jpg 1920w, https:\/\/gazetaregionalna.com\/wp-content\/uploads\/2021\/10\/IMG_20211027_200438299-560x420.jpg 560w, https:\/\/gazetaregionalna.com\/wp-content\/uploads\/2021\/10\/IMG_20211027_200438299-80x60.jpg 80w, https:\/\/gazetaregionalna.com\/wp-content\/uploads\/2021\/10\/IMG_20211027_200438299-265x198.jpg 265w, https:\/\/gazetaregionalna.com\/wp-content\/uploads\/2021\/10\/IMG_20211027_200438299-scaled.jpg 1600w\" data-sizes=\"(max-width: 1024px) 100vw, 1024px\" src=\"data:image\/svg+xml;base64,PHN2ZyB3aWR0aD0iMSIgaGVpZ2h0PSIxIiB4bWxucz0iaHR0cDovL3d3dy53My5vcmcvMjAwMC9zdmciPjwvc3ZnPg==\" style=\"--smush-placeholder-width: 1024px; --smush-placeholder-aspect-ratio: 1024\/768;\" \/><\/a><\/figure><\/li><li class=\"blocks-gallery-item\"><figure><a href=\"https:\/\/gazetaregionalna.com\/wp-content\/uploads\/2021\/10\/IMG_20211027_200429347-scaled.jpg\"><img decoding=\"async\" width=\"1024\" height=\"768\" data-src=\"https:\/\/gazetaregionalna.com\/wp-content\/uploads\/2021\/10\/IMG_20211027_200429347-1024x768.jpg\" alt=\"\" data-id=\"61303\" data-full-url=\"https:\/\/gazetaregionalna.com\/wp-content\/uploads\/2021\/10\/IMG_20211027_200429347-scaled.jpg\" data-link=\"https:\/\/gazetaregionalna.com\/?attachment_id=61303\" class=\"wp-image-61303 lazyload\" data-srcset=\"https:\/\/gazetaregionalna.com\/wp-content\/uploads\/2021\/10\/IMG_20211027_200429347-1024x768.jpg 1024w, https:\/\/gazetaregionalna.com\/wp-content\/uploads\/2021\/10\/IMG_20211027_200429347-300x225.jpg 300w, https:\/\/gazetaregionalna.com\/wp-content\/uploads\/2021\/10\/IMG_20211027_200429347-768x576.jpg 768w, https:\/\/gazetaregionalna.com\/wp-content\/uploads\/2021\/10\/IMG_20211027_200429347-1536x1152.jpg 1536w, https:\/\/gazetaregionalna.com\/wp-content\/uploads\/2021\/10\/IMG_20211027_200429347-2048x1536.jpg 2048w, https:\/\/gazetaregionalna.com\/wp-content\/uploads\/2021\/10\/IMG_20211027_200429347-696x522.jpg 696w, https:\/\/gazetaregionalna.com\/wp-content\/uploads\/2021\/10\/IMG_20211027_200429347-1068x801.jpg 1068w, https:\/\/gazetaregionalna.com\/wp-content\/uploads\/2021\/10\/IMG_20211027_200429347-1920x1440.jpg 1920w, https:\/\/gazetaregionalna.com\/wp-content\/uploads\/2021\/10\/IMG_20211027_200429347-560x420.jpg 560w, https:\/\/gazetaregionalna.com\/wp-content\/uploads\/2021\/10\/IMG_20211027_200429347-80x60.jpg 80w, https:\/\/gazetaregionalna.com\/wp-content\/uploads\/2021\/10\/IMG_20211027_200429347-265x198.jpg 265w, https:\/\/gazetaregionalna.com\/wp-content\/uploads\/2021\/10\/IMG_20211027_200429347-scaled.jpg 1600w\" data-sizes=\"(max-width: 1024px) 100vw, 1024px\" src=\"data:image\/svg+xml;base64,PHN2ZyB3aWR0aD0iMSIgaGVpZ2h0PSIxIiB4bWxucz0iaHR0cDovL3d3dy53My5vcmcvMjAwMC9zdmciPjwvc3ZnPg==\" style=\"--smush-placeholder-width: 1024px; --smush-placeholder-aspect-ratio: 1024\/768;\" \/><\/a><\/figure><\/li><li class=\"blocks-gallery-item\"><figure><a href=\"https:\/\/gazetaregionalna.com\/wp-content\/uploads\/2021\/10\/IMG_20211027_200426577-scaled.jpg\"><img decoding=\"async\" width=\"1024\" height=\"768\" data-src=\"https:\/\/gazetaregionalna.com\/wp-content\/uploads\/2021\/10\/IMG_20211027_200426577-1024x768.jpg\" alt=\"\" data-id=\"61304\" data-full-url=\"https:\/\/gazetaregionalna.com\/wp-content\/uploads\/2021\/10\/IMG_20211027_200426577-scaled.jpg\" data-link=\"https:\/\/gazetaregionalna.com\/?attachment_id=61304\" class=\"wp-image-61304 lazyload\" data-srcset=\"https:\/\/gazetaregionalna.com\/wp-content\/uploads\/2021\/10\/IMG_20211027_200426577-1024x768.jpg 1024w, https:\/\/gazetaregionalna.com\/wp-content\/uploads\/2021\/10\/IMG_20211027_200426577-300x225.jpg 300w, https:\/\/gazetaregionalna.com\/wp-content\/uploads\/2021\/10\/IMG_20211027_200426577-768x576.jpg 768w, https:\/\/gazetaregionalna.com\/wp-content\/uploads\/2021\/10\/IMG_20211027_200426577-1536x1152.jpg 1536w, https:\/\/gazetaregionalna.com\/wp-content\/uploads\/2021\/10\/IMG_20211027_200426577-2048x1536.jpg 2048w, https:\/\/gazetaregionalna.com\/wp-content\/uploads\/2021\/10\/IMG_20211027_200426577-696x522.jpg 696w, https:\/\/gazetaregionalna.com\/wp-content\/uploads\/2021\/10\/IMG_20211027_200426577-1068x801.jpg 1068w, https:\/\/gazetaregionalna.com\/wp-content\/uploads\/2021\/10\/IMG_20211027_200426577-1920x1440.jpg 1920w, https:\/\/gazetaregionalna.com\/wp-content\/uploads\/2021\/10\/IMG_20211027_200426577-560x420.jpg 560w, https:\/\/gazetaregionalna.com\/wp-content\/uploads\/2021\/10\/IMG_20211027_200426577-80x60.jpg 80w, https:\/\/gazetaregionalna.com\/wp-content\/uploads\/2021\/10\/IMG_20211027_200426577-265x198.jpg 265w, https:\/\/gazetaregionalna.com\/wp-content\/uploads\/2021\/10\/IMG_20211027_200426577-scaled.jpg 1600w\" data-sizes=\"(max-width: 1024px) 100vw, 1024px\" src=\"data:image\/svg+xml;base64,PHN2ZyB3aWR0aD0iMSIgaGVpZ2h0PSIxIiB4bWxucz0iaHR0cDovL3d3dy53My5vcmcvMjAwMC9zdmciPjwvc3ZnPg==\" style=\"--smush-placeholder-width: 1024px; --smush-placeholder-aspect-ratio: 1024\/768;\" \/><\/a><\/figure><\/li><li class=\"blocks-gallery-item\"><figure><a href=\"https:\/\/gazetaregionalna.com\/wp-content\/uploads\/2021\/10\/IMG_20211027_200409105-scaled.jpg\"><img decoding=\"async\" width=\"1024\" height=\"768\" data-src=\"https:\/\/gazetaregionalna.com\/wp-content\/uploads\/2021\/10\/IMG_20211027_200409105-1024x768.jpg\" alt=\"\" data-id=\"61306\" data-full-url=\"https:\/\/gazetaregionalna.com\/wp-content\/uploads\/2021\/10\/IMG_20211027_200409105-scaled.jpg\" data-link=\"https:\/\/gazetaregionalna.com\/?attachment_id=61306\" class=\"wp-image-61306 lazyload\" data-srcset=\"https:\/\/gazetaregionalna.com\/wp-content\/uploads\/2021\/10\/IMG_20211027_200409105-1024x768.jpg 1024w, https:\/\/gazetaregionalna.com\/wp-content\/uploads\/2021\/10\/IMG_20211027_200409105-300x225.jpg 300w, https:\/\/gazetaregionalna.com\/wp-content\/uploads\/2021\/10\/IMG_20211027_200409105-768x576.jpg 768w, https:\/\/gazetaregionalna.com\/wp-content\/uploads\/2021\/10\/IMG_20211027_200409105-1536x1152.jpg 1536w, https:\/\/gazetaregionalna.com\/wp-content\/uploads\/2021\/10\/IMG_20211027_200409105-2048x1536.jpg 2048w, https:\/\/gazetaregionalna.com\/wp-content\/uploads\/2021\/10\/IMG_20211027_200409105-696x522.jpg 696w, https:\/\/gazetaregionalna.com\/wp-content\/uploads\/2021\/10\/IMG_20211027_200409105-1068x801.jpg 1068w, https:\/\/gazetaregionalna.com\/wp-content\/uploads\/2021\/10\/IMG_20211027_200409105-1920x1440.jpg 1920w, https:\/\/gazetaregionalna.com\/wp-content\/uploads\/2021\/10\/IMG_20211027_200409105-560x420.jpg 560w, https:\/\/gazetaregionalna.com\/wp-content\/uploads\/2021\/10\/IMG_20211027_200409105-80x60.jpg 80w, https:\/\/gazetaregionalna.com\/wp-content\/uploads\/2021\/10\/IMG_20211027_200409105-265x198.jpg 265w, https:\/\/gazetaregionalna.com\/wp-content\/uploads\/2021\/10\/IMG_20211027_200409105-scaled.jpg 1600w\" data-sizes=\"(max-width: 1024px) 100vw, 1024px\" src=\"data:image\/svg+xml;base64,PHN2ZyB3aWR0aD0iMSIgaGVpZ2h0PSIxIiB4bWxucz0iaHR0cDovL3d3dy53My5vcmcvMjAwMC9zdmciPjwvc3ZnPg==\" style=\"--smush-placeholder-width: 1024px; --smush-placeholder-aspect-ratio: 1024\/768;\" \/><\/a><\/figure><\/li><\/ul><\/figure>\n\n\n\n<p>Protestuj\u0105cy spotkali si\u0119 przy pomniku ks. Jerzego Popie\u0142uszki, aby pokaza\u0107 sw\u00f3j sprzeciw wobec polityki rz\u0105du w sprawie uchod\u017ac\u00f3w na wschodniej granicy. Jak przekonywali, Polacy przed laty te\u017c byli uchod\u017acami, kt\u00f3rym kto\u015b pom\u00f3g\u0142 i teraz powinni to samo zrobi\u0107 dla innych. <\/p>\n\n\n\n<p>Zaznaczyli, \u017ce chocia\u017c nie jest ich du\u017co, to wa\u017cna jest sama obecno\u015b\u0107. Liczy si\u0119  fakt, \u017ce nie wszystkim jest oboj\u0119tny los ludzi koczuj\u0105cych w lasach na polsko-bia\u0142oruskiej granicy.  T\u0142umaczyli, \u017ce spotkali si\u0119 przy pomniku ks. Popie\u0142uszki, bo on tak\u017ce by\u0142 ofiar\u0105 totalitarnych rz\u0105d\u00f3w.<\/p>\n\n\n\n<p><\/p>\n","protected":false},"excerpt":{"rendered":"<p>Kilkana\u015bcie os\u00f3b zapali\u0142o dzisiaj wieczorem zielone \u015bwiat\u0142a w obronie uchod\u017ac\u00f3w. Protest przygotowa\u0142 Strajk Kobiet. Protestuj\u0105cy spotkali si\u0119 przy pomniku ks. Jerzego Popie\u0142uszki, aby pokaza\u0107<\/p>\n","protected":false},"author":7,"featured_media":61303,"comment_status":"open","ping_status":"open","sticky":false,"template":"","format":"standard","meta":{"_monsterinsights_skip_tracking":false,"_monsterinsights_sitenote_active":false,"_monsterinsights_sitenote_note":"","_monsterinsights_sitenote_category":0,"_uf_show_specific_survey":0,"_uf_disable_surveys":false,"footnotes":""},"categories":[94,3,2],"tags":[],"class_list":["post-61296","post","type-post","status-publish","format-standard","has-post-thumbnail","hentry","category-polecane","category-czestochowa-informacje","category-wiadomosci"],"_links":{"self":[{"href":"https:\/\/gazetaregionalna.com\/index.php?rest_route=\/wp\/v2\/posts\/61296","targetHints":{"allow":["GET"]}}],"collection":[{"href":"https:\/\/gazetaregionalna.com\/index.php?rest_route=\/wp\/v2\/posts"}],"about":[{"href":"https:\/\/gazetaregionalna.com\/index.php?rest_route=\/wp\/v2\/types\/post"}],"author":[{"embeddable":true,"href":"https:\/\/gazetaregionalna.com\/index.php?rest_route=\/wp\/v2\/users\/7"}],"replies":[{"embeddable":true,"href":"https:\/\/gazetaregionalna.com\/index.php?rest_route=%2Fwp%2Fv2%2Fcomments&post=61296"}],"version-history":[{"count":4,"href":"https:\/\/gazetaregionalna.com\/index.php?rest_route=\/wp\/v2\/posts\/61296\/revisions"}],"predecessor-version":[{"id":61309,"href":"https:\/\/gazetaregionalna.com\/index.php?rest_route=\/wp\/v2\/posts\/61296\/revisions\/61309"}],"wp:featuredmedia":[{"embeddable":true,"href":"https:\/\/gazetaregionalna.com\/index.php?rest_route=\/wp\/v2\/media\/61303"}],"wp:attachment":[{"href":"https:\/\/gazetaregionalna.com\/index.php?rest_route=%2Fwp%2Fv2%2Fmedia&parent=61296"}],"wp:term":[{"taxonomy":"category","embeddable":true,"href":"https:\/\/gazetaregionalna.com\/index.php?rest_route=%2Fwp%2Fv2%2Fcategories&post=61296"},{"taxonomy":"post_tag","embeddable":true,"href":"https:\/\/gazetaregionalna.com\/index.php?rest_route=%2Fwp%2Fv2%2Ftags&post=61296"}],"curies":[{"name":"wp","href":"https:\/\/api.w.org\/{rel}","templated":true}]}}