{"id":6102,"date":"2019-09-06T05:22:16","date_gmt":"2019-09-06T05:22:16","guid":{"rendered":"https:\/\/gazetaregionalna.com\/?p=6102"},"modified":"2019-09-06T05:23:04","modified_gmt":"2019-09-06T05:23:04","slug":"nowe-plecaki-dla-uczniow","status":"publish","type":"post","link":"https:\/\/gazetaregionalna.com\/?p=6102","title":{"rendered":"Nowe plecaki dla uczni\u00f3w"},"content":{"rendered":"\n<p>W najbli\u017cszy weekend w Parku Lisiniec odbywa\u0107 sie b\u0119dzie rodzinny festyn. Zorganizowano go w zwi\u0105zku z fina\u0142em corocznej akcji \u201eNowy plecak na nowy rok szkolny\u201d. W akcji organizowanej pod patronatem Prezydenta Miasta Cz\u0119stochowy Krzysztof Matyjaszczyk i Radnego Miasta Cz\u0119stochowy Dariusz Kapinos cz\u0119stochowianie ju\u017c po raz osiemnasty pieni\u0105dze na ufundowanie plecak\u00f3w szkolnych z wyprawk\u0105 szkoln\u0105 dla dzieci z rodzin dysfunkcyjnych z terenu miasta.<br> Jak zapowiadaj\u0105 organizatorzy, sobota b\u0119dzie koncertowa, a niedziela to ca\u0142odniowy rodzinny piknik edukacyjny. Wst\u0119p bezp\u0142atny.<\/p>\n\n\n\n<figure class=\"wp-block-image\"><img decoding=\"async\" data-src=\"https:\/\/gazetaregionalna.com\/wp-content\/uploads\/2019\/08\/plecak.jpg\" alt=\"\" class=\"wp-image-5748 lazyload\" src=\"data:image\/svg+xml;base64,PHN2ZyB3aWR0aD0iMSIgaGVpZ2h0PSIxIiB4bWxucz0iaHR0cDovL3d3dy53My5vcmcvMjAwMC9zdmciPjwvc3ZnPg==\"><\/figure>\n\n\n\n<p><br> W sobot\u0119, 7 wrze\u015bnia na scenie wyst\u0105pi\u0105 m.in. APRESS BAND, LASTROAD, CLODIE i MATEUSZ MIJAL. Gwiazdami wieczoru b\u0119d\u0105 zesp\u00f3\u0142 VIDEO oraz MEZO. Na zako\u0144czenie koncert\u00f3w odb\u0119dzie si\u0119 taneczny fireshow.<br> W niedziel\u0119 przewidziano propozycje dla ca\u0142ych rodzin. Zaplanowano m.in. konkurs kulinarny, animacje dla najm\u0142odszych, zabawy na dmuchanym placu zabaw, pokazy ps\u00f3w rasowych. Nie zabraknie tak\u017ce wyst\u0119p\u00f3w artystycznych. Zobaczymy m.in. Pawe\u0142 \u0141owicki Band, Iwon\u0119 Ho\u0142uj i Mart\u0119 Honzatko, Ig\u0119 Kozack\u0105 i Ameli\u0119 Cierpia\u0142.<br> Ju\u017c od godz. 6.00 rano rozpocznie si\u0119 Piknik Edukacyjny. Jego ide\u0105 jest integracja rodzin, promocja zdrowego stylu \u017cycia oraz zach\u0119canie do wsp\u00f3lnego sp\u0119dzania czasu.<br> Poniewa\u017c festyn jest zwi\u0105zany ze szlachetn\u0105 akcj\u0105 niesienia pomocy dzieciom, tak\u017ce ten akcent b\u0119dzie mocno zauwa\u017calny w niedzielnych propozycjach. Organizacje pozarz\u0105dowe oraz instytucje, kt\u00f3re s\u0105 partnerami wydarzenia, przygotuj\u0105 stoiska i punkty z atrakcjami. Edukacyjnym elementem pikniku b\u0119dzie  rozbudowana strefa sportowa. Zaplanowano m.in. turniej siatkarski, marsz nordic-walking, zawody biegowe dla dzieci. B\u0119dzie mo\u017cna postrzela\u0107 z \u0142uku.<br> W niedziel\u0119, o godzinie 15.00 odb\u0119dzie si\u0119 uroczysty fina\u0142 akcji \u201eNowy plecak na nowy rok szkolny\u201d.<br> Organizatorami akcji s\u0105: Dariusz Kapinos Radny Miasta, Fundacja Chrze\u015bcija\u0144ska Adullam, Fundacja Dla Rozwoju, Stowarzyszenie Abstynenckie P\u00f3\u0142noc<br> i Miejski Dom Kultury w Cz\u0119stochowie.<\/p>\n","protected":false},"excerpt":{"rendered":"<p>W najbli\u017cszy weekend w Parku Lisiniec odbywa\u0107 sie b\u0119dzie rodzinny festyn. Zorganizowano go w zwi\u0105zku z fina\u0142em corocznej akcji \u201eNowy plecak na nowy rok<\/p>\n","protected":false},"author":7,"featured_media":6103,"comment_status":"open","ping_status":"open","sticky":false,"template":"","format":"standard","meta":{"_monsterinsights_skip_tracking":false,"_monsterinsights_sitenote_active":false,"_monsterinsights_sitenote_note":"","_monsterinsights_sitenote_category":0,"_uf_show_specific_survey":0,"_uf_disable_surveys":false,"footnotes":""},"categories":[3,41,12,94,2,13],"tags":[],"class_list":["post-6102","post","type-post","status-publish","format-standard","has-post-thumbnail","hentry","category-czestochowa-informacje","category-edukacja","category-kultura-i-rozrywka","category-polecane","category-wiadomosci","category-wydarzenia"],"_links":{"self":[{"href":"https:\/\/gazetaregionalna.com\/index.php?rest_route=\/wp\/v2\/posts\/6102","targetHints":{"allow":["GET"]}}],"collection":[{"href":"https:\/\/gazetaregionalna.com\/index.php?rest_route=\/wp\/v2\/posts"}],"about":[{"href":"https:\/\/gazetaregionalna.com\/index.php?rest_route=\/wp\/v2\/types\/post"}],"author":[{"embeddable":true,"href":"https:\/\/gazetaregionalna.com\/index.php?rest_route=\/wp\/v2\/users\/7"}],"replies":[{"embeddable":true,"href":"https:\/\/gazetaregionalna.com\/index.php?rest_route=%2Fwp%2Fv2%2Fcomments&post=6102"}],"version-history":[{"count":1,"href":"https:\/\/gazetaregionalna.com\/index.php?rest_route=\/wp\/v2\/posts\/6102\/revisions"}],"predecessor-version":[{"id":6104,"href":"https:\/\/gazetaregionalna.com\/index.php?rest_route=\/wp\/v2\/posts\/6102\/revisions\/6104"}],"wp:featuredmedia":[{"embeddable":true,"href":"https:\/\/gazetaregionalna.com\/index.php?rest_route=\/wp\/v2\/media\/6103"}],"wp:attachment":[{"href":"https:\/\/gazetaregionalna.com\/index.php?rest_route=%2Fwp%2Fv2%2Fmedia&parent=6102"}],"wp:term":[{"taxonomy":"category","embeddable":true,"href":"https:\/\/gazetaregionalna.com\/index.php?rest_route=%2Fwp%2Fv2%2Fcategories&post=6102"},{"taxonomy":"post_tag","embeddable":true,"href":"https:\/\/gazetaregionalna.com\/index.php?rest_route=%2Fwp%2Fv2%2Ftags&post=6102"}],"curies":[{"name":"wp","href":"https:\/\/api.w.org\/{rel}","templated":true}]}}