{"id":6092,"date":"2019-09-05T12:51:18","date_gmt":"2019-09-05T12:51:18","guid":{"rendered":"https:\/\/gazetaregionalna.com\/?p=6092"},"modified":"2019-09-05T12:51:21","modified_gmt":"2019-09-05T12:51:21","slug":"park-w-zupelnie-nowej-odslonie","status":"publish","type":"post","link":"https:\/\/gazetaregionalna.com\/?p=6092","title":{"rendered":"Park w zupe\u0142nie nowej ods\u0142onie"},"content":{"rendered":"\n<p>W ramach najbli\u017cszej Nocy Kulturalnej Park im. Stanis\u0142awa Staszica w nocy z soboty na niedziel\u0119 obejm\u0105 we w\u0142adanie \u015bwiat\u0142o i muzyka elektroniczna. Elektroniczny Park to unikalne wydarzenie opieraj\u0105ce si\u0119 na grze \u015bwiate\u0142 i d\u017awi\u0119k\u00f3w.<br> Wyj\u0105tkowa sceneria parku w t\u0119 jedn\u0105 noc b\u0119dzie niepowtarzalnym t\u0142em dla oryginalnego spektaklu \u015bwiat\u0142o-d\u017awi\u0119k.<\/p>\n\n\n\n<figure class=\"wp-block-image\"><img decoding=\"async\" width=\"1024\" height=\"683\" data-src=\"https:\/\/gazetaregionalna.com\/wp-content\/uploads\/2019\/09\/1-1024x683.jpg\" alt=\"\" class=\"wp-image-6093 lazyload\" data-srcset=\"https:\/\/gazetaregionalna.com\/wp-content\/uploads\/2019\/09\/1-1024x683.jpg 1024w, https:\/\/gazetaregionalna.com\/wp-content\/uploads\/2019\/09\/1-300x200.jpg 300w, https:\/\/gazetaregionalna.com\/wp-content\/uploads\/2019\/09\/1-768x512.jpg 768w, https:\/\/gazetaregionalna.com\/wp-content\/uploads\/2019\/09\/1-696x464.jpg 696w, https:\/\/gazetaregionalna.com\/wp-content\/uploads\/2019\/09\/1-1068x712.jpg 1068w, https:\/\/gazetaregionalna.com\/wp-content\/uploads\/2019\/09\/1-630x420.jpg 630w, https:\/\/gazetaregionalna.com\/wp-content\/uploads\/2019\/09\/1.jpg 1200w\" data-sizes=\"(max-width: 1024px) 100vw, 1024px\" src=\"data:image\/svg+xml;base64,PHN2ZyB3aWR0aD0iMSIgaGVpZ2h0PSIxIiB4bWxucz0iaHR0cDovL3d3dy53My5vcmcvMjAwMC9zdmciPjwvc3ZnPg==\" style=\"--smush-placeholder-width: 1024px; --smush-placeholder-aspect-ratio: 1024\/683;\" \/><\/figure>\n\n\n\n<p><br> O odpowiedni\u0105 atmosfer\u0119 zadba grono pi\u0119ciu, do\u015bwiadczonych dj\u2019\u00f3w serwuj\u0105cych muzyk\u0119 elektroniczn\u0105, a pragnienie widz\u00f3w uczestnicz\u0105cych w wydarzeniu ugasz\u0105 serwowane na terenie imprezy napoje. Zagraj\u0105: Ane, Luke Scoffield, Extinct Species, CeglareK<br> oraz Hek.<br> Impreza organizowana przez kolektyw OftenHide.<\/p>\n\n\n\n<figure class=\"wp-block-image\"><img decoding=\"async\" width=\"1200\" height=\"800\" data-src=\"https:\/\/gazetaregionalna.com\/wp-content\/uploads\/2019\/09\/3-1024x683.jpg\" alt=\"\" class=\"wp-image-6094 lazyload\" data-srcset=\"https:\/\/gazetaregionalna.com\/wp-content\/uploads\/2019\/09\/3-1024x683.jpg 1024w, https:\/\/gazetaregionalna.com\/wp-content\/uploads\/2019\/09\/3-300x200.jpg 300w, https:\/\/gazetaregionalna.com\/wp-content\/uploads\/2019\/09\/3-768x512.jpg 768w, https:\/\/gazetaregionalna.com\/wp-content\/uploads\/2019\/09\/3-696x464.jpg 696w, https:\/\/gazetaregionalna.com\/wp-content\/uploads\/2019\/09\/3-1068x712.jpg 1068w, https:\/\/gazetaregionalna.com\/wp-content\/uploads\/2019\/09\/3-630x420.jpg 630w, https:\/\/gazetaregionalna.com\/wp-content\/uploads\/2019\/09\/3.jpg 1200w\" data-sizes=\"(max-width: 1200px) 100vw, 1200px\" src=\"data:image\/svg+xml;base64,PHN2ZyB3aWR0aD0iMSIgaGVpZ2h0PSIxIiB4bWxucz0iaHR0cDovL3d3dy53My5vcmcvMjAwMC9zdmciPjwvc3ZnPg==\" style=\"--smush-placeholder-width: 1200px; --smush-placeholder-aspect-ratio: 1200\/800;\" \/><\/figure>\n","protected":false},"excerpt":{"rendered":"<p>W ramach najbli\u017cszej Nocy Kulturalnej Park im. Stanis\u0142awa Staszica w nocy z soboty na niedziel\u0119 obejm\u0105 we w\u0142adanie \u015bwiat\u0142o i muzyka elektroniczna. Elektroniczny Park<\/p>\n","protected":false},"author":7,"featured_media":6095,"comment_status":"open","ping_status":"open","sticky":false,"template":"","format":"standard","meta":{"_monsterinsights_skip_tracking":false,"_monsterinsights_sitenote_active":false,"_monsterinsights_sitenote_note":"","_monsterinsights_sitenote_category":0,"_uf_show_specific_survey":0,"_uf_disable_surveys":false,"footnotes":""},"categories":[3,12,94,2,13],"tags":[],"class_list":["post-6092","post","type-post","status-publish","format-standard","has-post-thumbnail","hentry","category-czestochowa-informacje","category-kultura-i-rozrywka","category-polecane","category-wiadomosci","category-wydarzenia"],"_links":{"self":[{"href":"https:\/\/gazetaregionalna.com\/index.php?rest_route=\/wp\/v2\/posts\/6092","targetHints":{"allow":["GET"]}}],"collection":[{"href":"https:\/\/gazetaregionalna.com\/index.php?rest_route=\/wp\/v2\/posts"}],"about":[{"href":"https:\/\/gazetaregionalna.com\/index.php?rest_route=\/wp\/v2\/types\/post"}],"author":[{"embeddable":true,"href":"https:\/\/gazetaregionalna.com\/index.php?rest_route=\/wp\/v2\/users\/7"}],"replies":[{"embeddable":true,"href":"https:\/\/gazetaregionalna.com\/index.php?rest_route=%2Fwp%2Fv2%2Fcomments&post=6092"}],"version-history":[{"count":1,"href":"https:\/\/gazetaregionalna.com\/index.php?rest_route=\/wp\/v2\/posts\/6092\/revisions"}],"predecessor-version":[{"id":6096,"href":"https:\/\/gazetaregionalna.com\/index.php?rest_route=\/wp\/v2\/posts\/6092\/revisions\/6096"}],"wp:featuredmedia":[{"embeddable":true,"href":"https:\/\/gazetaregionalna.com\/index.php?rest_route=\/wp\/v2\/media\/6095"}],"wp:attachment":[{"href":"https:\/\/gazetaregionalna.com\/index.php?rest_route=%2Fwp%2Fv2%2Fmedia&parent=6092"}],"wp:term":[{"taxonomy":"category","embeddable":true,"href":"https:\/\/gazetaregionalna.com\/index.php?rest_route=%2Fwp%2Fv2%2Fcategories&post=6092"},{"taxonomy":"post_tag","embeddable":true,"href":"https:\/\/gazetaregionalna.com\/index.php?rest_route=%2Fwp%2Fv2%2Ftags&post=6092"}],"curies":[{"name":"wp","href":"https:\/\/api.w.org\/{rel}","templated":true}]}}