{"id":60719,"date":"2021-10-22T08:50:18","date_gmt":"2021-10-22T08:50:18","guid":{"rendered":"https:\/\/gazetaregionalna.com\/?p=60719"},"modified":"2021-10-22T09:23:35","modified_gmt":"2021-10-22T09:23:35","slug":"wlasciciel-don-kichota-uniewinniony","status":"publish","type":"post","link":"https:\/\/gazetaregionalna.com\/?p=60719","title":{"rendered":"W\u0142a\u015bciciel Don Kichota uniewinniony"},"content":{"rendered":"\n<h2 class=\"wp-block-heading\">W\u0142a\u015bciciel Don Kichota uniewinniony. S\u0105d uzna\u0142, \u017ce prokuratura nie przedstawi\u0142a \u017cadnych dowod\u00f3w na pope\u0142nienie przez niego przest\u0119pstwa. Wyrok nie jest prawomocny.<\/h2>\n\n\n\n<p>Marek Pelian, w\u0142a\u015bciciel cz\u0119stochowskiego klubu muzycznego Don Kichot stan\u0105\u0142 przed s\u0105dem za zorganizowanie w trakcie trwania restrykcji covidowych zabawy tanecznej i spowodowanie zagro\u017cenia epidemiologicznego i szerzenia si\u0119 choroby zaka\u017anej wywo\u0142anej wirusem SARS-CoV-2.<\/p>\n\n\n\n<p>Chodzi o imprez\u0119, kt\u00f3ra mia\u0142a miejsce w lokalu rok temu. O sprawie pisali\u015bmy tutaj:<\/p>\n\n\n\n<figure class=\"wp-block-embed is-type-wp-embed is-provider-gazeta-regionalna wp-block-embed-gazeta-regionalna\"><div class=\"wp-block-embed__wrapper\">\n<div class=\"fitvids-video\"><blockquote class=\"wp-embedded-content\" data-secret=\"2NdUgFlB6d\"><a href=\"https:\/\/gazetaregionalna.com\/don-kichot\/\">Koronaparty w Don Kichot przerwane przez nalot cz\u0119stochowskiej policji<\/a><\/blockquote><iframe class=\"wp-embedded-content lazyload\" sandbox=\"allow-scripts\" security=\"restricted\" style=\"position: absolute; clip: rect(1px, 1px, 1px, 1px);\" title=\"&#8222;Koronaparty w Don Kichot przerwane przez nalot cz\u0119stochowskiej policji&#8221; &#8212; Gazeta Regionalna\" data-src=\"https:\/\/gazetaregionalna.com\/don-kichot\/embed\/#?secret=W6nXiKmXMX#?secret=2NdUgFlB6d\" data-secret=\"2NdUgFlB6d\" width=\"600\" height=\"338\" frameborder=\"0\" marginwidth=\"0\" marginheight=\"0\" scrolling=\"no\" src=\"data:image\/svg+xml;base64,PHN2ZyB3aWR0aD0iMSIgaGVpZ2h0PSIxIiB4bWxucz0iaHR0cDovL3d3dy53My5vcmcvMjAwMC9zdmciPjwvc3ZnPg==\" data-load-mode=\"1\"><\/iframe><\/div>\n<\/div><\/figure>\n\n\n\n<p>S\u0105d uniewinni\u0142 dzisiaj cz\u0119stochowianina, argumentuj\u0105c, \u017ce prokuratura nie przedstawi\u0142a \u017cadnych dowod\u00f3w na pope\u0142nienie przez niego przest\u0119pstwa.<\/p>\n\n\n\n<p>Przedsi\u0119biorca zosta\u0142 oskar\u017cony o to, \u017ce zorganizowa\u0142 imprez\u0119 taneczn\u0105, w kt\u00f3rej uczestniczy\u0142o co najmniej 221 os\u00f3b. S\u0105d uzna\u0142, \u017ce nie wie, na jakiej podstawie prokurator przyj\u0105\u0142, \u017ce by\u0142a to w\u0142a\u015bnie taka liczba. Jak przekaza\u0142 w uzasadnieniu wyroku s\u0119dzia Rados\u0142aw Chodorowski, po ogl\u0119dzinach nagra\u0144 sprzed lokalu, na kt\u00f3rych zarejestrowano osoby wychodz\u0105ce z klubu, policja naliczy\u0142a 141 os\u00f3b, a wi\u0119c znacznie mniej ni\u017c przyj\u0105\u0142 to prokurator. Poza tym nie przedstawiono dowodu na to, \u017ce w\u0142a\u015bciciel klubu zorganizowa\u0142 tej nocy imprez\u0119 taneczn\u0105, kt\u00f3ra zgodnie z \u00f3wczesnymi przepisami sanitarnymi by\u0142a zakazana.<\/p>\n\n\n\n<p>&#8211; \u017badna z os\u00f3b, kt\u00f3re by\u0142a w tym lokalu nie zosta\u0142a nawet wylegitymowana, nie m\u00f3wi\u0105c o jej przes\u0142uchaniu \u2013 powiedzia\u0142 s\u0119dzia Chodorowski. &#8211; \u017baden z policjant\u00f3w nie wszed\u0142 w og\u00f3le do tego lokalu, \u017ceby sprawdzi\u0107, co si\u0119 tam dzieje. Pozostali oni na zewn\u0105trz, wi\u0119c nikt z os\u00f3b ani b\u0119d\u0105cych w \u015brodku, czyli klient\u00f3w i policjant\u00f3w nie m\u00f3g\u0142 zezna\u0107, \u017ce by\u0142a tam impreza taneczna \u2013 doda\u0142.<\/p>\n\n\n\n<p>Oskar\u017cony od pocz\u0105tku twierdzi\u0142, co potwierdzili pracownicy klubu, \u017ce by\u0142a to impreza zamkni\u0119ta, a klienci siedzieli przy barze i stolikach. Zgodnie obowi\u0105zuj\u0105cymi w\u00f3wczas przepisami lokal m\u00f3g\u0142 dzia\u0142a\u0107, je\u015bli na jednego klienta przypada\u0142y co najmniej cztery metry kwadratowe powierzchni klubu.<\/p>\n\n\n\n<p>Wym\u00f3g ten, jak ustalono w trakcie procesu, zosta\u0142 spe\u0142niony. Nie by\u0142o wi\u0119c powodu, aby lokal by\u0142 zamykany.<\/p>\n\n\n\n<p>&#8211; Czuj\u0119, \u017ce \u017cyj\u0119 w wolnym kraju \u2013 powiedzia\u0142 po wyj\u015bciu z sali rozpraw Marek Pelian. &#8211; Mog\u0119 dalej prowadzi\u0107 dzia\u0142alno\u015b\u0107 gospodarcz\u0105 i zmniejsza\u0107 ten wewn\u0119trzny d\u0142ug. Ca\u0142a sytuacja wed\u0142ug mnie jest nakr\u0119cona przez media, my przedsi\u0119biorcy na tym cierpimy, a Pa\u0144stwo ubo\u017ceje. Lepiej budowa\u0107 szpitale i bada\u0107 covida ni\u017c ucieka\u0107 przed nim.<\/p>\n\n\n\n<p>Jak doda\u0142, on jako przedsi\u0119biorca powinien m\u00f3c dzia\u0142a\u0107, a nie by\u0107 zmuszanym do zamykania klubu i dok\u0142adania z prywatnych oszcz\u0119dno\u015bci do lokalu, gdy ten nie mo\u017ce funkcjonowa\u0107.<\/p>\n","protected":false},"excerpt":{"rendered":"<p>W\u0142a\u015bciciel Don Kichota uniewinniony. S\u0105d uzna\u0142, \u017ce prokuratura nie przedstawi\u0142a \u017cadnych dowod\u00f3w na pope\u0142nienie przez niego przest\u0119pstwa. Wyrok nie jest prawomocny. Marek Pelian, w\u0142a\u015bciciel<\/p>\n","protected":false},"author":7,"featured_media":60726,"comment_status":"open","ping_status":"open","sticky":false,"template":"","format":"standard","meta":{"_monsterinsights_skip_tracking":false,"_monsterinsights_sitenote_active":false,"_monsterinsights_sitenote_note":"","_monsterinsights_sitenote_category":0,"_uf_show_specific_survey":0,"_uf_disable_surveys":false,"footnotes":""},"categories":[94,3,2],"tags":[],"class_list":["post-60719","post","type-post","status-publish","format-standard","has-post-thumbnail","hentry","category-polecane","category-czestochowa-informacje","category-wiadomosci"],"_links":{"self":[{"href":"https:\/\/gazetaregionalna.com\/index.php?rest_route=\/wp\/v2\/posts\/60719","targetHints":{"allow":["GET"]}}],"collection":[{"href":"https:\/\/gazetaregionalna.com\/index.php?rest_route=\/wp\/v2\/posts"}],"about":[{"href":"https:\/\/gazetaregionalna.com\/index.php?rest_route=\/wp\/v2\/types\/post"}],"author":[{"embeddable":true,"href":"https:\/\/gazetaregionalna.com\/index.php?rest_route=\/wp\/v2\/users\/7"}],"replies":[{"embeddable":true,"href":"https:\/\/gazetaregionalna.com\/index.php?rest_route=%2Fwp%2Fv2%2Fcomments&post=60719"}],"version-history":[{"count":4,"href":"https:\/\/gazetaregionalna.com\/index.php?rest_route=\/wp\/v2\/posts\/60719\/revisions"}],"predecessor-version":[{"id":60735,"href":"https:\/\/gazetaregionalna.com\/index.php?rest_route=\/wp\/v2\/posts\/60719\/revisions\/60735"}],"wp:featuredmedia":[{"embeddable":true,"href":"https:\/\/gazetaregionalna.com\/index.php?rest_route=\/wp\/v2\/media\/60726"}],"wp:attachment":[{"href":"https:\/\/gazetaregionalna.com\/index.php?rest_route=%2Fwp%2Fv2%2Fmedia&parent=60719"}],"wp:term":[{"taxonomy":"category","embeddable":true,"href":"https:\/\/gazetaregionalna.com\/index.php?rest_route=%2Fwp%2Fv2%2Fcategories&post=60719"},{"taxonomy":"post_tag","embeddable":true,"href":"https:\/\/gazetaregionalna.com\/index.php?rest_route=%2Fwp%2Fv2%2Ftags&post=60719"}],"curies":[{"name":"wp","href":"https:\/\/api.w.org\/{rel}","templated":true}]}}