{"id":60686,"date":"2021-10-22T06:21:26","date_gmt":"2021-10-22T06:21:26","guid":{"rendered":"https:\/\/gazetaregionalna.com\/?p=60686"},"modified":"2021-10-22T06:21:26","modified_gmt":"2021-10-22T06:21:26","slug":"sprawdz-swiatla-w-samochodzie-w-wybranych-stacjach-kontroli-pojazdow-mozna-to-zrobic-bezplatnie","status":"publish","type":"post","link":"https:\/\/gazetaregionalna.com\/?p=60686","title":{"rendered":"Sprawd\u017a \u015bwiat\u0142a w samochodzie. W wybranych stacjach kontroli pojazd\u00f3w mo\u017cna to zrobi\u0107 bezp\u0142atnie"},"content":{"rendered":"\n<h2 class=\"wp-block-heading\">Jak co roku jesieni\u0105 policja prowadzi akcj\u0119 pod has\u0142em \u201eTwoje \u015bwiat\u0142a \u2013 Nasze bezpiecze\u0144stwo\u201d. Namawia kierowc\u00f3w, aby sprawdzili \u015bwiat\u0142a w swoich samochodach. W wybranych stacjach kontroli pojazd\u00f3w mo\u017cna to zrobi\u0107 bezp\u0142atnie.<\/h2>\n\n\n\n<figure class=\"wp-block-gallery columns-2 wp-block-gallery-1 is-layout-flex wp-block-gallery-is-layout-flex\"><ul class=\"blocks-gallery-grid\"><li class=\"blocks-gallery-item\"><figure><a href=\"https:\/\/gazetaregionalna.com\/wp-content\/uploads\/2021\/10\/42-679000.jpg\"><img decoding=\"async\" width=\"1024\" height=\"768\" data-src=\"https:\/\/gazetaregionalna.com\/wp-content\/uploads\/2021\/10\/42-679000-1024x768.jpg\" alt=\"\" data-id=\"60690\" data-full-url=\"https:\/\/gazetaregionalna.com\/wp-content\/uploads\/2021\/10\/42-679000.jpg\" data-link=\"https:\/\/gazetaregionalna.com\/?attachment_id=60690\" class=\"wp-image-60690 lazyload\" data-srcset=\"https:\/\/gazetaregionalna.com\/wp-content\/uploads\/2021\/10\/42-679000-1024x768.jpg 1024w, https:\/\/gazetaregionalna.com\/wp-content\/uploads\/2021\/10\/42-679000-300x225.jpg 300w, https:\/\/gazetaregionalna.com\/wp-content\/uploads\/2021\/10\/42-679000-768x576.jpg 768w, https:\/\/gazetaregionalna.com\/wp-content\/uploads\/2021\/10\/42-679000-696x522.jpg 696w, https:\/\/gazetaregionalna.com\/wp-content\/uploads\/2021\/10\/42-679000-1068x801.jpg 1068w, https:\/\/gazetaregionalna.com\/wp-content\/uploads\/2021\/10\/42-679000-560x420.jpg 560w, https:\/\/gazetaregionalna.com\/wp-content\/uploads\/2021\/10\/42-679000-80x60.jpg 80w, https:\/\/gazetaregionalna.com\/wp-content\/uploads\/2021\/10\/42-679000-265x198.jpg 265w, https:\/\/gazetaregionalna.com\/wp-content\/uploads\/2021\/10\/42-679000.jpg 1200w\" data-sizes=\"(max-width: 1024px) 100vw, 1024px\" src=\"data:image\/svg+xml;base64,PHN2ZyB3aWR0aD0iMSIgaGVpZ2h0PSIxIiB4bWxucz0iaHR0cDovL3d3dy53My5vcmcvMjAwMC9zdmciPjwvc3ZnPg==\" style=\"--smush-placeholder-width: 1024px; --smush-placeholder-aspect-ratio: 1024\/768;\" \/><\/a><\/figure><\/li><li class=\"blocks-gallery-item\"><figure><a href=\"https:\/\/gazetaregionalna.com\/wp-content\/uploads\/2021\/10\/42-679001.jpg\"><img decoding=\"async\" width=\"1024\" height=\"768\" data-src=\"https:\/\/gazetaregionalna.com\/wp-content\/uploads\/2021\/10\/42-679001-1024x768.jpg\" alt=\"\" data-id=\"60691\" data-full-url=\"https:\/\/gazetaregionalna.com\/wp-content\/uploads\/2021\/10\/42-679001.jpg\" data-link=\"https:\/\/gazetaregionalna.com\/?attachment_id=60691\" class=\"wp-image-60691 lazyload\" data-srcset=\"https:\/\/gazetaregionalna.com\/wp-content\/uploads\/2021\/10\/42-679001-1024x768.jpg 1024w, https:\/\/gazetaregionalna.com\/wp-content\/uploads\/2021\/10\/42-679001-300x225.jpg 300w, https:\/\/gazetaregionalna.com\/wp-content\/uploads\/2021\/10\/42-679001-768x576.jpg 768w, https:\/\/gazetaregionalna.com\/wp-content\/uploads\/2021\/10\/42-679001-696x522.jpg 696w, https:\/\/gazetaregionalna.com\/wp-content\/uploads\/2021\/10\/42-679001-1068x801.jpg 1068w, https:\/\/gazetaregionalna.com\/wp-content\/uploads\/2021\/10\/42-679001-560x420.jpg 560w, https:\/\/gazetaregionalna.com\/wp-content\/uploads\/2021\/10\/42-679001-80x60.jpg 80w, https:\/\/gazetaregionalna.com\/wp-content\/uploads\/2021\/10\/42-679001-265x198.jpg 265w, https:\/\/gazetaregionalna.com\/wp-content\/uploads\/2021\/10\/42-679001.jpg 1200w\" data-sizes=\"(max-width: 1024px) 100vw, 1024px\" src=\"data:image\/svg+xml;base64,PHN2ZyB3aWR0aD0iMSIgaGVpZ2h0PSIxIiB4bWxucz0iaHR0cDovL3d3dy53My5vcmcvMjAwMC9zdmciPjwvc3ZnPg==\" style=\"--smush-placeholder-width: 1024px; --smush-placeholder-aspect-ratio: 1024\/768;\" \/><\/a><\/figure><\/li><li class=\"blocks-gallery-item\"><figure><a href=\"https:\/\/gazetaregionalna.com\/wp-content\/uploads\/2021\/10\/42-679002.jpg\"><img decoding=\"async\" width=\"1024\" height=\"768\" data-src=\"https:\/\/gazetaregionalna.com\/wp-content\/uploads\/2021\/10\/42-679002-1024x768.jpg\" alt=\"\" data-id=\"60692\" data-full-url=\"https:\/\/gazetaregionalna.com\/wp-content\/uploads\/2021\/10\/42-679002.jpg\" data-link=\"https:\/\/gazetaregionalna.com\/?attachment_id=60692\" class=\"wp-image-60692 lazyload\" data-srcset=\"https:\/\/gazetaregionalna.com\/wp-content\/uploads\/2021\/10\/42-679002-1024x768.jpg 1024w, https:\/\/gazetaregionalna.com\/wp-content\/uploads\/2021\/10\/42-679002-300x225.jpg 300w, https:\/\/gazetaregionalna.com\/wp-content\/uploads\/2021\/10\/42-679002-768x576.jpg 768w, https:\/\/gazetaregionalna.com\/wp-content\/uploads\/2021\/10\/42-679002-696x522.jpg 696w, https:\/\/gazetaregionalna.com\/wp-content\/uploads\/2021\/10\/42-679002-1068x801.jpg 1068w, https:\/\/gazetaregionalna.com\/wp-content\/uploads\/2021\/10\/42-679002-560x420.jpg 560w, https:\/\/gazetaregionalna.com\/wp-content\/uploads\/2021\/10\/42-679002-80x60.jpg 80w, https:\/\/gazetaregionalna.com\/wp-content\/uploads\/2021\/10\/42-679002-265x198.jpg 265w, https:\/\/gazetaregionalna.com\/wp-content\/uploads\/2021\/10\/42-679002.jpg 1200w\" data-sizes=\"(max-width: 1024px) 100vw, 1024px\" src=\"data:image\/svg+xml;base64,PHN2ZyB3aWR0aD0iMSIgaGVpZ2h0PSIxIiB4bWxucz0iaHR0cDovL3d3dy53My5vcmcvMjAwMC9zdmciPjwvc3ZnPg==\" style=\"--smush-placeholder-width: 1024px; --smush-placeholder-aspect-ratio: 1024\/768;\" \/><\/a><\/figure><\/li><li class=\"blocks-gallery-item\"><figure><a href=\"https:\/\/gazetaregionalna.com\/wp-content\/uploads\/2021\/10\/42-679003.jpg\"><img decoding=\"async\" width=\"1024\" height=\"768\" data-src=\"https:\/\/gazetaregionalna.com\/wp-content\/uploads\/2021\/10\/42-679003-1024x768.jpg\" alt=\"\" data-id=\"60693\" data-full-url=\"https:\/\/gazetaregionalna.com\/wp-content\/uploads\/2021\/10\/42-679003.jpg\" data-link=\"https:\/\/gazetaregionalna.com\/?attachment_id=60693\" class=\"wp-image-60693 lazyload\" data-srcset=\"https:\/\/gazetaregionalna.com\/wp-content\/uploads\/2021\/10\/42-679003-1024x768.jpg 1024w, https:\/\/gazetaregionalna.com\/wp-content\/uploads\/2021\/10\/42-679003-300x225.jpg 300w, https:\/\/gazetaregionalna.com\/wp-content\/uploads\/2021\/10\/42-679003-768x576.jpg 768w, https:\/\/gazetaregionalna.com\/wp-content\/uploads\/2021\/10\/42-679003-696x522.jpg 696w, https:\/\/gazetaregionalna.com\/wp-content\/uploads\/2021\/10\/42-679003-1068x801.jpg 1068w, https:\/\/gazetaregionalna.com\/wp-content\/uploads\/2021\/10\/42-679003-560x420.jpg 560w, https:\/\/gazetaregionalna.com\/wp-content\/uploads\/2021\/10\/42-679003-80x60.jpg 80w, https:\/\/gazetaregionalna.com\/wp-content\/uploads\/2021\/10\/42-679003-265x198.jpg 265w, https:\/\/gazetaregionalna.com\/wp-content\/uploads\/2021\/10\/42-679003.jpg 1200w\" data-sizes=\"(max-width: 1024px) 100vw, 1024px\" src=\"data:image\/svg+xml;base64,PHN2ZyB3aWR0aD0iMSIgaGVpZ2h0PSIxIiB4bWxucz0iaHR0cDovL3d3dy53My5vcmcvMjAwMC9zdmciPjwvc3ZnPg==\" style=\"--smush-placeholder-width: 1024px; --smush-placeholder-aspect-ratio: 1024\/768;\" \/><\/a><\/figure><\/li><li class=\"blocks-gallery-item\"><figure><a href=\"https:\/\/gazetaregionalna.com\/wp-content\/uploads\/2021\/10\/42-679004.jpg\"><img decoding=\"async\" width=\"1024\" height=\"768\" data-src=\"https:\/\/gazetaregionalna.com\/wp-content\/uploads\/2021\/10\/42-679004-1024x768.jpg\" alt=\"\" data-id=\"60694\" data-full-url=\"https:\/\/gazetaregionalna.com\/wp-content\/uploads\/2021\/10\/42-679004.jpg\" data-link=\"https:\/\/gazetaregionalna.com\/?attachment_id=60694\" class=\"wp-image-60694 lazyload\" data-srcset=\"https:\/\/gazetaregionalna.com\/wp-content\/uploads\/2021\/10\/42-679004-1024x768.jpg 1024w, https:\/\/gazetaregionalna.com\/wp-content\/uploads\/2021\/10\/42-679004-300x225.jpg 300w, https:\/\/gazetaregionalna.com\/wp-content\/uploads\/2021\/10\/42-679004-768x576.jpg 768w, https:\/\/gazetaregionalna.com\/wp-content\/uploads\/2021\/10\/42-679004-696x522.jpg 696w, https:\/\/gazetaregionalna.com\/wp-content\/uploads\/2021\/10\/42-679004-1068x801.jpg 1068w, https:\/\/gazetaregionalna.com\/wp-content\/uploads\/2021\/10\/42-679004-560x420.jpg 560w, https:\/\/gazetaregionalna.com\/wp-content\/uploads\/2021\/10\/42-679004-80x60.jpg 80w, https:\/\/gazetaregionalna.com\/wp-content\/uploads\/2021\/10\/42-679004-265x198.jpg 265w, https:\/\/gazetaregionalna.com\/wp-content\/uploads\/2021\/10\/42-679004.jpg 1200w\" data-sizes=\"(max-width: 1024px) 100vw, 1024px\" src=\"data:image\/svg+xml;base64,PHN2ZyB3aWR0aD0iMSIgaGVpZ2h0PSIxIiB4bWxucz0iaHR0cDovL3d3dy53My5vcmcvMjAwMC9zdmciPjwvc3ZnPg==\" style=\"--smush-placeholder-width: 1024px; --smush-placeholder-aspect-ratio: 1024\/768;\" \/><\/a><\/figure><\/li><li class=\"blocks-gallery-item\"><figure><a href=\"https:\/\/gazetaregionalna.com\/wp-content\/uploads\/2021\/10\/42-679005.jpg\"><img decoding=\"async\" width=\"1024\" height=\"898\" data-src=\"https:\/\/gazetaregionalna.com\/wp-content\/uploads\/2021\/10\/42-679005-1024x898.jpg\" alt=\"\" data-id=\"60695\" data-full-url=\"https:\/\/gazetaregionalna.com\/wp-content\/uploads\/2021\/10\/42-679005.jpg\" data-link=\"https:\/\/gazetaregionalna.com\/?attachment_id=60695\" class=\"wp-image-60695 lazyload\" data-srcset=\"https:\/\/gazetaregionalna.com\/wp-content\/uploads\/2021\/10\/42-679005-1024x898.jpg 1024w, https:\/\/gazetaregionalna.com\/wp-content\/uploads\/2021\/10\/42-679005-300x263.jpg 300w, https:\/\/gazetaregionalna.com\/wp-content\/uploads\/2021\/10\/42-679005-768x674.jpg 768w, https:\/\/gazetaregionalna.com\/wp-content\/uploads\/2021\/10\/42-679005-696x611.jpg 696w, https:\/\/gazetaregionalna.com\/wp-content\/uploads\/2021\/10\/42-679005-1068x937.jpg 1068w, https:\/\/gazetaregionalna.com\/wp-content\/uploads\/2021\/10\/42-679005-479x420.jpg 479w, https:\/\/gazetaregionalna.com\/wp-content\/uploads\/2021\/10\/42-679005.jpg 1183w\" data-sizes=\"(max-width: 1024px) 100vw, 1024px\" src=\"data:image\/svg+xml;base64,PHN2ZyB3aWR0aD0iMSIgaGVpZ2h0PSIxIiB4bWxucz0iaHR0cDovL3d3dy53My5vcmcvMjAwMC9zdmciPjwvc3ZnPg==\" style=\"--smush-placeholder-width: 1024px; --smush-placeholder-aspect-ratio: 1024\/898;\" \/><\/a><\/figure><\/li><\/ul><\/figure>\n\n\n\n<p>Jesienna akcja ma na celu zwr\u00f3cenie uwagi kieruj\u0105cych na zagro\u017cenia zwi\u0105zane z nieprawid\u0142owym o\u015bwietleniem pojazd\u00f3w. Dobrze dzia\u0142aj\u0105ce, ale tak\u017ce prawid\u0142owo ustawione \u015bwiat\u0142a w samochodzie szczeg\u00f3lnie teraz, gdy dni s\u0105 coraz kr\u00f3tsze, a pogoda nie najlepsza, s\u0105 szczeg\u00f3lnie wa\u017cna.<\/p>\n\n\n\n<p>Pocz\u0105wszy od najbli\u017cszej soboty, 23 pa\u017adziernika, w w cztery wybrane soboty lampy w poje\u017adzie mo\u017cna sprawdzi\u0107 stacjach kontroli pojazd\u00f3w za darmo.<\/p>\n\n\n\n<p>\u015awiat\u0142a mo\u017cna b\u0119dzie skontrolowa\u0107 i w razie konieczno\u015bci prawid\u0142owo ustawi\u0107 poza 23 pa\u017adziernika tak\u017ce 6 i 20 listopada oraz 4 grudnia w nast\u0119puj\u0105cych cz\u0119stochowskich stacjach kontroli pojazd\u00f3w:<\/p>\n\n\n\n<ul class=\"wp-block-list\"><li>przy ulicy Sikorskiego 82\/89 (przy Komendzie Miejskiej Pa\u0144stwowej Stra\u017cy Po\u017carnej) w godzinach 8.00 \u2013 18.00,<\/li><li>alei Niepodleg\u0142o\u015bci 30 (Miejskie Przedsi\u0119biorstwo Komunikacyjne) w godzinach 8.00 \u2013 13.00<\/li><li>przy ulicy Kisielewskiego (obok centrum handlowego M1) w godzinach 8.00 \u2013 20.00.<\/li><\/ul>\n\n\n\n<p>Wi\u0119cej o jesiennej akcji mo\u017cna przeczyta\u0107 na stronie internetowej policja.pl, dlakierowcow.policja.pl, na stronach jednostek terenowych Policji oraz na stronie yanosik.pl\/dobre-swiatla.<\/p>\n","protected":false},"excerpt":{"rendered":"<p>Jak co roku jesieni\u0105 policja prowadzi akcj\u0119 pod has\u0142em \u201eTwoje \u015bwiat\u0142a \u2013 Nasze bezpiecze\u0144stwo\u201d. Namawia kierowc\u00f3w, aby sprawdzili \u015bwiat\u0142a w swoich samochodach. W wybranych<\/p>\n","protected":false},"author":7,"featured_media":60691,"comment_status":"open","ping_status":"open","sticky":false,"template":"","format":"standard","meta":{"_monsterinsights_skip_tracking":false,"_monsterinsights_sitenote_active":false,"_monsterinsights_sitenote_note":"","_monsterinsights_sitenote_category":0,"_uf_show_specific_survey":0,"_uf_disable_surveys":false,"footnotes":""},"categories":[2,3],"tags":[],"class_list":["post-60686","post","type-post","status-publish","format-standard","has-post-thumbnail","hentry","category-wiadomosci","category-czestochowa-informacje"],"_links":{"self":[{"href":"https:\/\/gazetaregionalna.com\/index.php?rest_route=\/wp\/v2\/posts\/60686","targetHints":{"allow":["GET"]}}],"collection":[{"href":"https:\/\/gazetaregionalna.com\/index.php?rest_route=\/wp\/v2\/posts"}],"about":[{"href":"https:\/\/gazetaregionalna.com\/index.php?rest_route=\/wp\/v2\/types\/post"}],"author":[{"embeddable":true,"href":"https:\/\/gazetaregionalna.com\/index.php?rest_route=\/wp\/v2\/users\/7"}],"replies":[{"embeddable":true,"href":"https:\/\/gazetaregionalna.com\/index.php?rest_route=%2Fwp%2Fv2%2Fcomments&post=60686"}],"version-history":[{"count":6,"href":"https:\/\/gazetaregionalna.com\/index.php?rest_route=\/wp\/v2\/posts\/60686\/revisions"}],"predecessor-version":[{"id":60728,"href":"https:\/\/gazetaregionalna.com\/index.php?rest_route=\/wp\/v2\/posts\/60686\/revisions\/60728"}],"wp:featuredmedia":[{"embeddable":true,"href":"https:\/\/gazetaregionalna.com\/index.php?rest_route=\/wp\/v2\/media\/60691"}],"wp:attachment":[{"href":"https:\/\/gazetaregionalna.com\/index.php?rest_route=%2Fwp%2Fv2%2Fmedia&parent=60686"}],"wp:term":[{"taxonomy":"category","embeddable":true,"href":"https:\/\/gazetaregionalna.com\/index.php?rest_route=%2Fwp%2Fv2%2Fcategories&post=60686"},{"taxonomy":"post_tag","embeddable":true,"href":"https:\/\/gazetaregionalna.com\/index.php?rest_route=%2Fwp%2Fv2%2Ftags&post=60686"}],"curies":[{"name":"wp","href":"https:\/\/api.w.org\/{rel}","templated":true}]}}