{"id":60074,"date":"2021-10-19T07:50:23","date_gmt":"2021-10-19T07:50:23","guid":{"rendered":"https:\/\/gazetaregionalna.com\/?p=60074"},"modified":"2021-10-19T07:53:30","modified_gmt":"2021-10-19T07:53:30","slug":"zbiorka-darow-dla-uchodzcow-na-wschodniej-granicy","status":"publish","type":"post","link":"https:\/\/gazetaregionalna.com\/?p=60074","title":{"rendered":"Zbi\u00f3rka dar\u00f3w dla uchod\u017ac\u00f3w na wschodniej granicy"},"content":{"rendered":"\n<h2 class=\"wp-block-heading\">Dzisiaj na\u00a0 Placu Biega\u0144skiego odb\u0119dzie si\u0119 zbi\u00f3rka dar\u00f3w dla uchod\u017ac\u00f3w koczuj\u0105cych na polsko-bia\u0142oruskiej granicy. Dzisiejsza akcja ma by\u0107 wyrazem wsparcia dla uchod\u017ac\u00f3w oraz pokaza\u0107 sprzeciw spo\u0142ecze\u0144stwa wobec polityki rz\u0105du, ale tak\u017ce przynie\u015b\u0107 konkretn\u0105 pomoc.<\/h2>\n\n\n\n<p>Akcja rozpocznie si\u0119 o godzinie 17 przed ratuszem. Organizuje j\u0105 Strajk Kobiet w Cz\u0119stochowie przy wsparciu Demokratycznej RP.<\/p>\n\n\n\n<p>Przynie\u015b\u0107 mo\u017cna wszystko, co przyda si\u0119 ludziom marzn\u0105cym i nara\u017conym na deszcz. Uwaga, nie ka\u017cda odzie\u017c, chocia\u017c ciep\u0142a b\u0119dzie si\u0119 nadawa\u0107. Je\u017celi kto\u015b ma na zbyciu kurtki, to najlepiej, \u017ceby by\u0142y nieprzemakalne, podbite polarem. Kurki puchowe, kt\u00f3re nasi\u0105kaj\u0105 wod\u0105 nie b\u0119d\u0105 przydatne. Mo\u017cna przynie\u015b\u0107 tak\u017ce kalosze piankowe z wk\u0142adk\u0105, a ponadto \u015bpiwory, ale te\u017c takie, kt\u00f3re b\u0119dzie mo\u017cna wykorzysta\u0107 w ci\u0119\u017ckich warunkach w lesie. &nbsp;Przydadz\u0105 si\u0119 tak\u017ce ciep\u0142e spodnie, m\u0119skie, mog\u0105 by\u0107 dresowe.<\/p>\n\n\n\n<p>&#8211; Pami\u0119tajmy, \u017ce ci ludzie nie maja cz\u0119sto gdzie wej\u015b\u0107 i si\u0119 wysuszy\u0107 \u2013 przypominaj\u0105 organizatorzy zbi\u00f3rki.<\/p>\n\n\n\n<p>(zdj\u0119cie ilustracyjne pixabay.com)<\/p>\n","protected":false},"excerpt":{"rendered":"<p>Dzisiaj na\u00a0 Placu Biega\u0144skiego odb\u0119dzie si\u0119 zbi\u00f3rka dar\u00f3w dla uchod\u017ac\u00f3w koczuj\u0105cych na polsko-bia\u0142oruskiej granicy. Dzisiejsza akcja ma by\u0107 wyrazem wsparcia dla uchod\u017ac\u00f3w oraz pokaza\u0107<\/p>\n","protected":false},"author":7,"featured_media":60077,"comment_status":"open","ping_status":"open","sticky":false,"template":"","format":"standard","meta":{"_monsterinsights_skip_tracking":false,"_monsterinsights_sitenote_active":false,"_monsterinsights_sitenote_note":"","_monsterinsights_sitenote_category":0,"_uf_show_specific_survey":0,"_uf_disable_surveys":false,"footnotes":""},"categories":[94,3,2],"tags":[],"class_list":["post-60074","post","type-post","status-publish","format-standard","has-post-thumbnail","hentry","category-polecane","category-czestochowa-informacje","category-wiadomosci"],"_links":{"self":[{"href":"https:\/\/gazetaregionalna.com\/index.php?rest_route=\/wp\/v2\/posts\/60074","targetHints":{"allow":["GET"]}}],"collection":[{"href":"https:\/\/gazetaregionalna.com\/index.php?rest_route=\/wp\/v2\/posts"}],"about":[{"href":"https:\/\/gazetaregionalna.com\/index.php?rest_route=\/wp\/v2\/types\/post"}],"author":[{"embeddable":true,"href":"https:\/\/gazetaregionalna.com\/index.php?rest_route=\/wp\/v2\/users\/7"}],"replies":[{"embeddable":true,"href":"https:\/\/gazetaregionalna.com\/index.php?rest_route=%2Fwp%2Fv2%2Fcomments&post=60074"}],"version-history":[{"count":3,"href":"https:\/\/gazetaregionalna.com\/index.php?rest_route=\/wp\/v2\/posts\/60074\/revisions"}],"predecessor-version":[{"id":60079,"href":"https:\/\/gazetaregionalna.com\/index.php?rest_route=\/wp\/v2\/posts\/60074\/revisions\/60079"}],"wp:featuredmedia":[{"embeddable":true,"href":"https:\/\/gazetaregionalna.com\/index.php?rest_route=\/wp\/v2\/media\/60077"}],"wp:attachment":[{"href":"https:\/\/gazetaregionalna.com\/index.php?rest_route=%2Fwp%2Fv2%2Fmedia&parent=60074"}],"wp:term":[{"taxonomy":"category","embeddable":true,"href":"https:\/\/gazetaregionalna.com\/index.php?rest_route=%2Fwp%2Fv2%2Fcategories&post=60074"},{"taxonomy":"post_tag","embeddable":true,"href":"https:\/\/gazetaregionalna.com\/index.php?rest_route=%2Fwp%2Fv2%2Ftags&post=60074"}],"curies":[{"name":"wp","href":"https:\/\/api.w.org\/{rel}","templated":true}]}}