{"id":60058,"date":"2021-10-18T18:40:41","date_gmt":"2021-10-18T18:40:41","guid":{"rendered":"https:\/\/gazetaregionalna.com\/?p=60058"},"modified":"2021-10-18T18:42:05","modified_gmt":"2021-10-18T18:42:05","slug":"jutro-dzien-czesciowo-bez-tramwajow","status":"publish","type":"post","link":"https:\/\/gazetaregionalna.com\/?p=60058","title":{"rendered":"Jutro po po\u0142udniu i wieczorem tramwaje nie b\u0119d\u0105 kursowa\u0107"},"content":{"rendered":"\n<h2 class=\"wp-block-heading\">Jutro, czyli 19 pa\u017adziernika, z powodu prac przy torowisku w centrum Cz\u0119stochowy tramwaje linii nr 2 i 3 nie b\u0119d\u0105 kursowa\u0107 od 17.30 do p\u00f3\u0142nocy. W ich miejscu uruchomiona zostanie &nbsp;komunikacja zast\u0119pcza. &nbsp;<\/h2>\n\n\n\n<p><br>Biuro In\u017cyniera Ruchu UM Cz\u0119stochowy informuje, \u017ce we wtorek , 19 pa\u017adziernika,&nbsp; od godz. 17:30 do p\u00f3\u0142nocy zostanie wstrzymany ruch tramwajowy na liniach nr 2 i 3, ze wzgl\u0119du na konieczno\u015b\u0107 wykonania prac ziemnych przy torowisku w \u015ar\u00f3dmie\u015bciu.<br><br>W godzinach 17:15-18:30, przy Zajezdni MPK, wszystkie tramwaje linii nr 2 i 3 zostan\u0105 zamienione na autobusy, kt\u00f3re b\u0119d\u0105 kursowa\u0142y z tymi samymi numerami linii do ko\u0144ca dnia. Podczas kurs\u00f3w wymagaj\u0105cych przesiadek z tramwaju na autobus, bilety jednorazowe zachowuj\u0105 wa\u017cno\u015b\u0107.<br><\/p>\n\n\n\n<p>Jako ostatni tramwaj pojedzie linia nr 2, maj\u0105ca kurs o 17:11 z p\u0119tli RAK\u00d3W DWORZEC PKP, a nast\u0119pnie o 17:54 z p\u0119tli FIELDORFA-NILA. Wszystkie kolejne kursy b\u0119d\u0105 wykonane autobusami za tramwaj.<br>Autobusy zast\u0119pcze na liniach nr 2 i 3 b\u0119d\u0105 si\u0119 zatrzymywa\u0107 na przystankach wzd\u0142u\u017c torowiska, tych samych, z kt\u00f3rych korzysta nocna linia nr 80.<br><br>Przystanek JASNOG\u00d3RSKA w kierunku P\u00f3\u0142nocy b\u0119dzie nieczynny z uwagi na brak mo\u017cliwo\u015bci jego zast\u0119pczej lokalizacji dla autobus\u00f3w za tramwaj.<\/p>\n\n\n\n<p><br>Linia autobusowa nr 40 na Rakowie b\u0119dzie kursowa\u0107 przez ca\u0142y dzie\u0144 bez zmian.<br><br><br><\/p>\n","protected":false},"excerpt":{"rendered":"<p>Jutro, czyli 19 pa\u017adziernika, z powodu prac przy torowisku w centrum Cz\u0119stochowy tramwaje linii nr 2 i 3 nie b\u0119d\u0105 kursowa\u0107 od 17.30 do<\/p>\n","protected":false},"author":7,"featured_media":57024,"comment_status":"open","ping_status":"open","sticky":false,"template":"","format":"standard","meta":{"_monsterinsights_skip_tracking":false,"_monsterinsights_sitenote_active":false,"_monsterinsights_sitenote_note":"","_monsterinsights_sitenote_category":0,"_uf_show_specific_survey":0,"_uf_disable_surveys":false,"footnotes":""},"categories":[94,3,2],"tags":[],"class_list":["post-60058","post","type-post","status-publish","format-standard","has-post-thumbnail","hentry","category-polecane","category-czestochowa-informacje","category-wiadomosci"],"_links":{"self":[{"href":"https:\/\/gazetaregionalna.com\/index.php?rest_route=\/wp\/v2\/posts\/60058","targetHints":{"allow":["GET"]}}],"collection":[{"href":"https:\/\/gazetaregionalna.com\/index.php?rest_route=\/wp\/v2\/posts"}],"about":[{"href":"https:\/\/gazetaregionalna.com\/index.php?rest_route=\/wp\/v2\/types\/post"}],"author":[{"embeddable":true,"href":"https:\/\/gazetaregionalna.com\/index.php?rest_route=\/wp\/v2\/users\/7"}],"replies":[{"embeddable":true,"href":"https:\/\/gazetaregionalna.com\/index.php?rest_route=%2Fwp%2Fv2%2Fcomments&post=60058"}],"version-history":[{"count":4,"href":"https:\/\/gazetaregionalna.com\/index.php?rest_route=\/wp\/v2\/posts\/60058\/revisions"}],"predecessor-version":[{"id":60062,"href":"https:\/\/gazetaregionalna.com\/index.php?rest_route=\/wp\/v2\/posts\/60058\/revisions\/60062"}],"wp:featuredmedia":[{"embeddable":true,"href":"https:\/\/gazetaregionalna.com\/index.php?rest_route=\/wp\/v2\/media\/57024"}],"wp:attachment":[{"href":"https:\/\/gazetaregionalna.com\/index.php?rest_route=%2Fwp%2Fv2%2Fmedia&parent=60058"}],"wp:term":[{"taxonomy":"category","embeddable":true,"href":"https:\/\/gazetaregionalna.com\/index.php?rest_route=%2Fwp%2Fv2%2Fcategories&post=60058"},{"taxonomy":"post_tag","embeddable":true,"href":"https:\/\/gazetaregionalna.com\/index.php?rest_route=%2Fwp%2Fv2%2Ftags&post=60058"}],"curies":[{"name":"wp","href":"https:\/\/api.w.org\/{rel}","templated":true}]}}