{"id":60007,"date":"2021-10-18T14:42:51","date_gmt":"2021-10-18T14:42:51","guid":{"rendered":"https:\/\/gazetaregionalna.com\/?p=60007"},"modified":"2021-10-18T14:42:52","modified_gmt":"2021-10-18T14:42:52","slug":"w-hsc-odbyl-sie-ix-ogolnopolski-turniej-karate-uechi-ryu","status":"publish","type":"post","link":"https:\/\/gazetaregionalna.com\/?p=60007","title":{"rendered":"W HSC odby\u0142 si\u0119 IX Og\u00f3lnopolski Turniej Karate Uechi-Ryu"},"content":{"rendered":"\n<p>W miniony weekend w Hali Sportowej Cz\u0119stochowa odby\u0142 si\u0119 IX Og\u00f3lnopolski Turniej Karate Uechi-Ryu.<\/p>\n\n\n\n<p>Do Cz\u0119stochowy przyjecha\u0142o blisko 200 zawodniczek i zawodnik\u00f3w z 22 klub\u00f3w. Turniej dziewi\u0105ty raz zosta\u0142 zorganizowany przez Cz\u0119stochowsk\u0105 Akademi\u0119 Sztuk Walk Sportu i Rekreacji \u201eSPARTAN\u201d Uechi-Ryu Karate-Do.<\/p>\n\n\n\n<p>&#8211; Polska Federacja Uechi-Ryu jest jedn\u0105 z nielicznych organizacji w Polsce, gdzie mog\u0105 rywalizowa\u0107 ze sob\u0105 r\u00f3\u017cne style karate \u2013 m\u00f3wi organizator Zbigniew Rychlewski. &#8211; W turnieju wzi\u0119\u0142y udzia\u0142 takie style jak Uechi-Ryu Karate, Shin-kyokushin, Kyodo Kyokushin, Kyokushin, Shidokan Karate, Oyama Karate, Goju-Ryu. Swoje walki stoczy\u0142o 198 zawodnik\u00f3w z 22 klub\u00f3w, reprezentuj\u0105cych nast\u0119puj\u0105ce miasta: Cz\u0119stochowa, \u0141\u00f3d\u017a, Brzeziny k\/\u0141odzi, Rawa Mazowiecka, D\u0119bnica Kaszubska, Warszawa, Konin, Skar\u017cysko-Kamienna, Krak\u00f3w, Radomsko, Brzoz\u00f3w, Tuliszk\u00f3w, \u0141\u00f3d\u017a, Hacz\u00f3w, \u017belazna-Maj\u0105tek, Wr\u00f3blik Szlachecki, Skierniewice, Pozna\u0144, Chorz\u00f3w.<\/p>\n\n\n\n<p>Rywalizacja toczy\u0142a si\u0119 w trzech konkurencjach: sumo-grappling, kumite oraz K1 na trzech matach.<\/p>\n\n\n\n<p>Honorowy patronat nad turniejem obj\u0105\u0142 Prezydent Miasta Cz\u0119stochowy Pan Krzysztof Matyjaszczyk oraz Radny Miasta Cz\u0119stochowy Micha\u0142 Lewandowski.<\/p>\n\n\n\n<p>Organizatorzy dla uczestnik\u00f3w przygotowali na medale i niespodzianki. &#8211; Ka\u017cdy z uczestnik\u00f3w bior\u0105cych udzia\u0142 w zawodach otrzymywa\u0142 medal, ekologiczny puchar oraz dyplom \u2013 dodaje Zbigniew Rychlewski. &#8211; Dodatkowo mistrzowie ka\u017cdej z 50 kategorii wiekowych i wagowych otrzymywali certyfikowane pasy mistrzowskie!<\/p>\n\n\n\n<p>W klasyfikacji dru\u017cynowej najlepsi okazali si\u0119 organizatorzy z Cz\u0119stochowska Akademia Sztuk Walk Sportu i Rekreacji \u201eSPARTAN\u201d Uechi-Ryu Karate-Do. Drugie miejsce zaj\u0119li zawodnicy Rawski Klub Karate Kyokushin, a na trzeciej pozycji sklasyfikowano Regionalny Klub Karate Kyokushin Konin.<\/p>\n\n\n\n<p>Organizatorzy w trakcie turnieju zorganizowali zbi\u00f3rk\u0119 pieni\u0119dzy dla m\u0142odego karateki ze Skar\u017cyska Kamiennej Oliviera, kt\u00f3ry choruje na nowotw\u00f3r z\u0142o\u015bliwy m\u00f3\u017cd\u017cka.<\/p>\n\n\n\n<p>Zawody odby\u0142y si\u0119 dzi\u0119ki pomocy miejskich instytucji i sponsor\u00f3w. Zadanie zosta\u0142o dofinansowane ze \u015brodk\u00f3w bud\u017cetu Gminy Miasta Cz\u0119stochowy. Do organizacji do\u0142o\u017cyli si\u0119 te\u017c: Drukarnia PAULA \u2013 ul. \u015awi\u0119tego Rocha 118 w Cz\u0119stochowie, Leroy Merlin Cz\u0119stochowa, Czeski Film Restauracja &amp; Pub Cz\u0119stochowa, al. NMP 43 i Artur Siwek.<\/p>\n\n\n\n<p>AK, <\/p>\n\n\n\n<p>Foto: materia\u0142y prasowe <\/p>\n\n\n\n<figure class=\"wp-block-image size-large\"><img decoding=\"async\" width=\"768\" height=\"512\" data-src=\"https:\/\/gazetaregionalna.com\/wp-content\/uploads\/2021\/10\/Rychlewski-9.jpg\" alt=\"\" class=\"wp-image-60017 lazyload\" data-srcset=\"https:\/\/gazetaregionalna.com\/wp-content\/uploads\/2021\/10\/Rychlewski-9.jpg 768w, https:\/\/gazetaregionalna.com\/wp-content\/uploads\/2021\/10\/Rychlewski-9-300x200.jpg 300w, https:\/\/gazetaregionalna.com\/wp-content\/uploads\/2021\/10\/Rychlewski-9-696x464.jpg 696w, https:\/\/gazetaregionalna.com\/wp-content\/uploads\/2021\/10\/Rychlewski-9-630x420.jpg 630w\" data-sizes=\"(max-width: 768px) 100vw, 768px\" src=\"data:image\/svg+xml;base64,PHN2ZyB3aWR0aD0iMSIgaGVpZ2h0PSIxIiB4bWxucz0iaHR0cDovL3d3dy53My5vcmcvMjAwMC9zdmciPjwvc3ZnPg==\" style=\"--smush-placeholder-width: 768px; --smush-placeholder-aspect-ratio: 768\/512;\" \/><\/figure>\n\n\n\n<figure class=\"wp-block-image size-large\"><img decoding=\"async\" width=\"768\" height=\"512\" data-src=\"https:\/\/gazetaregionalna.com\/wp-content\/uploads\/2021\/10\/Rychlewski-8.jpg\" alt=\"\" class=\"wp-image-60016 lazyload\" data-srcset=\"https:\/\/gazetaregionalna.com\/wp-content\/uploads\/2021\/10\/Rychlewski-8.jpg 768w, https:\/\/gazetaregionalna.com\/wp-content\/uploads\/2021\/10\/Rychlewski-8-300x200.jpg 300w, https:\/\/gazetaregionalna.com\/wp-content\/uploads\/2021\/10\/Rychlewski-8-696x464.jpg 696w, https:\/\/gazetaregionalna.com\/wp-content\/uploads\/2021\/10\/Rychlewski-8-630x420.jpg 630w\" data-sizes=\"(max-width: 768px) 100vw, 768px\" src=\"data:image\/svg+xml;base64,PHN2ZyB3aWR0aD0iMSIgaGVpZ2h0PSIxIiB4bWxucz0iaHR0cDovL3d3dy53My5vcmcvMjAwMC9zdmciPjwvc3ZnPg==\" style=\"--smush-placeholder-width: 768px; --smush-placeholder-aspect-ratio: 768\/512;\" \/><\/figure>\n\n\n\n<figure class=\"wp-block-image size-large\"><img decoding=\"async\" width=\"768\" height=\"512\" data-src=\"https:\/\/gazetaregionalna.com\/wp-content\/uploads\/2021\/10\/Rychlewski-7.jpg\" alt=\"\" class=\"wp-image-60015 lazyload\" data-srcset=\"https:\/\/gazetaregionalna.com\/wp-content\/uploads\/2021\/10\/Rychlewski-7.jpg 768w, https:\/\/gazetaregionalna.com\/wp-content\/uploads\/2021\/10\/Rychlewski-7-300x200.jpg 300w, https:\/\/gazetaregionalna.com\/wp-content\/uploads\/2021\/10\/Rychlewski-7-696x464.jpg 696w, https:\/\/gazetaregionalna.com\/wp-content\/uploads\/2021\/10\/Rychlewski-7-630x420.jpg 630w\" data-sizes=\"(max-width: 768px) 100vw, 768px\" src=\"data:image\/svg+xml;base64,PHN2ZyB3aWR0aD0iMSIgaGVpZ2h0PSIxIiB4bWxucz0iaHR0cDovL3d3dy53My5vcmcvMjAwMC9zdmciPjwvc3ZnPg==\" style=\"--smush-placeholder-width: 768px; --smush-placeholder-aspect-ratio: 768\/512;\" \/><\/figure>\n\n\n\n<figure class=\"wp-block-image size-large\"><img decoding=\"async\" width=\"768\" height=\"512\" data-src=\"https:\/\/gazetaregionalna.com\/wp-content\/uploads\/2021\/10\/Rychlewski-6.jpg\" alt=\"\" class=\"wp-image-60014 lazyload\" data-srcset=\"https:\/\/gazetaregionalna.com\/wp-content\/uploads\/2021\/10\/Rychlewski-6.jpg 768w, https:\/\/gazetaregionalna.com\/wp-content\/uploads\/2021\/10\/Rychlewski-6-300x200.jpg 300w, https:\/\/gazetaregionalna.com\/wp-content\/uploads\/2021\/10\/Rychlewski-6-696x464.jpg 696w, https:\/\/gazetaregionalna.com\/wp-content\/uploads\/2021\/10\/Rychlewski-6-630x420.jpg 630w\" data-sizes=\"(max-width: 768px) 100vw, 768px\" src=\"data:image\/svg+xml;base64,PHN2ZyB3aWR0aD0iMSIgaGVpZ2h0PSIxIiB4bWxucz0iaHR0cDovL3d3dy53My5vcmcvMjAwMC9zdmciPjwvc3ZnPg==\" style=\"--smush-placeholder-width: 768px; --smush-placeholder-aspect-ratio: 768\/512;\" \/><\/figure>\n\n\n\n<figure class=\"wp-block-image size-large\"><img decoding=\"async\" width=\"512\" height=\"768\" data-src=\"https:\/\/gazetaregionalna.com\/wp-content\/uploads\/2021\/10\/Rychlewski-5.jpg\" alt=\"\" class=\"wp-image-60013 lazyload\" data-srcset=\"https:\/\/gazetaregionalna.com\/wp-content\/uploads\/2021\/10\/Rychlewski-5.jpg 512w, https:\/\/gazetaregionalna.com\/wp-content\/uploads\/2021\/10\/Rychlewski-5-200x300.jpg 200w, https:\/\/gazetaregionalna.com\/wp-content\/uploads\/2021\/10\/Rychlewski-5-280x420.jpg 280w\" data-sizes=\"(max-width: 512px) 100vw, 512px\" src=\"data:image\/svg+xml;base64,PHN2ZyB3aWR0aD0iMSIgaGVpZ2h0PSIxIiB4bWxucz0iaHR0cDovL3d3dy53My5vcmcvMjAwMC9zdmciPjwvc3ZnPg==\" style=\"--smush-placeholder-width: 512px; --smush-placeholder-aspect-ratio: 512\/768;\" \/><\/figure>\n\n\n\n<figure class=\"wp-block-image size-large\"><img decoding=\"async\" width=\"512\" height=\"768\" data-src=\"https:\/\/gazetaregionalna.com\/wp-content\/uploads\/2021\/10\/Rychlewski-4.jpg\" alt=\"\" class=\"wp-image-60012 lazyload\" data-srcset=\"https:\/\/gazetaregionalna.com\/wp-content\/uploads\/2021\/10\/Rychlewski-4.jpg 512w, https:\/\/gazetaregionalna.com\/wp-content\/uploads\/2021\/10\/Rychlewski-4-200x300.jpg 200w, https:\/\/gazetaregionalna.com\/wp-content\/uploads\/2021\/10\/Rychlewski-4-280x420.jpg 280w\" data-sizes=\"(max-width: 512px) 100vw, 512px\" src=\"data:image\/svg+xml;base64,PHN2ZyB3aWR0aD0iMSIgaGVpZ2h0PSIxIiB4bWxucz0iaHR0cDovL3d3dy53My5vcmcvMjAwMC9zdmciPjwvc3ZnPg==\" style=\"--smush-placeholder-width: 512px; --smush-placeholder-aspect-ratio: 512\/768;\" \/><\/figure>\n\n\n\n<figure class=\"wp-block-image size-large\"><img decoding=\"async\" width=\"300\" height=\"250\" data-src=\"https:\/\/gazetaregionalna.com\/wp-content\/uploads\/2021\/10\/DMKInvest2.jpg\" alt=\"\" class=\"wp-image-58380 lazyload\" src=\"data:image\/svg+xml;base64,PHN2ZyB3aWR0aD0iMSIgaGVpZ2h0PSIxIiB4bWxucz0iaHR0cDovL3d3dy53My5vcmcvMjAwMC9zdmciPjwvc3ZnPg==\" style=\"--smush-placeholder-width: 300px; --smush-placeholder-aspect-ratio: 300\/250;\"><\/figure>\n\n\n\n<figure class=\"wp-block-image size-large\"><img decoding=\"async\" width=\"768\" height=\"512\" data-src=\"https:\/\/gazetaregionalna.com\/wp-content\/uploads\/2021\/10\/Rychlewski-2.jpg\" alt=\"\" class=\"wp-image-60010 lazyload\" data-srcset=\"https:\/\/gazetaregionalna.com\/wp-content\/uploads\/2021\/10\/Rychlewski-2.jpg 768w, https:\/\/gazetaregionalna.com\/wp-content\/uploads\/2021\/10\/Rychlewski-2-300x200.jpg 300w, https:\/\/gazetaregionalna.com\/wp-content\/uploads\/2021\/10\/Rychlewski-2-696x464.jpg 696w, https:\/\/gazetaregionalna.com\/wp-content\/uploads\/2021\/10\/Rychlewski-2-630x420.jpg 630w\" data-sizes=\"(max-width: 768px) 100vw, 768px\" src=\"data:image\/svg+xml;base64,PHN2ZyB3aWR0aD0iMSIgaGVpZ2h0PSIxIiB4bWxucz0iaHR0cDovL3d3dy53My5vcmcvMjAwMC9zdmciPjwvc3ZnPg==\" style=\"--smush-placeholder-width: 768px; --smush-placeholder-aspect-ratio: 768\/512;\" \/><\/figure>\n\n\n\n<figure class=\"wp-block-image size-large\"><img decoding=\"async\" width=\"768\" height=\"512\" data-src=\"https:\/\/gazetaregionalna.com\/wp-content\/uploads\/2021\/10\/Rychlewski-3.jpg\" alt=\"\" class=\"wp-image-60011 lazyload\" data-srcset=\"https:\/\/gazetaregionalna.com\/wp-content\/uploads\/2021\/10\/Rychlewski-3.jpg 768w, https:\/\/gazetaregionalna.com\/wp-content\/uploads\/2021\/10\/Rychlewski-3-300x200.jpg 300w, https:\/\/gazetaregionalna.com\/wp-content\/uploads\/2021\/10\/Rychlewski-3-696x464.jpg 696w, https:\/\/gazetaregionalna.com\/wp-content\/uploads\/2021\/10\/Rychlewski-3-630x420.jpg 630w\" data-sizes=\"(max-width: 768px) 100vw, 768px\" src=\"data:image\/svg+xml;base64,PHN2ZyB3aWR0aD0iMSIgaGVpZ2h0PSIxIiB4bWxucz0iaHR0cDovL3d3dy53My5vcmcvMjAwMC9zdmciPjwvc3ZnPg==\" style=\"--smush-placeholder-width: 768px; --smush-placeholder-aspect-ratio: 768\/512;\" \/><\/figure>\n\n\n\n<figure class=\"wp-block-image size-large\"><img decoding=\"async\" width=\"768\" height=\"512\" data-src=\"https:\/\/gazetaregionalna.com\/wp-content\/uploads\/2021\/10\/Rychlewski-1.jpg\" alt=\"\" class=\"wp-image-60009 lazyload\" data-srcset=\"https:\/\/gazetaregionalna.com\/wp-content\/uploads\/2021\/10\/Rychlewski-1.jpg 768w, https:\/\/gazetaregionalna.com\/wp-content\/uploads\/2021\/10\/Rychlewski-1-300x200.jpg 300w, https:\/\/gazetaregionalna.com\/wp-content\/uploads\/2021\/10\/Rychlewski-1-696x464.jpg 696w, https:\/\/gazetaregionalna.com\/wp-content\/uploads\/2021\/10\/Rychlewski-1-630x420.jpg 630w\" data-sizes=\"(max-width: 768px) 100vw, 768px\" src=\"data:image\/svg+xml;base64,PHN2ZyB3aWR0aD0iMSIgaGVpZ2h0PSIxIiB4bWxucz0iaHR0cDovL3d3dy53My5vcmcvMjAwMC9zdmciPjwvc3ZnPg==\" style=\"--smush-placeholder-width: 768px; --smush-placeholder-aspect-ratio: 768\/512;\" \/><\/figure>\n\n\n\n<figure class=\"wp-block-image size-large\"><img decoding=\"async\" width=\"300\" height=\"250\" data-src=\"https:\/\/gazetaregionalna.com\/wp-content\/uploads\/2021\/10\/DMKInvest.jpg\" alt=\"\" class=\"wp-image-58381 lazyload\" src=\"data:image\/svg+xml;base64,PHN2ZyB3aWR0aD0iMSIgaGVpZ2h0PSIxIiB4bWxucz0iaHR0cDovL3d3dy53My5vcmcvMjAwMC9zdmciPjwvc3ZnPg==\" style=\"--smush-placeholder-width: 300px; --smush-placeholder-aspect-ratio: 300\/250;\"><\/figure>\n\n\n\n<figure class=\"wp-block-image size-large\"><img decoding=\"async\" width=\"768\" height=\"512\" data-src=\"https:\/\/gazetaregionalna.com\/wp-content\/uploads\/2021\/10\/Rychlewski-0.jpg\" alt=\"\" class=\"wp-image-60008 lazyload\" data-srcset=\"https:\/\/gazetaregionalna.com\/wp-content\/uploads\/2021\/10\/Rychlewski-0.jpg 768w, https:\/\/gazetaregionalna.com\/wp-content\/uploads\/2021\/10\/Rychlewski-0-300x200.jpg 300w, https:\/\/gazetaregionalna.com\/wp-content\/uploads\/2021\/10\/Rychlewski-0-696x464.jpg 696w, https:\/\/gazetaregionalna.com\/wp-content\/uploads\/2021\/10\/Rychlewski-0-630x420.jpg 630w\" data-sizes=\"(max-width: 768px) 100vw, 768px\" src=\"data:image\/svg+xml;base64,PHN2ZyB3aWR0aD0iMSIgaGVpZ2h0PSIxIiB4bWxucz0iaHR0cDovL3d3dy53My5vcmcvMjAwMC9zdmciPjwvc3ZnPg==\" style=\"--smush-placeholder-width: 768px; --smush-placeholder-aspect-ratio: 768\/512;\" \/><\/figure>\n\n\n\n<figure class=\"wp-block-image size-large\"><img decoding=\"async\" width=\"768\" height=\"661\" data-src=\"https:\/\/gazetaregionalna.com\/wp-content\/uploads\/2021\/10\/Rychlewski-10.jpg\" alt=\"\" class=\"wp-image-60018 lazyload\" data-srcset=\"https:\/\/gazetaregionalna.com\/wp-content\/uploads\/2021\/10\/Rychlewski-10.jpg 768w, https:\/\/gazetaregionalna.com\/wp-content\/uploads\/2021\/10\/Rychlewski-10-300x258.jpg 300w, https:\/\/gazetaregionalna.com\/wp-content\/uploads\/2021\/10\/Rychlewski-10-696x599.jpg 696w, https:\/\/gazetaregionalna.com\/wp-content\/uploads\/2021\/10\/Rychlewski-10-488x420.jpg 488w\" data-sizes=\"(max-width: 768px) 100vw, 768px\" src=\"data:image\/svg+xml;base64,PHN2ZyB3aWR0aD0iMSIgaGVpZ2h0PSIxIiB4bWxucz0iaHR0cDovL3d3dy53My5vcmcvMjAwMC9zdmciPjwvc3ZnPg==\" style=\"--smush-placeholder-width: 768px; --smush-placeholder-aspect-ratio: 768\/661;\" \/><\/figure>\n","protected":false},"excerpt":{"rendered":"<p>W miniony weekend w Hali Sportowej Cz\u0119stochowa odby\u0142 si\u0119 IX Og\u00f3lnopolski Turniej Karate Uechi-Ryu. Do Cz\u0119stochowy przyjecha\u0142o blisko 200 zawodniczek i zawodnik\u00f3w z 22<\/p>\n","protected":false},"author":15,"featured_media":60017,"comment_status":"open","ping_status":"open","sticky":false,"template":"","format":"standard","meta":{"_monsterinsights_skip_tracking":false,"_monsterinsights_sitenote_active":false,"_monsterinsights_sitenote_note":"","_monsterinsights_sitenote_category":0,"_uf_show_specific_survey":0,"_uf_disable_surveys":false,"footnotes":""},"categories":[5,11],"tags":[],"class_list":["post-60007","post","type-post","status-publish","format-standard","has-post-thumbnail","hentry","category-sport","category-pozostale"],"_links":{"self":[{"href":"https:\/\/gazetaregionalna.com\/index.php?rest_route=\/wp\/v2\/posts\/60007","targetHints":{"allow":["GET"]}}],"collection":[{"href":"https:\/\/gazetaregionalna.com\/index.php?rest_route=\/wp\/v2\/posts"}],"about":[{"href":"https:\/\/gazetaregionalna.com\/index.php?rest_route=\/wp\/v2\/types\/post"}],"author":[{"embeddable":true,"href":"https:\/\/gazetaregionalna.com\/index.php?rest_route=\/wp\/v2\/users\/15"}],"replies":[{"embeddable":true,"href":"https:\/\/gazetaregionalna.com\/index.php?rest_route=%2Fwp%2Fv2%2Fcomments&post=60007"}],"version-history":[{"count":1,"href":"https:\/\/gazetaregionalna.com\/index.php?rest_route=\/wp\/v2\/posts\/60007\/revisions"}],"predecessor-version":[{"id":60019,"href":"https:\/\/gazetaregionalna.com\/index.php?rest_route=\/wp\/v2\/posts\/60007\/revisions\/60019"}],"wp:featuredmedia":[{"embeddable":true,"href":"https:\/\/gazetaregionalna.com\/index.php?rest_route=\/wp\/v2\/media\/60017"}],"wp:attachment":[{"href":"https:\/\/gazetaregionalna.com\/index.php?rest_route=%2Fwp%2Fv2%2Fmedia&parent=60007"}],"wp:term":[{"taxonomy":"category","embeddable":true,"href":"https:\/\/gazetaregionalna.com\/index.php?rest_route=%2Fwp%2Fv2%2Fcategories&post=60007"},{"taxonomy":"post_tag","embeddable":true,"href":"https:\/\/gazetaregionalna.com\/index.php?rest_route=%2Fwp%2Fv2%2Ftags&post=60007"}],"curies":[{"name":"wp","href":"https:\/\/api.w.org\/{rel}","templated":true}]}}