{"id":60005,"date":"2021-10-18T14:25:59","date_gmt":"2021-10-18T14:25:59","guid":{"rendered":"https:\/\/gazetaregionalna.com\/?p=60005"},"modified":"2021-10-18T14:26:00","modified_gmt":"2021-10-18T14:26:00","slug":"pilkarze-skry-nie-maja-wolnego-w-srode-graja-w-opolu","status":"publish","type":"post","link":"https:\/\/gazetaregionalna.com\/?p=60005","title":{"rendered":"Pi\u0142karze Skry nie maj\u0105 wolnego. W \u015brod\u0119 graj\u0105 w Opolu"},"content":{"rendered":"\n<p>Zaleg\u0142e spotkanie Fortuna 1 Ligi rozegraj\u0105 w \u015brod\u0119 pi\u0142karze Skry. W Opolu zmierz\u0105 si\u0119 z Odr\u0105.<\/p>\n\n\n\n<p>Pi\u0142karze Skry Cz\u0119stochowa w obecnym tygodniu rozegraj\u0105 dwa ligowe spotkania. W \u015brod\u0119 jad\u0105 do Opola na zaleg\u0142y mecz z Odr\u0105. Spotkanie to pierwotnie by\u0142o planowane na 9 pa\u017adziernika, ale ze wzgl\u0119du na m\u0142odzie\u017cowe powo\u0142ania do reprezentacji Polski, mecz zosta\u0142 prze\u0142o\u017cony.<\/p>\n\n\n\n<p>Skra wszystkie 11 spotka\u0144 rozegra\u0142a na wyjazdach. Zdoby\u0142a w nich 13 punkt\u00f3w. Cz\u0119stochowianie zajmuj\u0105 12. pozycj\u0119. Nieco lepiej w lidze prezentuj\u0105 si\u0119 pi\u0142karze Odty. Opolanie w 12 spotkaniach zdobyli 17 punkt\u00f3w i s\u0105 sklasyfikowani na 9. miejscu. Trzeba zaznaczy\u0107, \u017ce Odra 7 z 12 spotka\u0144 rozegra\u0142a w Opolu przed w\u0142asn\u0105 publiczno\u015bci\u0105. Zdoby\u0142a w nich 13 z 17 punkt\u00f3w.<\/p>\n\n\n\n<p>Pi\u0142karze Skry najwidoczniej przyzwyczaili si\u0119 ju\u017c do gry na obiektach rywali. Czy z opola wr\u00f3c\u0105 z punktami? O tym kibice przekonaj\u0105 si\u0119 w \u015brodowy wiecz\u00f3r. Skra nie b\u0119dzie mia\u0142a du\u017co czasu na regeneracj\u0119 si\u0142, bo ju\u017c w najbli\u017csz\u0105 sobot\u0119 cz\u0119stochowscy pi\u0142karze zagraj\u0105 w Tychach z GKS-em.<\/p>\n\n\n\n<p>AK<\/p>\n\n\n\n<p>Foto: AK<\/p>\n\n\n\n<figure class=\"wp-block-image size-large\"><img decoding=\"async\" width=\"838\" height=\"530\" data-src=\"https:\/\/gazetaregionalna.com\/wp-content\/uploads\/2021\/07\/Skra-6.jpg\" alt=\"\" class=\"wp-image-49347 lazyload\" data-srcset=\"https:\/\/gazetaregionalna.com\/wp-content\/uploads\/2021\/07\/Skra-6.jpg 838w, https:\/\/gazetaregionalna.com\/wp-content\/uploads\/2021\/07\/Skra-6-300x190.jpg 300w, https:\/\/gazetaregionalna.com\/wp-content\/uploads\/2021\/07\/Skra-6-768x486.jpg 768w, https:\/\/gazetaregionalna.com\/wp-content\/uploads\/2021\/07\/Skra-6-696x440.jpg 696w, https:\/\/gazetaregionalna.com\/wp-content\/uploads\/2021\/07\/Skra-6-664x420.jpg 664w\" data-sizes=\"(max-width: 838px) 100vw, 838px\" src=\"data:image\/svg+xml;base64,PHN2ZyB3aWR0aD0iMSIgaGVpZ2h0PSIxIiB4bWxucz0iaHR0cDovL3d3dy53My5vcmcvMjAwMC9zdmciPjwvc3ZnPg==\" style=\"--smush-placeholder-width: 838px; --smush-placeholder-aspect-ratio: 838\/530;\" \/><\/figure>\n\n\n\n<figure class=\"wp-block-image size-large\"><img decoding=\"async\" width=\"300\" height=\"250\" data-src=\"https:\/\/gazetaregionalna.com\/wp-content\/uploads\/2021\/10\/DMKInvest2.jpg\" alt=\"\" class=\"wp-image-58380 lazyload\" src=\"data:image\/svg+xml;base64,PHN2ZyB3aWR0aD0iMSIgaGVpZ2h0PSIxIiB4bWxucz0iaHR0cDovL3d3dy53My5vcmcvMjAwMC9zdmciPjwvc3ZnPg==\" style=\"--smush-placeholder-width: 300px; --smush-placeholder-aspect-ratio: 300\/250;\"><\/figure>\n","protected":false},"excerpt":{"rendered":"<p>Zaleg\u0142e spotkanie Fortuna 1 Ligi rozegraj\u0105 w \u015brod\u0119 pi\u0142karze Skry. W Opolu zmierz\u0105 si\u0119 z Odr\u0105. Pi\u0142karze Skry Cz\u0119stochowa w obecnym tygodniu rozegraj\u0105 dwa<\/p>\n","protected":false},"author":15,"featured_media":49347,"comment_status":"open","ping_status":"open","sticky":false,"template":"","format":"standard","meta":{"_monsterinsights_skip_tracking":false,"_monsterinsights_sitenote_active":false,"_monsterinsights_sitenote_note":"","_monsterinsights_sitenote_category":0,"_uf_show_specific_survey":0,"_uf_disable_surveys":false,"footnotes":""},"categories":[5,6],"tags":[],"class_list":["post-60005","post","type-post","status-publish","format-standard","has-post-thumbnail","hentry","category-sport","category-pilka-nozna"],"_links":{"self":[{"href":"https:\/\/gazetaregionalna.com\/index.php?rest_route=\/wp\/v2\/posts\/60005","targetHints":{"allow":["GET"]}}],"collection":[{"href":"https:\/\/gazetaregionalna.com\/index.php?rest_route=\/wp\/v2\/posts"}],"about":[{"href":"https:\/\/gazetaregionalna.com\/index.php?rest_route=\/wp\/v2\/types\/post"}],"author":[{"embeddable":true,"href":"https:\/\/gazetaregionalna.com\/index.php?rest_route=\/wp\/v2\/users\/15"}],"replies":[{"embeddable":true,"href":"https:\/\/gazetaregionalna.com\/index.php?rest_route=%2Fwp%2Fv2%2Fcomments&post=60005"}],"version-history":[{"count":1,"href":"https:\/\/gazetaregionalna.com\/index.php?rest_route=\/wp\/v2\/posts\/60005\/revisions"}],"predecessor-version":[{"id":60006,"href":"https:\/\/gazetaregionalna.com\/index.php?rest_route=\/wp\/v2\/posts\/60005\/revisions\/60006"}],"wp:featuredmedia":[{"embeddable":true,"href":"https:\/\/gazetaregionalna.com\/index.php?rest_route=\/wp\/v2\/media\/49347"}],"wp:attachment":[{"href":"https:\/\/gazetaregionalna.com\/index.php?rest_route=%2Fwp%2Fv2%2Fmedia&parent=60005"}],"wp:term":[{"taxonomy":"category","embeddable":true,"href":"https:\/\/gazetaregionalna.com\/index.php?rest_route=%2Fwp%2Fv2%2Fcategories&post=60005"},{"taxonomy":"post_tag","embeddable":true,"href":"https:\/\/gazetaregionalna.com\/index.php?rest_route=%2Fwp%2Fv2%2Ftags&post=60005"}],"curies":[{"name":"wp","href":"https:\/\/api.w.org\/{rel}","templated":true}]}}