{"id":59886,"date":"2021-10-18T10:19:29","date_gmt":"2021-10-18T10:19:29","guid":{"rendered":"https:\/\/gazetaregionalna.com\/?p=59886"},"modified":"2021-10-18T11:22:34","modified_gmt":"2021-10-18T11:22:34","slug":"dzisiaj-formalnie-ruszyl-remont-dk-46","status":"publish","type":"post","link":"https:\/\/gazetaregionalna.com\/?p=59886","title":{"rendered":"Dzisiaj formalnie ruszy\u0142 remont DK-46"},"content":{"rendered":"\n<h2 class=\"wp-block-heading\">Ruszy\u0142 formalnie remont DK-46. Prace b\u0119d\u0105 prowadzone na ulicach: G\u0142\u00f3wnej i Przejazdowej. Rozpocz\u0119cie inwestycji poprzedzone zosta\u0142o dzisiejszym odbiorem oznakowania zwi\u0105zanego z tymczasow\u0105 organizacj\u0105 ruchu, kt\u00f3ra zaczyna obowi\u0105zywa\u0107 w kilku lokalizacjach.<\/h2>\n\n\n\n<figure class=\"wp-block-image size-large\"><img decoding=\"async\" width=\"1024\" height=\"779\" data-src=\"https:\/\/gazetaregionalna.com\/wp-content\/uploads\/2021\/10\/ruch-waha-1024x779.jpg\" alt=\"\" class=\"wp-image-59917 lazyload\" data-srcset=\"https:\/\/gazetaregionalna.com\/wp-content\/uploads\/2021\/10\/ruch-waha-1024x779.jpg 1024w, https:\/\/gazetaregionalna.com\/wp-content\/uploads\/2021\/10\/ruch-waha-300x228.jpg 300w, https:\/\/gazetaregionalna.com\/wp-content\/uploads\/2021\/10\/ruch-waha-768x584.jpg 768w, https:\/\/gazetaregionalna.com\/wp-content\/uploads\/2021\/10\/ruch-waha-696x530.jpg 696w, https:\/\/gazetaregionalna.com\/wp-content\/uploads\/2021\/10\/ruch-waha-1068x813.jpg 1068w, https:\/\/gazetaregionalna.com\/wp-content\/uploads\/2021\/10\/ruch-waha-552x420.jpg 552w, https:\/\/gazetaregionalna.com\/wp-content\/uploads\/2021\/10\/ruch-waha-80x60.jpg 80w, https:\/\/gazetaregionalna.com\/wp-content\/uploads\/2021\/10\/ruch-waha.jpg 1292w\" data-sizes=\"(max-width: 1024px) 100vw, 1024px\" src=\"data:image\/svg+xml;base64,PHN2ZyB3aWR0aD0iMSIgaGVpZ2h0PSIxIiB4bWxucz0iaHR0cDovL3d3dy53My5vcmcvMjAwMC9zdmciPjwvc3ZnPg==\" style=\"--smush-placeholder-width: 1024px; --smush-placeholder-aspect-ratio: 1024\/779;\" \/><figcaption>(mat. UM Cz\u0119stochowa)<\/figcaption><\/figure>\n\n\n\n<p>Zadanie pn. \u201eRozbudowa DK-46 \u2013 ul. G\u0142\u00f3wnej i ul. Przejazdowej wraz z budow\u0105 obej\u015bcia ul. \u015aw. Barbary do ul. Pu\u0142askiego w Cz\u0119stochowie\u201d to kolejna, strategiczna inwestycja, kt\u00f3ra jest realizowana w ramach programu \u201eLepsza Komunikacja w Cz\u0119stochowie\u201d. Opr\u00f3cz budowy infrastruktury drogowej i podziemnych sieci, na odcinku ok. 6 km powstan\u0105 drogi rowerowe, chodniki, o\u015bwietlenie i skrzy\u017cowania poprzeczne, kt\u00f3re zyskaj\u0105 now\u0105, komfortow\u0105 i bezpieczn\u0105 geometri\u0119. Dzi\u0119ki budowie nowego \u015bladu drogi tzw. obej\u015bcia ul. \u015aw. Barbary z okolic centrum wycofany zostanie te\u017c ruch tranzytowy. Inwestycja wraz z dofinansowaniem ze \u015brodk\u00f3w UE kosztowa\u0107 b\u0119dzie ponad 98 mln z\u0142otych.<\/p>\n\n\n\n<p>Jak przekaza\u0142 Miejski Zarz\u0105d Dr\u00f3g w Cz\u0119stochowie, wykonawca przebudowy DK-46 rozpoczyna w\u0142a\u015bciwe prace budowlane na wybranych odcinkach drogi.<\/p>\n\n\n\n<p>&#8211; Od 18 pa\u017adziernika w zwi\u0105zku z tym ruch w ul. Przejazdowej na fragmencie ok. 500 m od ul. Szybowej (nieopodal granicy miasta) do ul. Marynarskiej b\u0119dzie odbywa\u0142 si\u0119 wahad\u0142owo po jednym pasie drogi ze sterowaniem sygnalizacj\u0105 \u015bwietln\u0105 \u2013 poinformowa\u0142 Maciej Hasik, rzecznik prasowy MZD. &#8211; Frezowana b\u0119dzie tam nawierzchnia jezdni, przygotowywane b\u0119d\u0105 te\u017c prace zwi\u0105zane z przebudow\u0105 sieci podziemnych.<\/p>\n\n\n\n<p>Przez najbli\u017cszych kilka dni ruch wahad\u0142owy pojawi si\u0119 na kr\u00f3tszym (ok. 100 m) fragmencie w obr\u0119bie obiektu mostowego nad rzek\u0105 Gorzelank\u0105 (za wyjazdem z ul. Tatrza\u0144skiej w stron\u0119 miasta). Tam rozpoczn\u0105 si\u0119 prace zwi\u0105zane z budow\u0105 tymczasowego przejazdu, kt\u00f3ry umo\u017cliwi prace budowlane na w\u0142a\u015bciwym obiekcie.<\/p>\n\n\n\n<p>Wi\u0119cej szczeg\u00f3\u0142\u00f3w wraz z mapkami pogl\u0105dowymi w linku&nbsp;<a href=\"http:\/\/mzd.czest.pl\/utrudnienia-w-ruchu-mzdit\/ulica-przejazdowa-utrudnienia-w-ruchu\" target=\"_blank\" rel=\"noopener\">http:\/\/mzd.czest.pl\/utrudnienia-w-ruchu-mzdit\/ulica-przejazdowa-utrudnienia-w-ruchu<\/a><\/p>\n\n\n\n<p>Jak zaznacza rzecznik prasowy MZD, poza dwoma wskazanymi odcinkami, kierowcy na razie nie powinni spodziewa\u0107 si\u0119 innych utrudnie\u0144 w obr\u0119bie placu budowy.<\/p>\n\n\n\n<p>&#8211; Prace przygotowawcze b\u0119d\u0105 natomiast odbywa\u0107 si\u0119 tak\u017ce przy budowie nowego \u015bladu drogi, co nie b\u0119dzie generowa\u0142o dodatkowych niedogodno\u015bci \u2013 poda\u0142 w komunikacie Miejski Zarz\u0105d Dr\u00f3g. &#8211; W zwi\u0105zku z utrudnieniami wjazd do miasta i wyjazd w kierunku Opola przez ul. Przejazdow\u0105 wyd\u0142u\u017cy si\u0119 o kilka minut. Kierowcy chc\u0105cy omin\u0105\u0107 utrudnienia mog\u0105 kierowa\u0107 si\u0119 na autostradow\u0105 obwodnic\u0119 miasta na w\u0119\u017ale Cz\u0119stochowa \u2013 Blachownia. Prosimy o zachowanie ostro\u017cno\u015bci przy poruszaniu si\u0119 w obr\u0119bie placu rozbudowy DK-46 w Cz\u0119stochowie.<\/p>\n","protected":false},"excerpt":{"rendered":"<p>Ruszy\u0142 formalnie remont DK-46. Prace b\u0119d\u0105 prowadzone na ulicach: G\u0142\u00f3wnej i Przejazdowej. Rozpocz\u0119cie inwestycji poprzedzone zosta\u0142o dzisiejszym odbiorem oznakowania zwi\u0105zanego z tymczasow\u0105 organizacj\u0105 ruchu,<\/p>\n","protected":false},"author":7,"featured_media":59888,"comment_status":"open","ping_status":"open","sticky":false,"template":"","format":"standard","meta":{"_monsterinsights_skip_tracking":false,"_monsterinsights_sitenote_active":false,"_monsterinsights_sitenote_note":"","_monsterinsights_sitenote_category":0,"_uf_show_specific_survey":0,"_uf_disable_surveys":false,"footnotes":""},"categories":[94,3,2],"tags":[],"class_list":["post-59886","post","type-post","status-publish","format-standard","has-post-thumbnail","hentry","category-polecane","category-czestochowa-informacje","category-wiadomosci"],"_links":{"self":[{"href":"https:\/\/gazetaregionalna.com\/index.php?rest_route=\/wp\/v2\/posts\/59886","targetHints":{"allow":["GET"]}}],"collection":[{"href":"https:\/\/gazetaregionalna.com\/index.php?rest_route=\/wp\/v2\/posts"}],"about":[{"href":"https:\/\/gazetaregionalna.com\/index.php?rest_route=\/wp\/v2\/types\/post"}],"author":[{"embeddable":true,"href":"https:\/\/gazetaregionalna.com\/index.php?rest_route=\/wp\/v2\/users\/7"}],"replies":[{"embeddable":true,"href":"https:\/\/gazetaregionalna.com\/index.php?rest_route=%2Fwp%2Fv2%2Fcomments&post=59886"}],"version-history":[{"count":2,"href":"https:\/\/gazetaregionalna.com\/index.php?rest_route=\/wp\/v2\/posts\/59886\/revisions"}],"predecessor-version":[{"id":59918,"href":"https:\/\/gazetaregionalna.com\/index.php?rest_route=\/wp\/v2\/posts\/59886\/revisions\/59918"}],"wp:featuredmedia":[{"embeddable":true,"href":"https:\/\/gazetaregionalna.com\/index.php?rest_route=\/wp\/v2\/media\/59888"}],"wp:attachment":[{"href":"https:\/\/gazetaregionalna.com\/index.php?rest_route=%2Fwp%2Fv2%2Fmedia&parent=59886"}],"wp:term":[{"taxonomy":"category","embeddable":true,"href":"https:\/\/gazetaregionalna.com\/index.php?rest_route=%2Fwp%2Fv2%2Fcategories&post=59886"},{"taxonomy":"post_tag","embeddable":true,"href":"https:\/\/gazetaregionalna.com\/index.php?rest_route=%2Fwp%2Fv2%2Ftags&post=59886"}],"curies":[{"name":"wp","href":"https:\/\/api.w.org\/{rel}","templated":true}]}}