{"id":59727,"date":"2021-10-18T06:48:46","date_gmt":"2021-10-18T06:48:46","guid":{"rendered":"https:\/\/gazetaregionalna.com\/?p=59727"},"modified":"2021-10-18T06:48:46","modified_gmt":"2021-10-18T06:48:46","slug":"dzisiaj-znowu-beda-przypominac-o-potrzebie-niezaleznosci-sadow-i-bronic-niezawislosci-sedziow","status":"publish","type":"post","link":"https:\/\/gazetaregionalna.com\/?p=59727","title":{"rendered":"Dzisiaj znowu b\u0119d\u0105 przypomina\u0107 o potrzebie niezale\u017cno\u015bci s\u0105d\u00f3w  i broni\u0107 niezawis\u0142o\u015bci s\u0119dzi\u00f3w"},"content":{"rendered":"\n<figure class=\"wp-block-image size-large\"><img decoding=\"async\" width=\"1024\" height=\"768\" data-src=\"https:\/\/gazetaregionalna.com\/wp-content\/uploads\/2021\/10\/sad2-1024x768.jpg\" alt=\"\" class=\"wp-image-59730 lazyload\" data-srcset=\"https:\/\/gazetaregionalna.com\/wp-content\/uploads\/2021\/10\/sad2-1024x768.jpg 1024w, https:\/\/gazetaregionalna.com\/wp-content\/uploads\/2021\/10\/sad2-300x225.jpg 300w, https:\/\/gazetaregionalna.com\/wp-content\/uploads\/2021\/10\/sad2-768x576.jpg 768w, https:\/\/gazetaregionalna.com\/wp-content\/uploads\/2021\/10\/sad2-696x522.jpg 696w, https:\/\/gazetaregionalna.com\/wp-content\/uploads\/2021\/10\/sad2-1068x801.jpg 1068w, https:\/\/gazetaregionalna.com\/wp-content\/uploads\/2021\/10\/sad2-560x420.jpg 560w, https:\/\/gazetaregionalna.com\/wp-content\/uploads\/2021\/10\/sad2-80x60.jpg 80w, https:\/\/gazetaregionalna.com\/wp-content\/uploads\/2021\/10\/sad2-265x198.jpg 265w, https:\/\/gazetaregionalna.com\/wp-content\/uploads\/2021\/10\/sad2.jpg 1500w\" data-sizes=\"(max-width: 1024px) 100vw, 1024px\" src=\"data:image\/svg+xml;base64,PHN2ZyB3aWR0aD0iMSIgaGVpZ2h0PSIxIiB4bWxucz0iaHR0cDovL3d3dy53My5vcmcvMjAwMC9zdmciPjwvc3ZnPg==\" style=\"--smush-placeholder-width: 1024px; --smush-placeholder-aspect-ratio: 1024\/768;\" \/><\/figure>\n\n\n\n<p>Dzisiaj znowu b\u0119d\u0105 przypomina\u0107 o potrzebie niezale\u017cno\u015bci s\u0119dzi\u00f3w. Jak ka\u017cdego 18. dnia miesi\u0105ca, tak\u017ce dzi\u015b przed budynkiem cz\u0119stochowskich s\u0105d\u00f3w odb\u0119dzie si\u0119 pikieta w obronie niezawis\u0142o\u015bci s\u0119dzi\u00f3w.<\/p>\n\n\n\n<p>Pikiet\u0119 organizuje, jak zwykle, KOD Cz\u0119stochowa. Uczestnicy manifestacji po raz kolejny b\u0119d\u0105 przypomina\u0107 o konieczno\u015bci niezale\u017cno\u015bci s\u0105d\u00f3w, a tak\u017ce upomn\u0105 si\u0119 o zawieszonych przez ministra sprawiedliwo\u015bci s\u0119dzi\u00f3w, tak\u017ce z Cz\u0119stochowy.<\/p>\n\n\n\n<p>Takie protesty odb\u0119d\u0105 si\u0119 dzisiaj w ca\u0142ej Polsce.<\/p>\n","protected":false},"excerpt":{"rendered":"<p>Dzisiaj znowu b\u0119d\u0105 przypomina\u0107 o potrzebie niezale\u017cno\u015bci s\u0119dzi\u00f3w. Jak ka\u017cdego 18. dnia miesi\u0105ca, tak\u017ce dzi\u015b przed budynkiem cz\u0119stochowskich s\u0105d\u00f3w odb\u0119dzie si\u0119 pikieta w obronie<\/p>\n","protected":false},"author":7,"featured_media":59731,"comment_status":"open","ping_status":"open","sticky":false,"template":"","format":"standard","meta":{"_monsterinsights_skip_tracking":false,"_monsterinsights_sitenote_active":false,"_monsterinsights_sitenote_note":"","_monsterinsights_sitenote_category":0,"_uf_show_specific_survey":0,"_uf_disable_surveys":false,"footnotes":""},"categories":[94,3,2],"tags":[],"class_list":["post-59727","post","type-post","status-publish","format-standard","has-post-thumbnail","hentry","category-polecane","category-czestochowa-informacje","category-wiadomosci"],"_links":{"self":[{"href":"https:\/\/gazetaregionalna.com\/index.php?rest_route=\/wp\/v2\/posts\/59727","targetHints":{"allow":["GET"]}}],"collection":[{"href":"https:\/\/gazetaregionalna.com\/index.php?rest_route=\/wp\/v2\/posts"}],"about":[{"href":"https:\/\/gazetaregionalna.com\/index.php?rest_route=\/wp\/v2\/types\/post"}],"author":[{"embeddable":true,"href":"https:\/\/gazetaregionalna.com\/index.php?rest_route=\/wp\/v2\/users\/7"}],"replies":[{"embeddable":true,"href":"https:\/\/gazetaregionalna.com\/index.php?rest_route=%2Fwp%2Fv2%2Fcomments&post=59727"}],"version-history":[{"count":3,"href":"https:\/\/gazetaregionalna.com\/index.php?rest_route=\/wp\/v2\/posts\/59727\/revisions"}],"predecessor-version":[{"id":59732,"href":"https:\/\/gazetaregionalna.com\/index.php?rest_route=\/wp\/v2\/posts\/59727\/revisions\/59732"}],"wp:featuredmedia":[{"embeddable":true,"href":"https:\/\/gazetaregionalna.com\/index.php?rest_route=\/wp\/v2\/media\/59731"}],"wp:attachment":[{"href":"https:\/\/gazetaregionalna.com\/index.php?rest_route=%2Fwp%2Fv2%2Fmedia&parent=59727"}],"wp:term":[{"taxonomy":"category","embeddable":true,"href":"https:\/\/gazetaregionalna.com\/index.php?rest_route=%2Fwp%2Fv2%2Fcategories&post=59727"},{"taxonomy":"post_tag","embeddable":true,"href":"https:\/\/gazetaregionalna.com\/index.php?rest_route=%2Fwp%2Fv2%2Ftags&post=59727"}],"curies":[{"name":"wp","href":"https:\/\/api.w.org\/{rel}","templated":true}]}}