{"id":59596,"date":"2021-10-16T20:54:54","date_gmt":"2021-10-16T20:54:54","guid":{"rendered":"https:\/\/gazetaregionalna.com\/?p=59596"},"modified":"2021-10-16T20:54:55","modified_gmt":"2021-10-16T20:54:55","slug":"remis-skry-w-katowicach-z-gks-em","status":"publish","type":"post","link":"https:\/\/gazetaregionalna.com\/?p=59596","title":{"rendered":"Remis Skry w Katowicach z GKS-em"},"content":{"rendered":"\n<p>Pi\u0142karze 1-ligowej Skry w sobotni wiecz\u00f3r wzbogacili si\u0119 o kolejny punkt w Fortuna 1 Lidze. Skra zremisowa\u0142a w Katowicach z GKS-em 0:0 b\u0119d\u0105c gospodarzem&#8230;<\/p>\n\n\n\n<p>Jedenasty mecz w Fortuna 1 Lidze rozegrali w sobot\u0119 pi\u0142karze Skry. Trzeba zaznaczy\u0107, \u017ce wszystkie mecze cz\u0119stochowscy pi\u0142karze rozgrywaj\u0105 na wyjazdach. W sobot\u0119 Skra rozegra\u0142a dobre spotkanie. Cz\u0119stochowianie walczyli, chcieli wygra\u0107, ale nie znale\u017ali sposobu na pokonanie bramkarza GKS-u. Wa\u017cne jest te\u017c to, \u017ce sami nie stracili bramki&#8230;<\/p>\n\n\n\n<p>Skra po 11 meczach ma na koncie 13 punkt\u00f3w.<\/p>\n\n\n\n<p><strong>Skra Cz\u0119stochowa \u2013 GKS Katowice 0:0<\/strong><\/p>\n\n\n\n<p>AK<\/p>\n\n\n\n<p>Foto: AK<\/p>\n\n\n\n<figure class=\"wp-block-image size-large\"><img decoding=\"async\" width=\"838\" height=\"530\" data-src=\"https:\/\/gazetaregionalna.com\/wp-content\/uploads\/2021\/07\/Skra-6.jpg\" alt=\"\" class=\"wp-image-49347 lazyload\" data-srcset=\"https:\/\/gazetaregionalna.com\/wp-content\/uploads\/2021\/07\/Skra-6.jpg 838w, https:\/\/gazetaregionalna.com\/wp-content\/uploads\/2021\/07\/Skra-6-300x190.jpg 300w, https:\/\/gazetaregionalna.com\/wp-content\/uploads\/2021\/07\/Skra-6-768x486.jpg 768w, https:\/\/gazetaregionalna.com\/wp-content\/uploads\/2021\/07\/Skra-6-696x440.jpg 696w, https:\/\/gazetaregionalna.com\/wp-content\/uploads\/2021\/07\/Skra-6-664x420.jpg 664w\" data-sizes=\"(max-width: 838px) 100vw, 838px\" src=\"data:image\/svg+xml;base64,PHN2ZyB3aWR0aD0iMSIgaGVpZ2h0PSIxIiB4bWxucz0iaHR0cDovL3d3dy53My5vcmcvMjAwMC9zdmciPjwvc3ZnPg==\" style=\"--smush-placeholder-width: 838px; --smush-placeholder-aspect-ratio: 838\/530;\" \/><\/figure>\n\n\n\n<figure class=\"wp-block-image size-large\"><img decoding=\"async\" width=\"300\" height=\"250\" data-src=\"https:\/\/gazetaregionalna.com\/wp-content\/uploads\/2021\/10\/DMKInvest2.jpg\" alt=\"\" class=\"wp-image-58380 lazyload\" src=\"data:image\/svg+xml;base64,PHN2ZyB3aWR0aD0iMSIgaGVpZ2h0PSIxIiB4bWxucz0iaHR0cDovL3d3dy53My5vcmcvMjAwMC9zdmciPjwvc3ZnPg==\" style=\"--smush-placeholder-width: 300px; --smush-placeholder-aspect-ratio: 300\/250;\"><\/figure>\n\n\n\n<figure class=\"wp-block-image size-large\"><img decoding=\"async\" width=\"851\" height=\"557\" data-src=\"https:\/\/gazetaregionalna.com\/wp-content\/uploads\/2021\/07\/Skra-7.jpg\" alt=\"\" class=\"wp-image-49348 lazyload\" data-srcset=\"https:\/\/gazetaregionalna.com\/wp-content\/uploads\/2021\/07\/Skra-7.jpg 851w, https:\/\/gazetaregionalna.com\/wp-content\/uploads\/2021\/07\/Skra-7-300x196.jpg 300w, https:\/\/gazetaregionalna.com\/wp-content\/uploads\/2021\/07\/Skra-7-768x503.jpg 768w, https:\/\/gazetaregionalna.com\/wp-content\/uploads\/2021\/07\/Skra-7-696x456.jpg 696w, https:\/\/gazetaregionalna.com\/wp-content\/uploads\/2021\/07\/Skra-7-642x420.jpg 642w, https:\/\/gazetaregionalna.com\/wp-content\/uploads\/2021\/07\/Skra-7-741x486.jpg 741w\" data-sizes=\"(max-width: 851px) 100vw, 851px\" src=\"data:image\/svg+xml;base64,PHN2ZyB3aWR0aD0iMSIgaGVpZ2h0PSIxIiB4bWxucz0iaHR0cDovL3d3dy53My5vcmcvMjAwMC9zdmciPjwvc3ZnPg==\" style=\"--smush-placeholder-width: 851px; --smush-placeholder-aspect-ratio: 851\/557;\" \/><\/figure>\n","protected":false},"excerpt":{"rendered":"<p>Pi\u0142karze 1-ligowej Skry w sobotni wiecz\u00f3r wzbogacili si\u0119 o kolejny punkt w Fortuna 1 Lidze. Skra zremisowa\u0142a w Katowicach z GKS-em 0:0 b\u0119d\u0105c gospodarzem&#8230;<\/p>\n","protected":false},"author":15,"featured_media":49347,"comment_status":"open","ping_status":"open","sticky":false,"template":"","format":"standard","meta":{"_monsterinsights_skip_tracking":false,"_monsterinsights_sitenote_active":false,"_monsterinsights_sitenote_note":"","_monsterinsights_sitenote_category":0,"_uf_show_specific_survey":0,"_uf_disable_surveys":false,"footnotes":""},"categories":[5,6],"tags":[],"class_list":["post-59596","post","type-post","status-publish","format-standard","has-post-thumbnail","hentry","category-sport","category-pilka-nozna"],"_links":{"self":[{"href":"https:\/\/gazetaregionalna.com\/index.php?rest_route=\/wp\/v2\/posts\/59596","targetHints":{"allow":["GET"]}}],"collection":[{"href":"https:\/\/gazetaregionalna.com\/index.php?rest_route=\/wp\/v2\/posts"}],"about":[{"href":"https:\/\/gazetaregionalna.com\/index.php?rest_route=\/wp\/v2\/types\/post"}],"author":[{"embeddable":true,"href":"https:\/\/gazetaregionalna.com\/index.php?rest_route=\/wp\/v2\/users\/15"}],"replies":[{"embeddable":true,"href":"https:\/\/gazetaregionalna.com\/index.php?rest_route=%2Fwp%2Fv2%2Fcomments&post=59596"}],"version-history":[{"count":1,"href":"https:\/\/gazetaregionalna.com\/index.php?rest_route=\/wp\/v2\/posts\/59596\/revisions"}],"predecessor-version":[{"id":59597,"href":"https:\/\/gazetaregionalna.com\/index.php?rest_route=\/wp\/v2\/posts\/59596\/revisions\/59597"}],"wp:featuredmedia":[{"embeddable":true,"href":"https:\/\/gazetaregionalna.com\/index.php?rest_route=\/wp\/v2\/media\/49347"}],"wp:attachment":[{"href":"https:\/\/gazetaregionalna.com\/index.php?rest_route=%2Fwp%2Fv2%2Fmedia&parent=59596"}],"wp:term":[{"taxonomy":"category","embeddable":true,"href":"https:\/\/gazetaregionalna.com\/index.php?rest_route=%2Fwp%2Fv2%2Fcategories&post=59596"},{"taxonomy":"post_tag","embeddable":true,"href":"https:\/\/gazetaregionalna.com\/index.php?rest_route=%2Fwp%2Fv2%2Ftags&post=59596"}],"curies":[{"name":"wp","href":"https:\/\/api.w.org\/{rel}","templated":true}]}}