{"id":59396,"date":"2021-10-15T14:45:42","date_gmt":"2021-10-15T14:45:42","guid":{"rendered":"https:\/\/gazetaregionalna.com\/?p=59396"},"modified":"2021-10-15T14:45:43","modified_gmt":"2021-10-15T14:45:43","slug":"rakow-jedzie-do-wroclawia-na-mecz-ze-slaskiem","status":"publish","type":"post","link":"https:\/\/gazetaregionalna.com\/?p=59396","title":{"rendered":"Rak\u00f3w jedzie do Wroc\u0142awia na mecz ze \u015al\u0105skiem"},"content":{"rendered":"\n<p>Trudne zadanie czeka w sobot\u0119 na pi\u0142karzy Rakowa. Cz\u0119stochowianie zmierz\u0105 si\u0119 we Wroc\u0142awiu ze \u015al\u0105skiem, kt\u00f3ry jest tu\u017c za plecami czerwono-niebieskich i ma tylko punkt straty do Rakowa. Je\u015bli wygra \u015al\u0105sk to Rak\u00f3w straci czwarte miejsce w tabeli PKO BP Ekstraklasy&#8230;<\/p>\n\n\n\n<p>Pi\u0142karze Rakowa ostatni mecz ligowy w PKO BP Ekstraklasie rozegrali 3 pa\u017adziernika. Przy Limanowskiego 83 pokonali Wart\u0119 Pozna\u0144 3:0. Przerw\u0119 na gr\u0119 reprezentacji Polski podopieczni trenera Marka Papszuna wykorzystali na sparing z Podbeskidziem Bielsko Bia\u0142a. Czerwono-niebiescy wygrali 1:0.<\/p>\n\n\n\n<p>W sobot\u0119 pi\u0142karze Rakowa powracaj\u0105 do gry w PKO BP Ekstraklasie. Cz\u0119stochowianie zmierz\u0105 si\u0119 we Wroc\u0142awiu ze \u015al\u0105skiem. Stawka meczu jest bardzo du\u017ca. Je\u015bli Rak\u00f3w wygra to mo\u017ce zmniejszy\u0107 strat\u0119 do lidera Lecha Pozna\u0144, kt\u00f3ra obecnie wynosi tylko 3 punkty. Lech w weekend zagra w Warszawie z Legi\u0105 i nie b\u0119dzie mia\u0142 \u0142atwego zadania. Trzeba te\u017c pami\u0119ta\u0107, \u017ce Rak\u00f3w ma do rozegrania jeszcze zaleg\u0142y mecz z G\u00f3rnikiem Zabrze.<\/p>\n\n\n\n<p>Obecna sytuacja w tabeli PKO BP Ekstraklasy wygl\u0105da nast\u0119puj\u0105co. Prowadzi Lech Pozna\u0144 (10 mecz\u00f3w, 21 punkt\u00f3w). Druga jest Lechia Gda\u0144sk (10 mecz\u00f3w, 19 punkt\u00f3w), a trzecia Pogo\u0144 Szczecin (10 mecz\u00f3w, 19 punkt\u00f3w). Czwarty jest Rak\u00f3w Cz\u0119stochowa (9 mecz\u00f3w, 18 punkt\u00f3w), a pi\u0105ty \u015al\u0105sk Wroc\u0142aw (10 mecz\u00f3w, 17 punkt\u00f3w). I dlatego mecz we Wroc\u0142awiu ma du\u017ce znaczenia dla cz\u0119stochowskiego klubu. Je\u015bli Rak\u00f3w wygra we Wroc\u0142awiu to ma szans\u0119 na awans w tabeli. Je\u015bli cz\u0119stochowianie przegraj\u0105 w sobot\u0119 ze \u015al\u0105skiem to na pewno strac\u0105 4. miejsce w tabeli i zostan\u0105 wyprzedzeni przez wroc\u0142awian&#8230;<\/p>\n\n\n\n<p>W ostatnich dniach pi\u0142karze Rakowa pod okiem trenera Marka Papszuna mogli w spokoju przygotowywa\u0107 si\u0119 do meczu we Wroc\u0142awiu, a kilku innych pi\u0142karzy gra\u0142o w swoich reprezentacjach kraju. Valerian Gvilia zagra\u0142 w reprezentacji Gruzji w meczach przeciwko Grecji i z Kosowem. Vladislavs Gutkovskis gra\u0142 w reprezentacji \u0141otwy. R\u00f3wnie\u017c Daniel Szel\u0105gowski mia\u0142 okazj\u0119 wyst\u0105pi\u0107 w reprezentacji Polski U21.<\/p>\n\n\n\n<p>AK<\/p>\n\n\n\n<p>Foto: AK<\/p>\n\n\n\n<figure class=\"wp-block-image size-large\"><img decoding=\"async\" width=\"1024\" height=\"560\" data-src=\"https:\/\/gazetaregionalna.com\/wp-content\/uploads\/2021\/05\/Rakowa-Slask-120-1024x560.jpg\" alt=\"\" class=\"wp-image-40190 lazyload\" data-srcset=\"https:\/\/gazetaregionalna.com\/wp-content\/uploads\/2021\/05\/Rakowa-Slask-120-1024x560.jpg 1024w, https:\/\/gazetaregionalna.com\/wp-content\/uploads\/2021\/05\/Rakowa-Slask-120-300x164.jpg 300w, https:\/\/gazetaregionalna.com\/wp-content\/uploads\/2021\/05\/Rakowa-Slask-120-768x420.jpg 768w, https:\/\/gazetaregionalna.com\/wp-content\/uploads\/2021\/05\/Rakowa-Slask-120-1536x840.jpg 1536w, https:\/\/gazetaregionalna.com\/wp-content\/uploads\/2021\/05\/Rakowa-Slask-120-2048x1120.jpg 2048w, https:\/\/gazetaregionalna.com\/wp-content\/uploads\/2021\/05\/Rakowa-Slask-120-696x381.jpg 696w, https:\/\/gazetaregionalna.com\/wp-content\/uploads\/2021\/05\/Rakowa-Slask-120-1068x584.jpg 1068w, https:\/\/gazetaregionalna.com\/wp-content\/uploads\/2021\/05\/Rakowa-Slask-120-1920x1050.jpg 1920w, https:\/\/gazetaregionalna.com\/wp-content\/uploads\/2021\/05\/Rakowa-Slask-120-scaled.jpg 1200w\" data-sizes=\"(max-width: 1024px) 100vw, 1024px\" src=\"data:image\/svg+xml;base64,PHN2ZyB3aWR0aD0iMSIgaGVpZ2h0PSIxIiB4bWxucz0iaHR0cDovL3d3dy53My5vcmcvMjAwMC9zdmciPjwvc3ZnPg==\" style=\"--smush-placeholder-width: 1024px; --smush-placeholder-aspect-ratio: 1024\/560;\" \/><\/figure>\n\n\n\n<figure class=\"wp-block-image size-large\"><img decoding=\"async\" width=\"1024\" height=\"683\" data-src=\"https:\/\/gazetaregionalna.com\/wp-content\/uploads\/2021\/05\/Rakow-Slask-42-1024x683.jpg\" alt=\"\" class=\"wp-image-40186 lazyload\" data-srcset=\"https:\/\/gazetaregionalna.com\/wp-content\/uploads\/2021\/05\/Rakow-Slask-42-1024x683.jpg 1024w, https:\/\/gazetaregionalna.com\/wp-content\/uploads\/2021\/05\/Rakow-Slask-42-300x200.jpg 300w, https:\/\/gazetaregionalna.com\/wp-content\/uploads\/2021\/05\/Rakow-Slask-42-768x512.jpg 768w, https:\/\/gazetaregionalna.com\/wp-content\/uploads\/2021\/05\/Rakow-Slask-42-1536x1024.jpg 1536w, https:\/\/gazetaregionalna.com\/wp-content\/uploads\/2021\/05\/Rakow-Slask-42-2048x1365.jpg 2048w, https:\/\/gazetaregionalna.com\/wp-content\/uploads\/2021\/05\/Rakow-Slask-42-696x464.jpg 696w, https:\/\/gazetaregionalna.com\/wp-content\/uploads\/2021\/05\/Rakow-Slask-42-1068x712.jpg 1068w, https:\/\/gazetaregionalna.com\/wp-content\/uploads\/2021\/05\/Rakow-Slask-42-1920x1280.jpg 1920w, https:\/\/gazetaregionalna.com\/wp-content\/uploads\/2021\/05\/Rakow-Slask-42-630x420.jpg 630w, https:\/\/gazetaregionalna.com\/wp-content\/uploads\/2021\/05\/Rakow-Slask-42-scaled.jpg 1200w\" data-sizes=\"(max-width: 1024px) 100vw, 1024px\" src=\"data:image\/svg+xml;base64,PHN2ZyB3aWR0aD0iMSIgaGVpZ2h0PSIxIiB4bWxucz0iaHR0cDovL3d3dy53My5vcmcvMjAwMC9zdmciPjwvc3ZnPg==\" style=\"--smush-placeholder-width: 1024px; --smush-placeholder-aspect-ratio: 1024\/683;\" \/><\/figure>\n\n\n\n<figure class=\"wp-block-image size-large\"><img decoding=\"async\" width=\"300\" height=\"250\" data-src=\"https:\/\/gazetaregionalna.com\/wp-content\/uploads\/2021\/10\/DMKInvest.jpg\" alt=\"\" class=\"wp-image-58381 lazyload\" src=\"data:image\/svg+xml;base64,PHN2ZyB3aWR0aD0iMSIgaGVpZ2h0PSIxIiB4bWxucz0iaHR0cDovL3d3dy53My5vcmcvMjAwMC9zdmciPjwvc3ZnPg==\" style=\"--smush-placeholder-width: 300px; --smush-placeholder-aspect-ratio: 300\/250;\"><\/figure>\n\n\n\n<figure class=\"wp-block-image size-large\"><img decoding=\"async\" width=\"1024\" height=\"633\" data-src=\"https:\/\/gazetaregionalna.com\/wp-content\/uploads\/2021\/05\/Rakow-Slask-30-1024x633.jpg\" alt=\"\" class=\"wp-image-40184 lazyload\" data-srcset=\"https:\/\/gazetaregionalna.com\/wp-content\/uploads\/2021\/05\/Rakow-Slask-30-1024x633.jpg 1024w, https:\/\/gazetaregionalna.com\/wp-content\/uploads\/2021\/05\/Rakow-Slask-30-300x186.jpg 300w, https:\/\/gazetaregionalna.com\/wp-content\/uploads\/2021\/05\/Rakow-Slask-30-768x475.jpg 768w, https:\/\/gazetaregionalna.com\/wp-content\/uploads\/2021\/05\/Rakow-Slask-30-1536x950.jpg 1536w, https:\/\/gazetaregionalna.com\/wp-content\/uploads\/2021\/05\/Rakow-Slask-30-2048x1267.jpg 2048w, https:\/\/gazetaregionalna.com\/wp-content\/uploads\/2021\/05\/Rakow-Slask-30-696x431.jpg 696w, https:\/\/gazetaregionalna.com\/wp-content\/uploads\/2021\/05\/Rakow-Slask-30-1068x661.jpg 1068w, https:\/\/gazetaregionalna.com\/wp-content\/uploads\/2021\/05\/Rakow-Slask-30-1920x1188.jpg 1920w, https:\/\/gazetaregionalna.com\/wp-content\/uploads\/2021\/05\/Rakow-Slask-30-679x420.jpg 679w, https:\/\/gazetaregionalna.com\/wp-content\/uploads\/2021\/05\/Rakow-Slask-30-356x220.jpg 356w, https:\/\/gazetaregionalna.com\/wp-content\/uploads\/2021\/05\/Rakow-Slask-30-scaled.jpg 1200w\" data-sizes=\"(max-width: 1024px) 100vw, 1024px\" src=\"data:image\/svg+xml;base64,PHN2ZyB3aWR0aD0iMSIgaGVpZ2h0PSIxIiB4bWxucz0iaHR0cDovL3d3dy53My5vcmcvMjAwMC9zdmciPjwvc3ZnPg==\" style=\"--smush-placeholder-width: 1024px; --smush-placeholder-aspect-ratio: 1024\/633;\" \/><\/figure>\n\n\n\n<figure class=\"wp-block-image size-large\"><img decoding=\"async\" width=\"300\" height=\"250\" data-src=\"https:\/\/gazetaregionalna.com\/wp-content\/uploads\/2021\/10\/DMKInvest2.jpg\" alt=\"\" class=\"wp-image-58380 lazyload\" src=\"data:image\/svg+xml;base64,PHN2ZyB3aWR0aD0iMSIgaGVpZ2h0PSIxIiB4bWxucz0iaHR0cDovL3d3dy53My5vcmcvMjAwMC9zdmciPjwvc3ZnPg==\" style=\"--smush-placeholder-width: 300px; --smush-placeholder-aspect-ratio: 300\/250;\"><\/figure>\n\n\n\n<figure class=\"wp-block-image size-large\"><img decoding=\"async\" width=\"1024\" height=\"683\" data-src=\"https:\/\/gazetaregionalna.com\/wp-content\/uploads\/2021\/04\/Rakow-Slask-17-1024x683.jpg\" alt=\"\" class=\"wp-image-39343 lazyload\" data-srcset=\"https:\/\/gazetaregionalna.com\/wp-content\/uploads\/2021\/04\/Rakow-Slask-17-1024x683.jpg 1024w, https:\/\/gazetaregionalna.com\/wp-content\/uploads\/2021\/04\/Rakow-Slask-17-300x200.jpg 300w, https:\/\/gazetaregionalna.com\/wp-content\/uploads\/2021\/04\/Rakow-Slask-17-768x512.jpg 768w, https:\/\/gazetaregionalna.com\/wp-content\/uploads\/2021\/04\/Rakow-Slask-17-1536x1024.jpg 1536w, https:\/\/gazetaregionalna.com\/wp-content\/uploads\/2021\/04\/Rakow-Slask-17-2048x1365.jpg 2048w, https:\/\/gazetaregionalna.com\/wp-content\/uploads\/2021\/04\/Rakow-Slask-17-696x464.jpg 696w, https:\/\/gazetaregionalna.com\/wp-content\/uploads\/2021\/04\/Rakow-Slask-17-1068x712.jpg 1068w, https:\/\/gazetaregionalna.com\/wp-content\/uploads\/2021\/04\/Rakow-Slask-17-1920x1280.jpg 1920w, https:\/\/gazetaregionalna.com\/wp-content\/uploads\/2021\/04\/Rakow-Slask-17-630x420.jpg 630w, https:\/\/gazetaregionalna.com\/wp-content\/uploads\/2021\/04\/Rakow-Slask-17-scaled.jpg 1200w\" data-sizes=\"(max-width: 1024px) 100vw, 1024px\" src=\"data:image\/svg+xml;base64,PHN2ZyB3aWR0aD0iMSIgaGVpZ2h0PSIxIiB4bWxucz0iaHR0cDovL3d3dy53My5vcmcvMjAwMC9zdmciPjwvc3ZnPg==\" style=\"--smush-placeholder-width: 1024px; --smush-placeholder-aspect-ratio: 1024\/683;\" \/><\/figure>\n\n\n\n<figure class=\"wp-block-image size-large\"><img decoding=\"async\" width=\"1024\" height=\"618\" data-src=\"https:\/\/gazetaregionalna.com\/wp-content\/uploads\/2021\/04\/Rakow-Slask-01-1024x618.jpg\" alt=\"\" class=\"wp-image-39340 lazyload\" data-srcset=\"https:\/\/gazetaregionalna.com\/wp-content\/uploads\/2021\/04\/Rakow-Slask-01-1024x618.jpg 1024w, https:\/\/gazetaregionalna.com\/wp-content\/uploads\/2021\/04\/Rakow-Slask-01-300x181.jpg 300w, https:\/\/gazetaregionalna.com\/wp-content\/uploads\/2021\/04\/Rakow-Slask-01-768x464.jpg 768w, https:\/\/gazetaregionalna.com\/wp-content\/uploads\/2021\/04\/Rakow-Slask-01-1536x927.jpg 1536w, https:\/\/gazetaregionalna.com\/wp-content\/uploads\/2021\/04\/Rakow-Slask-01-2048x1236.jpg 2048w, https:\/\/gazetaregionalna.com\/wp-content\/uploads\/2021\/04\/Rakow-Slask-01-696x420.jpg 696w, https:\/\/gazetaregionalna.com\/wp-content\/uploads\/2021\/04\/Rakow-Slask-01-1068x645.jpg 1068w, https:\/\/gazetaregionalna.com\/wp-content\/uploads\/2021\/04\/Rakow-Slask-01-1920x1159.jpg 1920w, https:\/\/gazetaregionalna.com\/wp-content\/uploads\/2021\/04\/Rakow-Slask-01-scaled.jpg 1200w\" data-sizes=\"(max-width: 1024px) 100vw, 1024px\" src=\"data:image\/svg+xml;base64,PHN2ZyB3aWR0aD0iMSIgaGVpZ2h0PSIxIiB4bWxucz0iaHR0cDovL3d3dy53My5vcmcvMjAwMC9zdmciPjwvc3ZnPg==\" style=\"--smush-placeholder-width: 1024px; --smush-placeholder-aspect-ratio: 1024\/618;\" \/><\/figure>\n","protected":false},"excerpt":{"rendered":"<p>Trudne zadanie czeka w sobot\u0119 na pi\u0142karzy Rakowa. Cz\u0119stochowianie zmierz\u0105 si\u0119 we Wroc\u0142awiu ze \u015al\u0105skiem, kt\u00f3ry jest tu\u017c za plecami czerwono-niebieskich i ma tylko<\/p>\n","protected":false},"author":15,"featured_media":40181,"comment_status":"open","ping_status":"open","sticky":false,"template":"","format":"standard","meta":{"_monsterinsights_skip_tracking":false,"_monsterinsights_sitenote_active":false,"_monsterinsights_sitenote_note":"","_monsterinsights_sitenote_category":0,"_uf_show_specific_survey":0,"_uf_disable_surveys":false,"footnotes":""},"categories":[94,6,5],"tags":[],"class_list":["post-59396","post","type-post","status-publish","format-standard","has-post-thumbnail","hentry","category-polecane","category-pilka-nozna","category-sport"],"_links":{"self":[{"href":"https:\/\/gazetaregionalna.com\/index.php?rest_route=\/wp\/v2\/posts\/59396","targetHints":{"allow":["GET"]}}],"collection":[{"href":"https:\/\/gazetaregionalna.com\/index.php?rest_route=\/wp\/v2\/posts"}],"about":[{"href":"https:\/\/gazetaregionalna.com\/index.php?rest_route=\/wp\/v2\/types\/post"}],"author":[{"embeddable":true,"href":"https:\/\/gazetaregionalna.com\/index.php?rest_route=\/wp\/v2\/users\/15"}],"replies":[{"embeddable":true,"href":"https:\/\/gazetaregionalna.com\/index.php?rest_route=%2Fwp%2Fv2%2Fcomments&post=59396"}],"version-history":[{"count":1,"href":"https:\/\/gazetaregionalna.com\/index.php?rest_route=\/wp\/v2\/posts\/59396\/revisions"}],"predecessor-version":[{"id":59406,"href":"https:\/\/gazetaregionalna.com\/index.php?rest_route=\/wp\/v2\/posts\/59396\/revisions\/59406"}],"wp:featuredmedia":[{"embeddable":true,"href":"https:\/\/gazetaregionalna.com\/index.php?rest_route=\/wp\/v2\/media\/40181"}],"wp:attachment":[{"href":"https:\/\/gazetaregionalna.com\/index.php?rest_route=%2Fwp%2Fv2%2Fmedia&parent=59396"}],"wp:term":[{"taxonomy":"category","embeddable":true,"href":"https:\/\/gazetaregionalna.com\/index.php?rest_route=%2Fwp%2Fv2%2Fcategories&post=59396"},{"taxonomy":"post_tag","embeddable":true,"href":"https:\/\/gazetaregionalna.com\/index.php?rest_route=%2Fwp%2Fv2%2Ftags&post=59396"}],"curies":[{"name":"wp","href":"https:\/\/api.w.org\/{rel}","templated":true}]}}