{"id":59067,"date":"2021-10-14T08:19:04","date_gmt":"2021-10-14T08:19:04","guid":{"rendered":"https:\/\/gazetaregionalna.com\/?p=59067"},"modified":"2021-10-14T08:19:04","modified_gmt":"2021-10-14T08:19:04","slug":"akt-oskarzenia-dla-kierowcy-ktory-w-czerwcu-o-malo-nie-zabil-dziecka-na-pasach","status":"publish","type":"post","link":"https:\/\/gazetaregionalna.com\/?p=59067","title":{"rendered":"Akt oskar\u017cenia dla kierowcy, kt\u00f3ry w czerwcu o ma\u0142o nie zabi\u0142 dziecka na pasach"},"content":{"rendered":"\n<h2 class=\"wp-block-heading\">Prokuratura Rejonowa w Cz\u0119stochowie skierowa\u0142a do S\u0105du Rejonowego w Cz\u0119stochowie akt oskar\u017cenia przeciwko 39-letniemu Rafa\u0142owi K., kt\u00f3ry w czerwcu o ma\u0142o nie zabi\u0142 dziecka na pasach w R\u0119dzinach.<\/h2>\n\n\n\n<p>Akt oskar\u017cenia dotyczy nara\u017cenia pieszych na bezpo\u015brednie niebezpiecze\u0144stwo utraty \u017cycia oraz naruszenia s\u0105dowego zakazu prowadzenia pojazd\u00f3w mechanicznych.<\/p>\n\n\n\n<p>&#8211; W toku dochodzenia ustalono, \u017ce 6 czerwca 2021 roku w R\u0119dzinach ko\u0142o Cz\u0119stochowy, kieruj\u0105cy samochodem osobowym marki VW Rafa\u0142 K. wyprzedza\u0142 cztery pojazdy, kt\u00f3re zatrzyma\u0142y si\u0119 przed przej\u015bciem dla pieszych \u2013 przekaza\u0142 prokurator Tomasz Ozimek, rzecznik prasowy Prokuratury Okr\u0119gowej w Cz\u0119stochowie. &#8211; W ten spos\u00f3b stworzy\u0142 realne zagro\u017cenie potr\u0105cenia przechodz\u0105cych przez przej\u015bcie czterech os\u00f3b, w tym dw\u00f3ch dzieci w wieku 7 i 3 lat. Zdarzenie zosta\u0142o zarejestrowane przez kamer\u0119 monitoringu, nale\u017c\u0105cego do Urz\u0119du Gminy w R\u0119dzinach.<\/p>\n\n\n\n<p>O sprawie pisali\u015bmy tutaj:<\/p>\n\n\n\n<figure class=\"wp-block-embed is-type-wp-embed is-provider-gazeta-regionalna wp-block-embed-gazeta-regionalna\"><div class=\"wp-block-embed__wrapper\">\n<div class=\"fitvids-video\"><blockquote class=\"wp-embedded-content\" data-secret=\"4ZjSZFRcUw\"><a href=\"https:\/\/gazetaregionalna.com\/o-malo-nie-zabil-dziecka-na-przejsciu-dla-pieszych-w-redzinach-teraz-zostal-zatrzymany-przez-policje\/\">O ma\u0142o nie zabi\u0142 dziecka na przej\u015bciu dla pieszych w R\u0119dzinach. Dzisiaj zosta\u0142 zatrzymany przez policj\u0119<\/a><\/blockquote><iframe class=\"wp-embedded-content lazyload\" sandbox=\"allow-scripts\" security=\"restricted\" style=\"position: absolute; clip: rect(1px, 1px, 1px, 1px);\" title=\"&#8222;O ma\u0142o nie zabi\u0142 dziecka na przej\u015bciu dla pieszych w R\u0119dzinach. Dzisiaj zosta\u0142 zatrzymany przez policj\u0119&#8221; &#8212; Gazeta Regionalna\" data-src=\"https:\/\/gazetaregionalna.com\/o-malo-nie-zabil-dziecka-na-przejsciu-dla-pieszych-w-redzinach-teraz-zostal-zatrzymany-przez-policje\/embed\/#?secret=mEWN5yW68c#?secret=4ZjSZFRcUw\" data-secret=\"4ZjSZFRcUw\" width=\"600\" height=\"338\" frameborder=\"0\" marginwidth=\"0\" marginheight=\"0\" scrolling=\"no\" src=\"data:image\/svg+xml;base64,PHN2ZyB3aWR0aD0iMSIgaGVpZ2h0PSIxIiB4bWxucz0iaHR0cDovL3d3dy53My5vcmcvMjAwMC9zdmciPjwvc3ZnPg==\" data-load-mode=\"1\"><\/iframe><\/div>\n<\/div><\/figure>\n\n\n\n<p>Po wydarzeniach z czerwca ustalono dodatkowo, \u017ce w 2011 roku Rafa\u0142 K. by\u0142 skazany na kar\u0119 7 lat i 6 miesi\u0119cy za spowodowanie w stanie nietrze\u017awo\u015bci \u015bmiertelnego wypadku drogowego i ucieczk\u0119 z miejsca zdarzenia. W wyroku tym s\u0105d orzek\u0142 tak\u017ce wobec niego do\u017cywotni zakaz prowadzenia pojazd\u00f3w mechanicznych. Mimo tego zakazu, m\u0119\u017cczyzna prowadzi\u0142 samoch\u00f3d.<\/p>\n\n\n\n<p>&#8211; W post\u0119powaniu przedstawiono Rafa\u0142owi K. zarzut nara\u017cenia pieszych na bezpo\u015brednie niebezpiecze\u0144stwo utraty \u017cycia lub ci\u0119\u017ckiego uszczerbku na zdrowiu oraz zarzut naruszenia s\u0105dowego zakazu prowadzenia pojazd\u00f3w mechanicznych \u2013 poinformowa\u0142a prokuratura. &#8211; Przes\u0142uchany przez prokuratora Rafa\u0142 K. przyzna\u0142 si\u0119 do pope\u0142nienia zarzucanych mu przest\u0119pstw.<\/p>\n\n\n\n<p>W czerwcu, na wniosek prokuratora, S\u0105d Rejonowy w Cz\u0119stochowie zastosowa\u0142 wobec podejrzanego tymczasowe aresztowanie, kt\u00f3re w trakcie dochodzenia zosta\u0142o przez s\u0105d zamienione na \u015brodki zapobiegawcze w postaci dozoru policji i nakazu powstrzymywania si\u0119 od prowadzenia pojazd\u00f3w mechanicznych.<\/p>\n\n\n\n<p>Jak ustalono w trakcie \u015bledztwa, Rafa\u0142 K. by\u0142 r\u00f3wnie\u017c w przesz\u0142o\u015bci karany za przest\u0119pstwo prowadzenia pojazdu w stanie nietrze\u017awo\u015bci.<\/p>\n\n\n\n<p>&#8211; Przest\u0119pstwo nara\u017cenia cz\u0142owieka na bezpo\u015brednie niebezpiecze\u0144stwo utraty \u017cycia lub ci\u0119\u017ckiego uszczerbku na zdrowiu jest zagro\u017cone kar\u0105 pozbawienia wolno\u015bci do 3 lat, a przest\u0119pstwo naruszenia s\u0105dowego zakazu prowadzenia pojazd\u00f3w mechanicznych kar\u0105 pozbawienia wolno\u015bci od 3 miesi\u0119cy do 5 lat \u2013 poda\u0142 w komunikacie prokurator Ozimek.<\/p>\n","protected":false},"excerpt":{"rendered":"<p>Prokuratura Rejonowa w Cz\u0119stochowie skierowa\u0142a do S\u0105du Rejonowego w Cz\u0119stochowie akt oskar\u017cenia przeciwko 39-letniemu Rafa\u0142owi K., kt\u00f3ry w czerwcu o ma\u0142o nie zabi\u0142 dziecka<\/p>\n","protected":false},"author":7,"featured_media":59072,"comment_status":"open","ping_status":"open","sticky":false,"template":"","format":"standard","meta":{"_monsterinsights_skip_tracking":false,"_monsterinsights_sitenote_active":false,"_monsterinsights_sitenote_note":"","_monsterinsights_sitenote_category":0,"_uf_show_specific_survey":0,"_uf_disable_surveys":false,"footnotes":""},"categories":[94,3,4,2],"tags":[],"class_list":["post-59067","post","type-post","status-publish","format-standard","has-post-thumbnail","hentry","category-polecane","category-czestochowa-informacje","category-region","category-wiadomosci"],"_links":{"self":[{"href":"https:\/\/gazetaregionalna.com\/index.php?rest_route=\/wp\/v2\/posts\/59067","targetHints":{"allow":["GET"]}}],"collection":[{"href":"https:\/\/gazetaregionalna.com\/index.php?rest_route=\/wp\/v2\/posts"}],"about":[{"href":"https:\/\/gazetaregionalna.com\/index.php?rest_route=\/wp\/v2\/types\/post"}],"author":[{"embeddable":true,"href":"https:\/\/gazetaregionalna.com\/index.php?rest_route=\/wp\/v2\/users\/7"}],"replies":[{"embeddable":true,"href":"https:\/\/gazetaregionalna.com\/index.php?rest_route=%2Fwp%2Fv2%2Fcomments&post=59067"}],"version-history":[{"count":4,"href":"https:\/\/gazetaregionalna.com\/index.php?rest_route=\/wp\/v2\/posts\/59067\/revisions"}],"predecessor-version":[{"id":59071,"href":"https:\/\/gazetaregionalna.com\/index.php?rest_route=\/wp\/v2\/posts\/59067\/revisions\/59071"}],"wp:featuredmedia":[{"embeddable":true,"href":"https:\/\/gazetaregionalna.com\/index.php?rest_route=\/wp\/v2\/media\/59072"}],"wp:attachment":[{"href":"https:\/\/gazetaregionalna.com\/index.php?rest_route=%2Fwp%2Fv2%2Fmedia&parent=59067"}],"wp:term":[{"taxonomy":"category","embeddable":true,"href":"https:\/\/gazetaregionalna.com\/index.php?rest_route=%2Fwp%2Fv2%2Fcategories&post=59067"},{"taxonomy":"post_tag","embeddable":true,"href":"https:\/\/gazetaregionalna.com\/index.php?rest_route=%2Fwp%2Fv2%2Ftags&post=59067"}],"curies":[{"name":"wp","href":"https:\/\/api.w.org\/{rel}","templated":true}]}}