{"id":58843,"date":"2021-10-12T09:41:00","date_gmt":"2021-10-12T09:41:00","guid":{"rendered":"https:\/\/gazetaregionalna.com\/?p=58843"},"modified":"2021-10-12T09:41:01","modified_gmt":"2021-10-12T09:41:01","slug":"od-soboty-korekta-rozkladow-jazdy-na-wybranych-liniach-mpk","status":"publish","type":"post","link":"https:\/\/gazetaregionalna.com\/?p=58843","title":{"rendered":"Od soboty korekta rozk\u0142ad\u00f3w jazdy na wybranych liniach MPK"},"content":{"rendered":"\n<h2 class=\"wp-block-heading\">Od soboty korekta rozk\u0142ad\u00f3w jazdy na wybranych liniach MPK. Jak wynika z informacji Biuro In\u017cyniera Ruchu Urz\u0119du Miasta, zmiany wprowadzone zostan\u0105 dla autobus\u00f3w: 13, 32, 53, 58, 65 i 68.<\/h2>\n\n\n\n<p><br><br>Od 16 pa\u017adziernika, nast\u0105pi\u0105 opisane poni\u017cej niewielkie zmiany w rozk\u0142adach jazdy linii autobusowych. B\u0119d\u0105 one dla poszczeg\u00f3lnych linii wygl\u0105da\u0107 nast\u0119puj\u0105co:<br><br>Linia nr 13: w dni robocze szkolne i wakacyjne kurs z Wierzchowiska dotychczas rozpoczynaj\u0105cy si\u0119 o godz. 7.00, zostanie przesuni\u0119ty na godz. 6.54.<br><br>Linia nr 32: w dni robocze szkolne, kurs ze Starej Gorzelni dotychczas rozpoczynaj\u0105cy si\u0119 o godz. 6.00, zostanie przesuni\u0119ty na godz. 6.05, a kurs z Wielkoborskiej z godz. 6.38 zostanie przesuni\u0119ty na godz. 6.46.<br><br>Linia nr 58: na wniosek UG Olsztyn, nast\u0105pi\u0105 niewielkie korekty godzin odjazd\u00f3w kilku kurs\u00f3w we wszystkie dni tygodnia.<br><br>Linia nr 68: na wniosek UG Poczesna, we wszystkie dni tygodnia kurs z Zajezdni MPK dotychczas rozpoczynaj\u0105cy si\u0119 o godz. 14.40, zostanie przesuni\u0119ty na godz. 14.49. Tym samym kurs z Bocianiej G\u00f3rki z 15.03 zostanie przesuni\u0119ty na 15.12.<br><br>Linie nr 53, 58, 65 i 68: w celu poprawienia punktualno\u015bci kursowania, zostanie skr\u00f3cony o 2 min. planowy czas przejazdu dla autobus\u00f3w jad\u0105cych do gmin Olsztyn i Poczesna, a przy tym czas przejazdu w kierunku Cz\u0119stochowy, zostanie o 2 min. wyd\u0142u\u017cony.<\/p>\n","protected":false},"excerpt":{"rendered":"<p>Od soboty korekta rozk\u0142ad\u00f3w jazdy na wybranych liniach MPK. Jak wynika z informacji Biuro In\u017cyniera Ruchu Urz\u0119du Miasta, zmiany wprowadzone zostan\u0105 dla autobus\u00f3w: 13,<\/p>\n","protected":false},"author":7,"featured_media":58845,"comment_status":"open","ping_status":"open","sticky":false,"template":"","format":"standard","meta":{"_monsterinsights_skip_tracking":false,"_monsterinsights_sitenote_active":false,"_monsterinsights_sitenote_note":"","_monsterinsights_sitenote_category":0,"_uf_show_specific_survey":0,"_uf_disable_surveys":false,"footnotes":""},"categories":[94,3,2],"tags":[],"class_list":["post-58843","post","type-post","status-publish","format-standard","has-post-thumbnail","hentry","category-polecane","category-czestochowa-informacje","category-wiadomosci"],"_links":{"self":[{"href":"https:\/\/gazetaregionalna.com\/index.php?rest_route=\/wp\/v2\/posts\/58843","targetHints":{"allow":["GET"]}}],"collection":[{"href":"https:\/\/gazetaregionalna.com\/index.php?rest_route=\/wp\/v2\/posts"}],"about":[{"href":"https:\/\/gazetaregionalna.com\/index.php?rest_route=\/wp\/v2\/types\/post"}],"author":[{"embeddable":true,"href":"https:\/\/gazetaregionalna.com\/index.php?rest_route=\/wp\/v2\/users\/7"}],"replies":[{"embeddable":true,"href":"https:\/\/gazetaregionalna.com\/index.php?rest_route=%2Fwp%2Fv2%2Fcomments&post=58843"}],"version-history":[{"count":1,"href":"https:\/\/gazetaregionalna.com\/index.php?rest_route=\/wp\/v2\/posts\/58843\/revisions"}],"predecessor-version":[{"id":58844,"href":"https:\/\/gazetaregionalna.com\/index.php?rest_route=\/wp\/v2\/posts\/58843\/revisions\/58844"}],"wp:featuredmedia":[{"embeddable":true,"href":"https:\/\/gazetaregionalna.com\/index.php?rest_route=\/wp\/v2\/media\/58845"}],"wp:attachment":[{"href":"https:\/\/gazetaregionalna.com\/index.php?rest_route=%2Fwp%2Fv2%2Fmedia&parent=58843"}],"wp:term":[{"taxonomy":"category","embeddable":true,"href":"https:\/\/gazetaregionalna.com\/index.php?rest_route=%2Fwp%2Fv2%2Fcategories&post=58843"},{"taxonomy":"post_tag","embeddable":true,"href":"https:\/\/gazetaregionalna.com\/index.php?rest_route=%2Fwp%2Fv2%2Ftags&post=58843"}],"curies":[{"name":"wp","href":"https:\/\/api.w.org\/{rel}","templated":true}]}}