{"id":58680,"date":"2021-10-11T09:25:33","date_gmt":"2021-10-11T09:25:33","guid":{"rendered":"https:\/\/gazetaregionalna.com\/?p=58680"},"modified":"2021-10-11T09:25:34","modified_gmt":"2021-10-11T09:25:34","slug":"w-czestochowskich-szkolach-i-przedszkolu-bedzie-cieplej","status":"publish","type":"post","link":"https:\/\/gazetaregionalna.com\/?p=58680","title":{"rendered":"W cz\u0119stochowskich szko\u0142ach i przedszkolu b\u0119dzie cieplej"},"content":{"rendered":"\n<h2 class=\"wp-block-heading\">W cz\u0119stochowskich szko\u0142ach i przedszkolu b\u0119dzie cieplej. To nie jedyna korzy\u015b\u0107 z prowadzonych w\u0142a\u015bnie termomodernizacji. Budynki zyskuj\u0105 nowy wygl\u0105d, zmieni si\u0119 tak\u017ce otoczenie obiekt\u00f3w.<\/h2>\n\n\n\n<figure class=\"wp-block-gallery columns-2 is-cropped wp-block-gallery-1 is-layout-flex wp-block-gallery-is-layout-flex\"><ul class=\"blocks-gallery-grid\"><li class=\"blocks-gallery-item\"><figure><a href=\"https:\/\/gazetaregionalna.com\/wp-content\/uploads\/2021\/10\/szkoly1.jpg\"><img decoding=\"async\" width=\"1024\" height=\"682\" data-src=\"https:\/\/gazetaregionalna.com\/wp-content\/uploads\/2021\/10\/szkoly1-1024x682.jpg\" alt=\"\" data-id=\"58688\" data-full-url=\"https:\/\/gazetaregionalna.com\/wp-content\/uploads\/2021\/10\/szkoly1.jpg\" data-link=\"https:\/\/gazetaregionalna.com\/?attachment_id=58688\" class=\"wp-image-58688 lazyload\" data-srcset=\"https:\/\/gazetaregionalna.com\/wp-content\/uploads\/2021\/10\/szkoly1-1024x682.jpg 1024w, https:\/\/gazetaregionalna.com\/wp-content\/uploads\/2021\/10\/szkoly1-300x200.jpg 300w, https:\/\/gazetaregionalna.com\/wp-content\/uploads\/2021\/10\/szkoly1-768x511.jpg 768w, https:\/\/gazetaregionalna.com\/wp-content\/uploads\/2021\/10\/szkoly1-1536x1022.jpg 1536w, https:\/\/gazetaregionalna.com\/wp-content\/uploads\/2021\/10\/szkoly1-696x463.jpg 696w, https:\/\/gazetaregionalna.com\/wp-content\/uploads\/2021\/10\/szkoly1-1068x711.jpg 1068w, https:\/\/gazetaregionalna.com\/wp-content\/uploads\/2021\/10\/szkoly1-1920x1278.jpg 1920w, https:\/\/gazetaregionalna.com\/wp-content\/uploads\/2021\/10\/szkoly1-631x420.jpg 631w, https:\/\/gazetaregionalna.com\/wp-content\/uploads\/2021\/10\/szkoly1.jpg 1600w\" data-sizes=\"(max-width: 1024px) 100vw, 1024px\" src=\"data:image\/svg+xml;base64,PHN2ZyB3aWR0aD0iMSIgaGVpZ2h0PSIxIiB4bWxucz0iaHR0cDovL3d3dy53My5vcmcvMjAwMC9zdmciPjwvc3ZnPg==\" style=\"--smush-placeholder-width: 1024px; --smush-placeholder-aspect-ratio: 1024\/682;\" \/><\/a><\/figure><\/li><li class=\"blocks-gallery-item\"><figure><a href=\"https:\/\/gazetaregionalna.com\/wp-content\/uploads\/2021\/10\/szkoly2.jpg\"><img decoding=\"async\" width=\"1024\" height=\"682\" data-src=\"https:\/\/gazetaregionalna.com\/wp-content\/uploads\/2021\/10\/szkoly2-1024x682.jpg\" alt=\"\" data-id=\"58689\" data-full-url=\"https:\/\/gazetaregionalna.com\/wp-content\/uploads\/2021\/10\/szkoly2.jpg\" data-link=\"https:\/\/gazetaregionalna.com\/?attachment_id=58689\" class=\"wp-image-58689 lazyload\" data-srcset=\"https:\/\/gazetaregionalna.com\/wp-content\/uploads\/2021\/10\/szkoly2-1024x682.jpg 1024w, https:\/\/gazetaregionalna.com\/wp-content\/uploads\/2021\/10\/szkoly2-300x200.jpg 300w, https:\/\/gazetaregionalna.com\/wp-content\/uploads\/2021\/10\/szkoly2-768x511.jpg 768w, https:\/\/gazetaregionalna.com\/wp-content\/uploads\/2021\/10\/szkoly2-1536x1022.jpg 1536w, https:\/\/gazetaregionalna.com\/wp-content\/uploads\/2021\/10\/szkoly2-696x463.jpg 696w, https:\/\/gazetaregionalna.com\/wp-content\/uploads\/2021\/10\/szkoly2-1068x711.jpg 1068w, https:\/\/gazetaregionalna.com\/wp-content\/uploads\/2021\/10\/szkoly2-1920x1278.jpg 1920w, https:\/\/gazetaregionalna.com\/wp-content\/uploads\/2021\/10\/szkoly2-631x420.jpg 631w, https:\/\/gazetaregionalna.com\/wp-content\/uploads\/2021\/10\/szkoly2.jpg 1600w\" data-sizes=\"(max-width: 1024px) 100vw, 1024px\" src=\"data:image\/svg+xml;base64,PHN2ZyB3aWR0aD0iMSIgaGVpZ2h0PSIxIiB4bWxucz0iaHR0cDovL3d3dy53My5vcmcvMjAwMC9zdmciPjwvc3ZnPg==\" style=\"--smush-placeholder-width: 1024px; --smush-placeholder-aspect-ratio: 1024\/682;\" \/><\/a><\/figure><\/li><li class=\"blocks-gallery-item\"><figure><a href=\"https:\/\/gazetaregionalna.com\/wp-content\/uploads\/2021\/10\/szkoly3.jpg\"><img decoding=\"async\" width=\"1024\" height=\"682\" data-src=\"https:\/\/gazetaregionalna.com\/wp-content\/uploads\/2021\/10\/szkoly3-1024x682.jpg\" alt=\"\" data-id=\"58690\" data-full-url=\"https:\/\/gazetaregionalna.com\/wp-content\/uploads\/2021\/10\/szkoly3.jpg\" data-link=\"https:\/\/gazetaregionalna.com\/?attachment_id=58690\" class=\"wp-image-58690 lazyload\" data-srcset=\"https:\/\/gazetaregionalna.com\/wp-content\/uploads\/2021\/10\/szkoly3-1024x682.jpg 1024w, https:\/\/gazetaregionalna.com\/wp-content\/uploads\/2021\/10\/szkoly3-300x200.jpg 300w, https:\/\/gazetaregionalna.com\/wp-content\/uploads\/2021\/10\/szkoly3-768x511.jpg 768w, https:\/\/gazetaregionalna.com\/wp-content\/uploads\/2021\/10\/szkoly3-1536x1022.jpg 1536w, https:\/\/gazetaregionalna.com\/wp-content\/uploads\/2021\/10\/szkoly3-696x463.jpg 696w, https:\/\/gazetaregionalna.com\/wp-content\/uploads\/2021\/10\/szkoly3-1068x711.jpg 1068w, https:\/\/gazetaregionalna.com\/wp-content\/uploads\/2021\/10\/szkoly3-1920x1278.jpg 1920w, https:\/\/gazetaregionalna.com\/wp-content\/uploads\/2021\/10\/szkoly3-631x420.jpg 631w, https:\/\/gazetaregionalna.com\/wp-content\/uploads\/2021\/10\/szkoly3.jpg 1600w\" data-sizes=\"(max-width: 1024px) 100vw, 1024px\" src=\"data:image\/svg+xml;base64,PHN2ZyB3aWR0aD0iMSIgaGVpZ2h0PSIxIiB4bWxucz0iaHR0cDovL3d3dy53My5vcmcvMjAwMC9zdmciPjwvc3ZnPg==\" style=\"--smush-placeholder-width: 1024px; --smush-placeholder-aspect-ratio: 1024\/682;\" \/><\/a><\/figure><\/li><li class=\"blocks-gallery-item\"><figure><a href=\"https:\/\/gazetaregionalna.com\/wp-content\/uploads\/2021\/10\/szkoly4.jpg\"><img decoding=\"async\" width=\"1024\" height=\"682\" data-src=\"https:\/\/gazetaregionalna.com\/wp-content\/uploads\/2021\/10\/szkoly4-1024x682.jpg\" alt=\"\" data-id=\"58691\" data-full-url=\"https:\/\/gazetaregionalna.com\/wp-content\/uploads\/2021\/10\/szkoly4.jpg\" data-link=\"https:\/\/gazetaregionalna.com\/?attachment_id=58691\" class=\"wp-image-58691 lazyload\" data-srcset=\"https:\/\/gazetaregionalna.com\/wp-content\/uploads\/2021\/10\/szkoly4-1024x682.jpg 1024w, https:\/\/gazetaregionalna.com\/wp-content\/uploads\/2021\/10\/szkoly4-300x200.jpg 300w, https:\/\/gazetaregionalna.com\/wp-content\/uploads\/2021\/10\/szkoly4-768x511.jpg 768w, https:\/\/gazetaregionalna.com\/wp-content\/uploads\/2021\/10\/szkoly4-1536x1022.jpg 1536w, https:\/\/gazetaregionalna.com\/wp-content\/uploads\/2021\/10\/szkoly4-696x463.jpg 696w, https:\/\/gazetaregionalna.com\/wp-content\/uploads\/2021\/10\/szkoly4-1068x711.jpg 1068w, https:\/\/gazetaregionalna.com\/wp-content\/uploads\/2021\/10\/szkoly4-1920x1278.jpg 1920w, https:\/\/gazetaregionalna.com\/wp-content\/uploads\/2021\/10\/szkoly4-631x420.jpg 631w, https:\/\/gazetaregionalna.com\/wp-content\/uploads\/2021\/10\/szkoly4.jpg 1600w\" data-sizes=\"(max-width: 1024px) 100vw, 1024px\" src=\"data:image\/svg+xml;base64,PHN2ZyB3aWR0aD0iMSIgaGVpZ2h0PSIxIiB4bWxucz0iaHR0cDovL3d3dy53My5vcmcvMjAwMC9zdmciPjwvc3ZnPg==\" style=\"--smush-placeholder-width: 1024px; --smush-placeholder-aspect-ratio: 1024\/682;\" \/><\/a><\/figure><\/li><\/ul><figcaption class=\"blocks-gallery-caption\">(fot. UM Cz\u0119stochowa)<\/figcaption><\/figure>\n\n\n\n<p>Jak przekaza\u0142o miasto, trwaj\u0105 inwestycje termomodernizacyjne w cz\u0119stochowskiej o\u015bwiacie. Jedn\u0105 ze szk\u00f3\u0142, w kt\u00f3rych prace si\u0119 niedawno zacz\u0119\u0142y jest Szko\u0142a Podstawowa nr  42. Na  finiszu  natomiast s\u0105 roboty m.in. w Szkole Podstawowej  nr 34 i Miejskim Przedszkolu nr 7.\u00a0\u00a0\u00a0\u00a0 \u00a0<br><\/p>\n\n\n\n<p> Prace s\u0105 i b\u0119d\u0105 prowadzone w spos\u00f3b zapewniaj\u0105cy mo\u017cliwo\u015b\u0107 nauki i pracy w trakcie roku szkolnego. W sumie inwestycje termomodernizacyjne prowadzone s\u0105 obecnie w 13 miejskich jednostkach edukacyjnych. \u0141\u0105czny koszt tych zada\u0144 realizowanych dzi\u0119ki finansowaniu ze \u015brodk\u00f3w unijnych, rz\u0105dowego funduszu covidowego (tak\u017ce generowanego m.in. ze \u015brodk\u00f3w UE) oraz \u015brodk\u00f3w w\u0142asnych miasta &#8211; to blisko 29 mln z\u0142. \u00a0<br><br>Zakres prac w trzech wymienionych plac\u00f3wkach:<br><br><strong>SP 42 &#8211; aleja Armii Krajowej 68A<\/strong><br><br>W zakresie prac znajduje si\u0119 m.in.: ocieplenie \u015bcian zewn\u0119trznych piwnicy, \u015bcian zewn\u0119trznych nadziemia, \u015bcian przylegaj\u0105cych do gruntu oraz stropodach\u00f3w; wymiana drzwi zewn\u0119trznych, modernizacja systemu ogrzewczego \u2013 wymiana grzejnik\u00f3w na grzejniki z zaworami termostatycznymi, modernizacja o\u015bwietlenia wbudowanego \u2013 wymiana opraw na energooszcz\u0119dne.<br>W ramach koszt\u00f3w niekwalifikowanych m.in. zostan\u0105 podwy\u017cszone ogniomury i attyki oraz kominy; wykonany napis z liter przestrzennych z pod\u015bwietleniem led na elewacji frontowej, wyremontowana b\u0119dzie instalacja elektryczna.<br>Wykonawca: F.H.U. Dziedzicki. Koszt prac 2 mln 950 tys. z\u0142 (z dofinansowaniem unijnym). Zako\u0144czenie prac to pa\u017adziernik przysz\u0142ego roku.<br><br><strong>SP 34 \u2013 ul. D\u0105browskiej<\/strong><br><br>Do ko\u0144ca listopada tego roku ma zako\u0144czy\u0107 si\u0119 termomodernizacja Szko\u0142y Podstawowej nr 34 przy ul. D\u0105browskiej. Opr\u00f3cz docieplenia \u015bcian, wykonania elewacji, obiekt przechodzi m.in. remonty wej\u015b\u0107, schod\u00f3w, murk\u00f3w, b\u0119dzie otoczony opask\u0105. Wymieniane s\u0105 drzwi boczne i drzwi do piwnic. Montowana jest instalacja odgromowa i pod\u015bwietlenie obiektu. Prace s\u0105 te\u017c realizowane w obr\u0119bie \u0142\u0105cznika oraz sali gimnastycznej. Odnawiane s\u0105 chodniki, droga dojazdowa i plac przy szkole. Koszt prac to oko\u0142o 1,5 mln z\u0142 (finansowanie ze \u015brodk\u00f3w RFIL). Wykonawc\u0105 prac jest tak\u017ce firma Dziedzicki z Konopisk.<br><strong><br>MP 7 \u2013 ul. Mireckiego<\/strong><br><br>Zakres prac:<br>&#8211; demonta\u017c pokrycia elewacji z p\u0142yt azbestowo-cementowych Acekol; zadaszenia nad wej\u015bciem g\u0142\u00f3wnym; ok\u0142adziny z blachy trapezowej;<br>&#8211; wyburzenie pozosta\u0142o\u015bci betonowych fundament\u00f3w; betonowych chodnik\u00f3w i chodnik\u00f3w okapowych;<br>&#8211; wymiana skorodowanych element\u00f3w konstrukcyjnych; pokrycia szkieletu \u015bciany z p\u0142yt pil\u015bniowych i ocieplenia z we\u0142ny mineralnej; drzwi zewn\u0119trznych; wyko\u0144czenia sufitu nad tarasem;<br>&#8211; wykonanie nowych nawierzchni dla schod\u00f3w wej\u015bciowych oraz galerii; nowych obr\u00f3bek blacharskich, parapet\u00f3w, rynien i rur spustowych; izolacji \u015bcian piwnicznych i fundamentowych; nowego ocieplenia z we\u0142ny mineralnej; elewacji wentylowanej z p\u0142yt w\u0142\u00f3knisto-cementowych oraz elewacji z tynkiem cienkowarstwowym;<br>&#8211; remont studzienek piwnicznych do\u015bwietlaj\u0105cych; odtworzenie instalacji odgromowej;<br>&#8211; wykonanie nowego zadaszenia; wymiana nawierzchni chodnik\u00f3w i chodnik\u00f3w okapowych; uporz\u0105dkowanie zieleni wok\u00f3\u0142 budynku.<br><br>Koszt 650 tys. z\u0142 (\u015brodki w\u0142asne miasta), wykonawca: firma Loma z Cz\u0119stochowy, termin zako\u0144czenia zgodnie z umow\u0105 \u2013 koniec listopada 2021 r.<\/p>\n","protected":false},"excerpt":{"rendered":"<p>W cz\u0119stochowskich szko\u0142ach i przedszkolu b\u0119dzie cieplej. To nie jedyna korzy\u015b\u0107 z prowadzonych w\u0142a\u015bnie termomodernizacji. Budynki zyskuj\u0105 nowy wygl\u0105d, zmieni si\u0119 tak\u017ce otoczenie obiekt\u00f3w.<\/p>\n","protected":false},"author":7,"featured_media":58691,"comment_status":"open","ping_status":"open","sticky":false,"template":"","format":"standard","meta":{"_monsterinsights_skip_tracking":false,"_monsterinsights_sitenote_active":false,"_monsterinsights_sitenote_note":"","_monsterinsights_sitenote_category":0,"_uf_show_specific_survey":0,"_uf_disable_surveys":false,"footnotes":""},"categories":[41,3,29,94,2],"tags":[],"class_list":["post-58680","post","type-post","status-publish","format-standard","has-post-thumbnail","hentry","category-edukacja","category-czestochowa-informacje","category-ekologia","category-polecane","category-wiadomosci"],"_links":{"self":[{"href":"https:\/\/gazetaregionalna.com\/index.php?rest_route=\/wp\/v2\/posts\/58680","targetHints":{"allow":["GET"]}}],"collection":[{"href":"https:\/\/gazetaregionalna.com\/index.php?rest_route=\/wp\/v2\/posts"}],"about":[{"href":"https:\/\/gazetaregionalna.com\/index.php?rest_route=\/wp\/v2\/types\/post"}],"author":[{"embeddable":true,"href":"https:\/\/gazetaregionalna.com\/index.php?rest_route=\/wp\/v2\/users\/7"}],"replies":[{"embeddable":true,"href":"https:\/\/gazetaregionalna.com\/index.php?rest_route=%2Fwp%2Fv2%2Fcomments&post=58680"}],"version-history":[{"count":8,"href":"https:\/\/gazetaregionalna.com\/index.php?rest_route=\/wp\/v2\/posts\/58680\/revisions"}],"predecessor-version":[{"id":58692,"href":"https:\/\/gazetaregionalna.com\/index.php?rest_route=\/wp\/v2\/posts\/58680\/revisions\/58692"}],"wp:featuredmedia":[{"embeddable":true,"href":"https:\/\/gazetaregionalna.com\/index.php?rest_route=\/wp\/v2\/media\/58691"}],"wp:attachment":[{"href":"https:\/\/gazetaregionalna.com\/index.php?rest_route=%2Fwp%2Fv2%2Fmedia&parent=58680"}],"wp:term":[{"taxonomy":"category","embeddable":true,"href":"https:\/\/gazetaregionalna.com\/index.php?rest_route=%2Fwp%2Fv2%2Fcategories&post=58680"},{"taxonomy":"post_tag","embeddable":true,"href":"https:\/\/gazetaregionalna.com\/index.php?rest_route=%2Fwp%2Fv2%2Ftags&post=58680"}],"curies":[{"name":"wp","href":"https:\/\/api.w.org\/{rel}","templated":true}]}}