{"id":58672,"date":"2021-10-11T07:22:09","date_gmt":"2021-10-11T07:22:09","guid":{"rendered":"https:\/\/gazetaregionalna.com\/?p=58672"},"modified":"2021-10-11T07:22:10","modified_gmt":"2021-10-11T07:22:10","slug":"policjantka-z-czestochowy-ponownie-na-podium","status":"publish","type":"post","link":"https:\/\/gazetaregionalna.com\/?p=58672","title":{"rendered":"Policjantka z Cz\u0119stochowy ponownie na podium"},"content":{"rendered":"\n<h2 class=\"wp-block-heading\">Policjantka z Cz\u0119stochowy ponownie na podium Og\u00f3lnopolskiego Biegu S\u0142u\u017cb Mundurowych. Sier\u017cant sztabowa Agnieszka Czy\u017cewska, kt\u00f3ra ponownie wr\u00f3ci\u0142a do domu z medalem.<\/h2>\n\n\n\n<figure class=\"wp-block-gallery columns-3 is-cropped wp-block-gallery-1 is-layout-flex wp-block-gallery-is-layout-flex\"><ul class=\"blocks-gallery-grid\"><li class=\"blocks-gallery-item\"><figure><a href=\"https:\/\/gazetaregionalna.com\/wp-content\/uploads\/2021\/10\/42-677114.jpg\"><img decoding=\"async\" width=\"640\" height=\"480\" data-src=\"https:\/\/gazetaregionalna.com\/wp-content\/uploads\/2021\/10\/42-677114.jpg\" alt=\"\" data-id=\"58674\" data-full-url=\"https:\/\/gazetaregionalna.com\/wp-content\/uploads\/2021\/10\/42-677114.jpg\" data-link=\"https:\/\/gazetaregionalna.com\/?attachment_id=58674\" class=\"wp-image-58674 lazyload\" data-srcset=\"https:\/\/gazetaregionalna.com\/wp-content\/uploads\/2021\/10\/42-677114.jpg 640w, https:\/\/gazetaregionalna.com\/wp-content\/uploads\/2021\/10\/42-677114-300x225.jpg 300w, https:\/\/gazetaregionalna.com\/wp-content\/uploads\/2021\/10\/42-677114-560x420.jpg 560w, https:\/\/gazetaregionalna.com\/wp-content\/uploads\/2021\/10\/42-677114-80x60.jpg 80w, https:\/\/gazetaregionalna.com\/wp-content\/uploads\/2021\/10\/42-677114-265x198.jpg 265w\" data-sizes=\"(max-width: 640px) 100vw, 640px\" src=\"data:image\/svg+xml;base64,PHN2ZyB3aWR0aD0iMSIgaGVpZ2h0PSIxIiB4bWxucz0iaHR0cDovL3d3dy53My5vcmcvMjAwMC9zdmciPjwvc3ZnPg==\" style=\"--smush-placeholder-width: 640px; --smush-placeholder-aspect-ratio: 640\/480;\" \/><\/a><\/figure><\/li><li class=\"blocks-gallery-item\"><figure><a href=\"https:\/\/gazetaregionalna.com\/wp-content\/uploads\/2021\/10\/42-677116.jpg\"><img decoding=\"async\" width=\"480\" height=\"640\" data-src=\"https:\/\/gazetaregionalna.com\/wp-content\/uploads\/2021\/10\/42-677116.jpg\" alt=\"\" data-id=\"58675\" data-full-url=\"https:\/\/gazetaregionalna.com\/wp-content\/uploads\/2021\/10\/42-677116.jpg\" data-link=\"https:\/\/gazetaregionalna.com\/?attachment_id=58675\" class=\"wp-image-58675 lazyload\" data-srcset=\"https:\/\/gazetaregionalna.com\/wp-content\/uploads\/2021\/10\/42-677116.jpg 480w, https:\/\/gazetaregionalna.com\/wp-content\/uploads\/2021\/10\/42-677116-225x300.jpg 225w, https:\/\/gazetaregionalna.com\/wp-content\/uploads\/2021\/10\/42-677116-315x420.jpg 315w\" data-sizes=\"(max-width: 480px) 100vw, 480px\" src=\"data:image\/svg+xml;base64,PHN2ZyB3aWR0aD0iMSIgaGVpZ2h0PSIxIiB4bWxucz0iaHR0cDovL3d3dy53My5vcmcvMjAwMC9zdmciPjwvc3ZnPg==\" style=\"--smush-placeholder-width: 480px; --smush-placeholder-aspect-ratio: 480\/640;\" \/><\/a><\/figure><\/li><li class=\"blocks-gallery-item\"><figure><a href=\"https:\/\/gazetaregionalna.com\/wp-content\/uploads\/2021\/10\/42-677120.jpg\"><img decoding=\"async\" width=\"955\" height=\"888\" data-src=\"https:\/\/gazetaregionalna.com\/wp-content\/uploads\/2021\/10\/42-677120.jpg\" alt=\"\" data-id=\"58676\" data-full-url=\"https:\/\/gazetaregionalna.com\/wp-content\/uploads\/2021\/10\/42-677120.jpg\" data-link=\"https:\/\/gazetaregionalna.com\/?attachment_id=58676\" class=\"wp-image-58676 lazyload\" data-srcset=\"https:\/\/gazetaregionalna.com\/wp-content\/uploads\/2021\/10\/42-677120.jpg 955w, https:\/\/gazetaregionalna.com\/wp-content\/uploads\/2021\/10\/42-677120-300x279.jpg 300w, https:\/\/gazetaregionalna.com\/wp-content\/uploads\/2021\/10\/42-677120-768x714.jpg 768w, https:\/\/gazetaregionalna.com\/wp-content\/uploads\/2021\/10\/42-677120-696x647.jpg 696w, https:\/\/gazetaregionalna.com\/wp-content\/uploads\/2021\/10\/42-677120-452x420.jpg 452w\" data-sizes=\"(max-width: 955px) 100vw, 955px\" src=\"data:image\/svg+xml;base64,PHN2ZyB3aWR0aD0iMSIgaGVpZ2h0PSIxIiB4bWxucz0iaHR0cDovL3d3dy53My5vcmcvMjAwMC9zdmciPjwvc3ZnPg==\" style=\"--smush-placeholder-width: 955px; --smush-placeholder-aspect-ratio: 955\/888;\" \/><\/a><\/figure><\/li><\/ul><\/figure>\n\n\n\n<p>W miniony weekend, w Kokotku w powiecie lublinieckim, odby\u0142 si\u0119 Jubileuszowy 25 Bieg Prze\u0142ajowy o \u201eN\u00f3\u017c Komandosa\u201d, a zarazem Og\u00f3lnopolski Bieg S\u0142u\u017cb Mundurowych w Crossie. Reprezentuj\u0105ca cz\u0119stochowsk\u0105 policj\u0119 Agnieszka Czy\u017cewska zaj\u0119\u0142a I miejsce w swojej kategorii Og\u00f3lnopolskiego Biegu S\u0142u\u017cb Mundurowych w Crossie.<\/p>\n\n\n\n<p>Bieg Prze\u0142ajowy o N\u00f3\u017c Komandosa odbywa si\u0119 od 1997 roku, a jego organizatorem jest Wojskowy Klub Biegacza Meta i Jednostka Wojskowa Komandos\u00f3w w Lubli\u0144cu. Statuetki zwyci\u0119zcom wr\u0119czali gen. dyw. dr in\u017c. S\u0142awomir Drumowicz \u2013 Dow\u00f3dca Komponentu Wojsk Specjalnych oraz pp\u0142k. Wojciech Danisiewicz.<\/p>\n\n\n\n<p>W tym roku na starcie stan\u0119\u0142o ponad 400 zawodnik\u00f3w reprezentuj\u0105cych r\u00f3\u017cne formacje mundurowe.<\/p>\n\n\n\n<p>Cz\u0119stochowskiej policjantce gratulujemy i \u017cyczymy kolejnych sukces\u00f3w.<\/p>\n","protected":false},"excerpt":{"rendered":"<p>Policjantka z Cz\u0119stochowy ponownie na podium Og\u00f3lnopolskiego Biegu S\u0142u\u017cb Mundurowych. Sier\u017cant sztabowa Agnieszka Czy\u017cewska, kt\u00f3ra ponownie wr\u00f3ci\u0142a do domu z medalem. W miniony weekend,<\/p>\n","protected":false},"author":7,"featured_media":58676,"comment_status":"open","ping_status":"open","sticky":false,"template":"","format":"standard","meta":{"_monsterinsights_skip_tracking":false,"_monsterinsights_sitenote_active":false,"_monsterinsights_sitenote_note":"","_monsterinsights_sitenote_category":0,"_uf_show_specific_survey":0,"_uf_disable_surveys":false,"footnotes":""},"categories":[94,3,2],"tags":[],"class_list":["post-58672","post","type-post","status-publish","format-standard","has-post-thumbnail","hentry","category-polecane","category-czestochowa-informacje","category-wiadomosci"],"_links":{"self":[{"href":"https:\/\/gazetaregionalna.com\/index.php?rest_route=\/wp\/v2\/posts\/58672","targetHints":{"allow":["GET"]}}],"collection":[{"href":"https:\/\/gazetaregionalna.com\/index.php?rest_route=\/wp\/v2\/posts"}],"about":[{"href":"https:\/\/gazetaregionalna.com\/index.php?rest_route=\/wp\/v2\/types\/post"}],"author":[{"embeddable":true,"href":"https:\/\/gazetaregionalna.com\/index.php?rest_route=\/wp\/v2\/users\/7"}],"replies":[{"embeddable":true,"href":"https:\/\/gazetaregionalna.com\/index.php?rest_route=%2Fwp%2Fv2%2Fcomments&post=58672"}],"version-history":[{"count":2,"href":"https:\/\/gazetaregionalna.com\/index.php?rest_route=\/wp\/v2\/posts\/58672\/revisions"}],"predecessor-version":[{"id":58677,"href":"https:\/\/gazetaregionalna.com\/index.php?rest_route=\/wp\/v2\/posts\/58672\/revisions\/58677"}],"wp:featuredmedia":[{"embeddable":true,"href":"https:\/\/gazetaregionalna.com\/index.php?rest_route=\/wp\/v2\/media\/58676"}],"wp:attachment":[{"href":"https:\/\/gazetaregionalna.com\/index.php?rest_route=%2Fwp%2Fv2%2Fmedia&parent=58672"}],"wp:term":[{"taxonomy":"category","embeddable":true,"href":"https:\/\/gazetaregionalna.com\/index.php?rest_route=%2Fwp%2Fv2%2Fcategories&post=58672"},{"taxonomy":"post_tag","embeddable":true,"href":"https:\/\/gazetaregionalna.com\/index.php?rest_route=%2Fwp%2Fv2%2Ftags&post=58672"}],"curies":[{"name":"wp","href":"https:\/\/api.w.org\/{rel}","templated":true}]}}