{"id":57710,"date":"2021-10-02T08:21:48","date_gmt":"2021-10-02T08:21:48","guid":{"rendered":"https:\/\/gazetaregionalna.com\/?p=57710"},"modified":"2021-10-02T08:21:49","modified_gmt":"2021-10-02T08:21:49","slug":"w-sobote-w-hsc-graja-siatkarki-czestochowianki","status":"publish","type":"post","link":"https:\/\/gazetaregionalna.com\/?p=57710","title":{"rendered":"W sobot\u0119 w HSC graj\u0105 siatkarki Cz\u0119stochowianki"},"content":{"rendered":"\n<p>Siatkarki KS Cz\u0119stochowianki w sobot\u0119 po raz pierwszy w nowym sezonie zaprezentuj\u0105 si\u0119 u siebie. O godz. 16 w HSC rozpoczn\u0105 mecz z Asotra P\u0142omie\u0144 Sosnowiec.<\/p>\n\n\n\n<p>Cz\u0119stochowskie siatkarki nowy sezon rozpocz\u0119\u0142y tydzie\u0144 temu na wyje\u017adzie, gdzie przegra\u0142y 0:3 z PWSZ Tarn\u00f3w. W sobot\u0119 w Cz\u0119stochowie b\u0119d\u0105 mie\u0107 okazj\u0119 do prze\u0142amania. Zmierz\u0105 si\u0119 z P\u0142omieniem Sosnowiec, z kt\u00f3rym w ostatnim czasie gra\u0142y i w lidze i w spotkaniach towrzyskich.<\/p>\n\n\n\n<p>Pocz\u0105tek meczu o godz. 16.<\/p>\n\n\n\n<p>AK<\/p>\n\n\n\n<p>Foto: Materia\u0142y prasowe klubu<\/p>\n\n\n\n<figure class=\"wp-block-image size-large\"><img decoding=\"async\" width=\"800\" height=\"800\" data-src=\"https:\/\/gazetaregionalna.com\/wp-content\/uploads\/2021\/10\/Czanka.jpg\" alt=\"\" class=\"wp-image-57711 lazyload\" data-srcset=\"https:\/\/gazetaregionalna.com\/wp-content\/uploads\/2021\/10\/Czanka.jpg 800w, https:\/\/gazetaregionalna.com\/wp-content\/uploads\/2021\/10\/Czanka-300x300.jpg 300w, https:\/\/gazetaregionalna.com\/wp-content\/uploads\/2021\/10\/Czanka-150x150.jpg 150w, https:\/\/gazetaregionalna.com\/wp-content\/uploads\/2021\/10\/Czanka-768x768.jpg 768w, https:\/\/gazetaregionalna.com\/wp-content\/uploads\/2021\/10\/Czanka-696x696.jpg 696w, https:\/\/gazetaregionalna.com\/wp-content\/uploads\/2021\/10\/Czanka-420x420.jpg 420w\" data-sizes=\"(max-width: 800px) 100vw, 800px\" src=\"data:image\/svg+xml;base64,PHN2ZyB3aWR0aD0iMSIgaGVpZ2h0PSIxIiB4bWxucz0iaHR0cDovL3d3dy53My5vcmcvMjAwMC9zdmciPjwvc3ZnPg==\" style=\"--smush-placeholder-width: 800px; --smush-placeholder-aspect-ratio: 800\/800;\" \/><\/figure>\n","protected":false},"excerpt":{"rendered":"<p>Siatkarki KS Cz\u0119stochowianki w sobot\u0119 po raz pierwszy w nowym sezonie zaprezentuj\u0105 si\u0119 u siebie. O godz. 16 w HSC rozpoczn\u0105 mecz z Asotra<\/p>\n","protected":false},"author":15,"featured_media":57711,"comment_status":"open","ping_status":"open","sticky":false,"template":"","format":"standard","meta":{"_monsterinsights_skip_tracking":false,"_monsterinsights_sitenote_active":false,"_monsterinsights_sitenote_note":"","_monsterinsights_sitenote_category":0,"_uf_show_specific_survey":0,"_uf_disable_surveys":false,"footnotes":""},"categories":[5,8],"tags":[],"class_list":["post-57710","post","type-post","status-publish","format-standard","has-post-thumbnail","hentry","category-sport","category-siatkowka"],"_links":{"self":[{"href":"https:\/\/gazetaregionalna.com\/index.php?rest_route=\/wp\/v2\/posts\/57710","targetHints":{"allow":["GET"]}}],"collection":[{"href":"https:\/\/gazetaregionalna.com\/index.php?rest_route=\/wp\/v2\/posts"}],"about":[{"href":"https:\/\/gazetaregionalna.com\/index.php?rest_route=\/wp\/v2\/types\/post"}],"author":[{"embeddable":true,"href":"https:\/\/gazetaregionalna.com\/index.php?rest_route=\/wp\/v2\/users\/15"}],"replies":[{"embeddable":true,"href":"https:\/\/gazetaregionalna.com\/index.php?rest_route=%2Fwp%2Fv2%2Fcomments&post=57710"}],"version-history":[{"count":1,"href":"https:\/\/gazetaregionalna.com\/index.php?rest_route=\/wp\/v2\/posts\/57710\/revisions"}],"predecessor-version":[{"id":57712,"href":"https:\/\/gazetaregionalna.com\/index.php?rest_route=\/wp\/v2\/posts\/57710\/revisions\/57712"}],"wp:featuredmedia":[{"embeddable":true,"href":"https:\/\/gazetaregionalna.com\/index.php?rest_route=\/wp\/v2\/media\/57711"}],"wp:attachment":[{"href":"https:\/\/gazetaregionalna.com\/index.php?rest_route=%2Fwp%2Fv2%2Fmedia&parent=57710"}],"wp:term":[{"taxonomy":"category","embeddable":true,"href":"https:\/\/gazetaregionalna.com\/index.php?rest_route=%2Fwp%2Fv2%2Fcategories&post=57710"},{"taxonomy":"post_tag","embeddable":true,"href":"https:\/\/gazetaregionalna.com\/index.php?rest_route=%2Fwp%2Fv2%2Ftags&post=57710"}],"curies":[{"name":"wp","href":"https:\/\/api.w.org\/{rel}","templated":true}]}}