{"id":57697,"date":"2021-10-02T05:19:12","date_gmt":"2021-10-02T05:19:12","guid":{"rendered":"https:\/\/gazetaregionalna.com\/?p=57697"},"modified":"2021-10-02T05:19:13","modified_gmt":"2021-10-02T05:19:13","slug":"glowny-punkt-kancelaryjny-czestochowskiego-magistratu-wraca-na-swoje-dawne-miejsce","status":"publish","type":"post","link":"https:\/\/gazetaregionalna.com\/?p=57697","title":{"rendered":"G\u0142\u00f3wny punkt kancelaryjny cz\u0119stochowskiego magistratu wraca na swoje dawne miejsce"},"content":{"rendered":"\n<h2 class=\"wp-block-heading\">W najbli\u017cszy poniedzia\u0142ek, 4 pa\u017adziernika, g\u0142\u00f3wny punkt kancelaryjny cz\u0119stochowskiego magistratu b\u0119dzie dzia\u0142a\u0142 ponownie w budynku g\u0142\u00f3wnym Urz\u0119du Miasta przy ul. \u015al\u0105skiej 11\/13. Korespondencja dotycz\u0105ca spraw zwi\u0105zanych z aktami stanu cywilnego b\u0119dzie przyjmowana \u2013 tak jak dawniej \u2013 w budynku USC przy ul. Focha 19\/21. \u00a0<\/h2>\n\n\n\n<figure class=\"wp-block-image size-large\"><img decoding=\"async\" width=\"1024\" height=\"683\" data-src=\"https:\/\/gazetaregionalna.com\/wp-content\/uploads\/2021\/10\/kanc2-1024x683.jpg\" alt=\"\" class=\"wp-image-57700 lazyload\" data-srcset=\"https:\/\/gazetaregionalna.com\/wp-content\/uploads\/2021\/10\/kanc2-1024x683.jpg 1024w, https:\/\/gazetaregionalna.com\/wp-content\/uploads\/2021\/10\/kanc2-300x200.jpg 300w, https:\/\/gazetaregionalna.com\/wp-content\/uploads\/2021\/10\/kanc2-768x512.jpg 768w, https:\/\/gazetaregionalna.com\/wp-content\/uploads\/2021\/10\/kanc2-1536x1024.jpg 1536w, https:\/\/gazetaregionalna.com\/wp-content\/uploads\/2021\/10\/kanc2-2048x1365.jpg 2048w, https:\/\/gazetaregionalna.com\/wp-content\/uploads\/2021\/10\/kanc2-696x464.jpg 696w, https:\/\/gazetaregionalna.com\/wp-content\/uploads\/2021\/10\/kanc2-1068x712.jpg 1068w, https:\/\/gazetaregionalna.com\/wp-content\/uploads\/2021\/10\/kanc2-1920x1280.jpg 1920w, https:\/\/gazetaregionalna.com\/wp-content\/uploads\/2021\/10\/kanc2-630x420.jpg 630w, https:\/\/gazetaregionalna.com\/wp-content\/uploads\/2021\/10\/kanc2-scaled.jpg 1600w\" data-sizes=\"(max-width: 1024px) 100vw, 1024px\" src=\"data:image\/svg+xml;base64,PHN2ZyB3aWR0aD0iMSIgaGVpZ2h0PSIxIiB4bWxucz0iaHR0cDovL3d3dy53My5vcmcvMjAwMC9zdmciPjwvc3ZnPg==\" style=\"--smush-placeholder-width: 1024px; --smush-placeholder-aspect-ratio: 1024\/683;\" \/><\/figure>\n\n\n\n<p>W ostatnim czasie punkt kancelaryjny by\u0142 czynny w budynku UM przy ul. Waszyngtona 5. Obecnie stanie si\u0119 on punktem informacyjnym dla os\u00f3b odwiedzaj\u0105cych budynek, w kt\u00f3rym za\u0142atwia si\u0119 m.in. sprawy zwi\u0105zane z rejestracj\u0105 pojazd\u00f3w, prawami, jazdy, dowodami osobistymi, zameldowaniem czy ewidencj\u0105 gospodarcz\u0105. &nbsp;<\/p>\n\n\n\n<p>Od poniedzia\u0142ku wszystkie osoby pragn\u0105ce osobi\u015bcie z\u0142o\u017cy\u0107 dokumentacj\u0119, wniosek lub pismo do urz\u0119du powinny kierowa\u0107 si\u0119 do s\u0105siedniego, g\u0142\u00f3wnego budynku przy ul. \u015al\u0105skiej 11\/13. Kancelaria  b\u0119dzie czynna w godzinach pracy magistratu w holu g\u0142\u00f3wnym budynku na wysoko\u015bci biura obs\u0142ugi interesanta.\u00a0\u00a0\u00a0\u00a0 \u00a0<\/p>\n\n\n\n<p>Biuro podawcze dla spraw zwi\u0105zanych z aktami stanu cywilnego b\u0119dzie dzia\u0142a\u0107 w budynku Urz\u0119du Stanu Cywilnego przy ul. Focha 19\/21 (do tej pory korespondencj\u0119 dla USC przyjmowa\u0142 czasowy punkt kancelaryjny przy ul. Waszyngtona).&nbsp; &nbsp;<\/p>\n\n\n\n<p>Zmiana ta s\u0142u\u017cy poprawie komfortu os\u00f3b za\u0142atwiaj\u0105cych sprawy w UM Cz\u0119stochowy oraz zwolnieniu miejsca w budynku przy ul. Waszyngtona do bezpo\u015bredniej obs\u0142ugi interesant\u00f3w Wydzia\u0142u Spraw Obywatelskich UM. &nbsp;<\/p>\n\n\n\n<p>Wydzia\u0142 ten, mimo trwaj\u0105cego ca\u0142y czas stanu epidemii, obs\u0142uguje stale du\u017c\u0105 liczb\u0119 interesant\u00f3w. W minionym kwartale \u015brednia dzienna liczba os\u00f3b bezpo\u015brednio obs\u0142u\u017conych to:<br>&#8211; w referacie ewidencji ludno\u015bci i dowod\u00f3w osobistych &#8211; 220 os\u00f3b,<br>&#8211; w referacie komunikacji (dowody rejestracyjne, prawa jazdy) &#8211; 260 os\u00f3b.<br>&nbsp;Terminy oczekiwania na um\u00f3wion\u0105 wizyt\u0119 w wydziale to obecnie:<br>&#8211; w referacie komunikacji \u2013 zapisy z dnia na dzie\u0144,<br>&#8211; w dowodach osobistych, z uwagi na to, \u017ce z racji remontu referat przez 3 dni by\u0142 nieczynny i niezb\u0119dne jest obecnie osobiste stawiennictwo, obecny czas oczekiwania na z\u0142o\u017cenie wniosku wynosi 7 dni.<\/p>\n\n\n\n<p>Aktualna sytuacja, w kt\u00f3rej nie mo\u017cna (od ko\u0144ca lipca) sk\u0142ada\u0107 wniosk\u00f3w na dow\u00f3d osobisty elektronicznie, powoduje, \u017ce zwi\u0119kszy\u0142a si\u0119 liczba os\u00f3b, kt\u00f3re musz\u0105 z\u0142o\u017cy\u0107 wniosek osobi\u015bcie. <\/p>\n\n\n\n<p>&#8211; Powodem tej zmiany nie jest ch\u0119\u0107 komplikowania\u00a0 wnioskodawcom \u017cycia ze strony administracji samorz\u0105dowej, a zmiana przepis\u00f3w wprowadzona przez rz\u0105d &#8211; t\u0142umaczy w komunikacie cz\u0119stochowski samorz\u0105d. &#8211; Wprawdzie dopiero od 8 listopada b\u0119dzie mo\u017cna sk\u0142ada\u0107 wnioski o nowe biometryczne dowody, ale mo\u017cliwo\u015b\u0107 kierowania wniosk\u00f3w online zosta\u0142a ju\u017c zablokowana w centralnym systemie 27 lipca.<br><br>Niezb\u0119dne informacje dotycz\u0105ce trybu i zakresu za\u0142atwiania spraw w Urz\u0119dzie Miasta Cz\u0119stochowy dost\u0119pne s\u0105 m.in. w Poradniku Interesanta na stronach Biuletynu Informacji Publicznej Miasta Cz\u0119stochowy:<br><a href=\"https:\/\/bip.czestochowa.pl\/sprawy-do-zalatwienia\/71618\" target=\"_blank\" rel=\"noreferrer noopener\">https:\/\/bip.czestochowa.pl\/sprawy-do-zalatwienia\/71618<\/a><\/p>\n\n\n\n<p>(zdj\u0119cia UM Cz\u0119stochowa)<\/p>\n","protected":false},"excerpt":{"rendered":"<p>W najbli\u017cszy poniedzia\u0142ek, 4 pa\u017adziernika, g\u0142\u00f3wny punkt kancelaryjny cz\u0119stochowskiego magistratu b\u0119dzie dzia\u0142a\u0142 ponownie w budynku g\u0142\u00f3wnym Urz\u0119du Miasta przy ul. \u015al\u0105skiej 11\/13. Korespondencja dotycz\u0105ca<\/p>\n","protected":false},"author":7,"featured_media":57702,"comment_status":"open","ping_status":"open","sticky":false,"template":"","format":"standard","meta":{"_monsterinsights_skip_tracking":false,"_monsterinsights_sitenote_active":false,"_monsterinsights_sitenote_note":"","_monsterinsights_sitenote_category":0,"_uf_show_specific_survey":0,"_uf_disable_surveys":false,"footnotes":""},"categories":[94,3,2],"tags":[],"class_list":["post-57697","post","type-post","status-publish","format-standard","has-post-thumbnail","hentry","category-polecane","category-czestochowa-informacje","category-wiadomosci"],"_links":{"self":[{"href":"https:\/\/gazetaregionalna.com\/index.php?rest_route=\/wp\/v2\/posts\/57697","targetHints":{"allow":["GET"]}}],"collection":[{"href":"https:\/\/gazetaregionalna.com\/index.php?rest_route=\/wp\/v2\/posts"}],"about":[{"href":"https:\/\/gazetaregionalna.com\/index.php?rest_route=\/wp\/v2\/types\/post"}],"author":[{"embeddable":true,"href":"https:\/\/gazetaregionalna.com\/index.php?rest_route=\/wp\/v2\/users\/7"}],"replies":[{"embeddable":true,"href":"https:\/\/gazetaregionalna.com\/index.php?rest_route=%2Fwp%2Fv2%2Fcomments&post=57697"}],"version-history":[{"count":3,"href":"https:\/\/gazetaregionalna.com\/index.php?rest_route=\/wp\/v2\/posts\/57697\/revisions"}],"predecessor-version":[{"id":57703,"href":"https:\/\/gazetaregionalna.com\/index.php?rest_route=\/wp\/v2\/posts\/57697\/revisions\/57703"}],"wp:featuredmedia":[{"embeddable":true,"href":"https:\/\/gazetaregionalna.com\/index.php?rest_route=\/wp\/v2\/media\/57702"}],"wp:attachment":[{"href":"https:\/\/gazetaregionalna.com\/index.php?rest_route=%2Fwp%2Fv2%2Fmedia&parent=57697"}],"wp:term":[{"taxonomy":"category","embeddable":true,"href":"https:\/\/gazetaregionalna.com\/index.php?rest_route=%2Fwp%2Fv2%2Fcategories&post=57697"},{"taxonomy":"post_tag","embeddable":true,"href":"https:\/\/gazetaregionalna.com\/index.php?rest_route=%2Fwp%2Fv2%2Ftags&post=57697"}],"curies":[{"name":"wp","href":"https:\/\/api.w.org\/{rel}","templated":true}]}}