{"id":57636,"date":"2021-10-01T19:46:27","date_gmt":"2021-10-01T19:46:27","guid":{"rendered":"https:\/\/gazetaregionalna.com\/?p=57636"},"modified":"2021-10-01T19:51:21","modified_gmt":"2021-10-01T19:51:21","slug":"jakub-miskowiak-zostal-indywidualnym-mistrzem-swiata-juniorow","status":"publish","type":"post","link":"https:\/\/gazetaregionalna.com\/?p=57636","title":{"rendered":"Jakub Mi\u015bkowiak zosta\u0142 Indywidualnym Mistrzem \u015awiata Junior\u00f3w"},"content":{"rendered":"\n<p>W pi\u0105tek w czeskich Pardubicach odby\u0142a si\u0119 trzecia i fina\u0142owa runda Indywidualnym Mistrzostw \u015awiata Junior\u00f3w. Z\u0142oty medal wywalczy\u0142 \u017cu\u017clowiec Eltrox W\u0142\u00f3kniarz Cz\u0119stochowa Jakub Mi\u015bkowiak. Czwarte miejsce w klasyfikacji generalnej zdoby\u0142 drugi z cz\u0119stochowskich zawodnik\u00f3w Mateusz \u015awidnicki.<\/p>\n\n\n\n<p>Przed turniejem w Czechach Mi\u015bkowiak mia\u0142 2 punkty przewagi nad Du\u0144czykiem Madsem Hansenem. I mi\u0119dzy tymi zawodnikami rozegra\u0142a si\u0119 walka o zwyci\u0119stwa. W wielkim finale Mi\u015bkowiak pokona\u0142 Hansena, Czecha Jana Kvecha i Niemca Norika Bloedrona.<\/p>\n\n\n\n<p>W klasyfikacji generalnej z\u0142oty medal wywalczy\u0142 Mi\u015bkowiak (58 punkt\u00f3w), srebrny Hansen (54 punkty), a br\u0105zowy Wiktor Lampart (41 punkt\u00f3w). Na 4. pozycji uplasowa\u0142 si\u0119 Mateusz \u015awidnicki (31 punkt\u00f3w).<\/p>\n\n\n\n<p>AK<\/p>\n\n\n\n<p>Foto: AK<\/p>\n\n\n\n<figure class=\"wp-block-image size-large\"><img decoding=\"async\" width=\"1024\" height=\"745\" data-src=\"https:\/\/gazetaregionalna.com\/wp-content\/uploads\/2021\/09\/MIMP-09-1024x745.jpg\" alt=\"\" class=\"wp-image-54562 lazyload\" data-srcset=\"https:\/\/gazetaregionalna.com\/wp-content\/uploads\/2021\/09\/MIMP-09-1024x745.jpg 1024w, https:\/\/gazetaregionalna.com\/wp-content\/uploads\/2021\/09\/MIMP-09-300x218.jpg 300w, https:\/\/gazetaregionalna.com\/wp-content\/uploads\/2021\/09\/MIMP-09-768x559.jpg 768w, https:\/\/gazetaregionalna.com\/wp-content\/uploads\/2021\/09\/MIMP-09-1536x1118.jpg 1536w, https:\/\/gazetaregionalna.com\/wp-content\/uploads\/2021\/09\/MIMP-09-2048x1491.jpg 2048w, https:\/\/gazetaregionalna.com\/wp-content\/uploads\/2021\/09\/MIMP-09-696x507.jpg 696w, https:\/\/gazetaregionalna.com\/wp-content\/uploads\/2021\/09\/MIMP-09-1068x777.jpg 1068w, https:\/\/gazetaregionalna.com\/wp-content\/uploads\/2021\/09\/MIMP-09-1920x1398.jpg 1920w, https:\/\/gazetaregionalna.com\/wp-content\/uploads\/2021\/09\/MIMP-09-577x420.jpg 577w, https:\/\/gazetaregionalna.com\/wp-content\/uploads\/2021\/09\/MIMP-09-324x235.jpg 324w, https:\/\/gazetaregionalna.com\/wp-content\/uploads\/2021\/09\/MIMP-09-scaled.jpg 1600w\" data-sizes=\"(max-width: 1024px) 100vw, 1024px\" src=\"data:image\/svg+xml;base64,PHN2ZyB3aWR0aD0iMSIgaGVpZ2h0PSIxIiB4bWxucz0iaHR0cDovL3d3dy53My5vcmcvMjAwMC9zdmciPjwvc3ZnPg==\" style=\"--smush-placeholder-width: 1024px; --smush-placeholder-aspect-ratio: 1024\/745;\" \/><\/figure>\n","protected":false},"excerpt":{"rendered":"<p>W pi\u0105tek w czeskich Pardubicach odby\u0142a si\u0119 trzecia i fina\u0142owa runda Indywidualnym Mistrzostw \u015awiata Junior\u00f3w. Z\u0142oty medal wywalczy\u0142 \u017cu\u017clowiec Eltrox W\u0142\u00f3kniarz Cz\u0119stochowa Jakub Mi\u015bkowiak.<\/p>\n","protected":false},"author":15,"featured_media":54562,"comment_status":"open","ping_status":"open","sticky":false,"template":"","format":"standard","meta":{"_monsterinsights_skip_tracking":false,"_monsterinsights_sitenote_active":false,"_monsterinsights_sitenote_note":"","_monsterinsights_sitenote_category":0,"_uf_show_specific_survey":0,"_uf_disable_surveys":false,"footnotes":""},"categories":[5,7],"tags":[],"class_list":["post-57636","post","type-post","status-publish","format-standard","has-post-thumbnail","hentry","category-sport","category-zuzel"],"_links":{"self":[{"href":"https:\/\/gazetaregionalna.com\/index.php?rest_route=\/wp\/v2\/posts\/57636","targetHints":{"allow":["GET"]}}],"collection":[{"href":"https:\/\/gazetaregionalna.com\/index.php?rest_route=\/wp\/v2\/posts"}],"about":[{"href":"https:\/\/gazetaregionalna.com\/index.php?rest_route=\/wp\/v2\/types\/post"}],"author":[{"embeddable":true,"href":"https:\/\/gazetaregionalna.com\/index.php?rest_route=\/wp\/v2\/users\/15"}],"replies":[{"embeddable":true,"href":"https:\/\/gazetaregionalna.com\/index.php?rest_route=%2Fwp%2Fv2%2Fcomments&post=57636"}],"version-history":[{"count":1,"href":"https:\/\/gazetaregionalna.com\/index.php?rest_route=\/wp\/v2\/posts\/57636\/revisions"}],"predecessor-version":[{"id":57637,"href":"https:\/\/gazetaregionalna.com\/index.php?rest_route=\/wp\/v2\/posts\/57636\/revisions\/57637"}],"wp:featuredmedia":[{"embeddable":true,"href":"https:\/\/gazetaregionalna.com\/index.php?rest_route=\/wp\/v2\/media\/54562"}],"wp:attachment":[{"href":"https:\/\/gazetaregionalna.com\/index.php?rest_route=%2Fwp%2Fv2%2Fmedia&parent=57636"}],"wp:term":[{"taxonomy":"category","embeddable":true,"href":"https:\/\/gazetaregionalna.com\/index.php?rest_route=%2Fwp%2Fv2%2Fcategories&post=57636"},{"taxonomy":"post_tag","embeddable":true,"href":"https:\/\/gazetaregionalna.com\/index.php?rest_route=%2Fwp%2Fv2%2Ftags&post=57636"}],"curies":[{"name":"wp","href":"https:\/\/api.w.org\/{rel}","templated":true}]}}