{"id":574,"date":"2018-09-28T07:31:54","date_gmt":"2018-09-28T07:31:54","guid":{"rendered":"http:\/\/gazetaregionalna.com\/?p=574"},"modified":"2018-09-28T08:08:50","modified_gmt":"2018-09-28T08:08:50","slug":"7fotorajd-za-nami-organizatorzy-juz-zapraszaja-na-kolejna-odslone-imprezy-relacja","status":"publish","type":"post","link":"https:\/\/gazetaregionalna.com\/?p=574","title":{"rendered":"7FOTOrajd za nami. Organizatorzy ju\u017c zapraszaj\u0105 na kolejn\u0105 ods\u0142on\u0119 imprezy (RELACJA)"},"content":{"rendered":"<p>&nbsp;<\/p>\n<p>22 wrze\u015bnia odby\u0142 si\u0119 cz\u0119stochowski FOTOrajd. 7 edycja imprezy przyci\u0105gn\u0119\u0142a mi\u0142o\u015bnik\u00f3w klasycznej motoryzacji. Wydarzenie jak co roku przygotowa\u0142 Cz\u0119stochowski Ruch Klask\u00f3w.<\/p>\n<p><span style=\"font-family: Times New Roman, serif;\">Rajd turystyczny pojazd\u00f3w zabytkowych, oldtimer\u00f3w, youngtimer\u00f3w po\u0142\u0105czony by\u0142 z pr\u00f3bami sportowymi, zr\u0119czno\u015bciowymi, mas\u0105 pyta\u0144 oraz FOT czyli ciekawych miejsc, na kt\u00f3rych tle sfotografowa\u0107 mo\u017cna by\u0142o sw\u00f3j pojazd &#8211; co z pewno\u015bci\u0105 stanowi\u0142o niezapomnian\u0105 pami\u0105tk\u0119 z rajdu.Na zlot przyjecha\u0142o wielu amator\u00f3w pojazd\u00f3w zabytkowych. Mo\u017cna by\u0142o zobaczy\u0107 wszystkie modele samochod\u00f3w \u2013 od malucha po porsche.<\/span><\/p>\n<p>[post_gallery]<\/p>\n<p>Fot. Tomasz Balas\/Panatom.media<\/p>\n","protected":false},"excerpt":{"rendered":"<p>&nbsp; 22 wrze\u015bnia odby\u0142 si\u0119 cz\u0119stochowski FOTOrajd. 7 edycja imprezy przyci\u0105gn\u0119\u0142a mi\u0142o\u015bnik\u00f3w klasycznej motoryzacji. Wydarzenie jak co roku przygotowa\u0142 Cz\u0119stochowski Ruch Klask\u00f3w. Rajd turystyczny<\/p>\n","protected":false},"author":3,"featured_media":0,"comment_status":"open","ping_status":"closed","sticky":false,"template":"","format":"standard","meta":{"_monsterinsights_skip_tracking":false,"_monsterinsights_sitenote_active":false,"_monsterinsights_sitenote_note":"","_monsterinsights_sitenote_category":0,"_uf_show_specific_survey":0,"_uf_disable_surveys":false,"footnotes":""},"categories":[3,4,13],"tags":[],"class_list":["post-574","post","type-post","status-publish","format-standard","hentry","category-czestochowa-informacje","category-region","category-wydarzenia"],"_links":{"self":[{"href":"https:\/\/gazetaregionalna.com\/index.php?rest_route=\/wp\/v2\/posts\/574","targetHints":{"allow":["GET"]}}],"collection":[{"href":"https:\/\/gazetaregionalna.com\/index.php?rest_route=\/wp\/v2\/posts"}],"about":[{"href":"https:\/\/gazetaregionalna.com\/index.php?rest_route=\/wp\/v2\/types\/post"}],"author":[{"embeddable":true,"href":"https:\/\/gazetaregionalna.com\/index.php?rest_route=\/wp\/v2\/users\/3"}],"replies":[{"embeddable":true,"href":"https:\/\/gazetaregionalna.com\/index.php?rest_route=%2Fwp%2Fv2%2Fcomments&post=574"}],"version-history":[{"count":2,"href":"https:\/\/gazetaregionalna.com\/index.php?rest_route=\/wp\/v2\/posts\/574\/revisions"}],"predecessor-version":[{"id":642,"href":"https:\/\/gazetaregionalna.com\/index.php?rest_route=\/wp\/v2\/posts\/574\/revisions\/642"}],"wp:attachment":[{"href":"https:\/\/gazetaregionalna.com\/index.php?rest_route=%2Fwp%2Fv2%2Fmedia&parent=574"}],"wp:term":[{"taxonomy":"category","embeddable":true,"href":"https:\/\/gazetaregionalna.com\/index.php?rest_route=%2Fwp%2Fv2%2Fcategories&post=574"},{"taxonomy":"post_tag","embeddable":true,"href":"https:\/\/gazetaregionalna.com\/index.php?rest_route=%2Fwp%2Fv2%2Ftags&post=574"}],"curies":[{"name":"wp","href":"https:\/\/api.w.org\/{rel}","templated":true}]}}