{"id":57173,"date":"2021-09-29T08:24:23","date_gmt":"2021-09-29T08:24:23","guid":{"rendered":"https:\/\/gazetaregionalna.com\/?p=57173"},"modified":"2021-09-29T08:24:24","modified_gmt":"2021-09-29T08:24:24","slug":"kibice-zuzla-z-leszna-skazani-za-atak-na-czestochowskiego-prokuratora","status":"publish","type":"post","link":"https:\/\/gazetaregionalna.com\/?p=57173","title":{"rendered":"Kibice \u017cu\u017cla z Leszna skazani za atak na cz\u0119stochowskiego prokuratora"},"content":{"rendered":"\n<h2 class=\"wp-block-heading\">Kibice \u017cu\u017cla z Leszna skazani za atak na cz\u0119stochowskiego prokuratora. S\u0105d wyda\u0142 wyrok za napa\u015b\u0107 i naruszenie nietykalno\u015bci cielesnej prokuratora z Cz\u0119stochowy. Prowadz\u0105ca spraw\u0119 Prokuratura Rejonowa z Myszkowa uznaje, \u017ce zas\u0105dzona kara jest za niska i prawdopodobnie z\u0142o\u017cy apelacj\u0119 w sprawie decyzji s\u0105du z Leszna.<\/h2>\n\n\n\n<p>Kibice Unii Leszno napadu dokonali na pocz\u0105tku wrze\u015bnia 2019 roku. M\u0119\u017cczy\u017ani przyjechali na mecz \u017cu\u017clowy swojej dru\u017cyny z cz\u0119stochowskim W\u0142\u00f3kniarzem.<\/p>\n\n\n\n<p>Przed meczem kibice z Wielkopolski zaatakowali kibica W\u0142\u00f3kniarza maj\u0105cego szalik cz\u0119stochowskiego klubu.&nbsp;Przyjezdni pobili go i ukradli mu rekwizyt klubowy,&nbsp;szarpali si\u0119 z nim, a nast\u0119pnie go pobili.<\/p>\n\n\n\n<p>\u2013 Akt oskar\u017cenia dotyczy rozboju na osobie m\u0142odego kibica, a tak\u017ce kradzie\u017cy szalika klubowego na szkod\u0119 tej osoby \u2013 powiedzia\u0142 nam prokurator Tomasz Ozimek, rzecznik prasowy cz\u0119stochowskiej prokuratury. &#8211; Ponadto akt oskar\u017cenia, kt\u00f3ry zosta\u0142 w tej sprawie kierowany do s\u0105du przez myszkowsk\u0105 prokuratur\u0119 dotyczy naruszenia nietykalno\u015bci cielesnej prokuratora, kt\u00f3ry stan\u0105\u0142 w obronie napadni\u0119tego. W toku \u015bledztwa ustalono, \u017ce 1 wrze\u015bnia 2019 roku w Cz\u0119stochowie odbywa\u0142 si\u0119 mecz \u017cu\u017clowy pomi\u0119dzy klubami W\u0142\u00f3kniarz Cz\u0119stochowa a Unia Leszno. Na ten mecz udawa\u0142 si\u0119 r\u00f3wnie\u017c jeden z cz\u0119stochowskim prokurator\u00f3w. Gdy doje\u017cd\u017ca\u0142 do stadionu, zauwa\u017cy\u0142, \u017ce grupa 3 kibic\u00f3w Unii Leszno pobi\u0142a m\u0142odego m\u0119\u017cczyzn\u0119 i skrad\u0142a mu klubowy szalik. Prokurator podbieg\u0142 wtedy do sprawc\u00f3w. Przedstawi si\u0119, \u017ce jest prokuratorem oraz poleci\u0142 im, aby zwr\u00f3cili skradziony szalik. Kibice zacz\u0119li mu grozi\u0107 pozbawieniem \u017cycia, obra\u017ca\u0107 go, naruszyli jego nietykalno\u015b\u0107 cielesn\u0105 &#8211; uderzyli w klatk\u0119 piersiow\u0105 \u2013 doda\u0142 prokurator Ozimek.<\/p>\n\n\n\n<p>Trzech agresywnych kibic\u00f3w z Leszna po tym zdarzeniu uciek\u0142o na trybuny. Tam zostali rozpoznani i zatrzymani. W trakcie rozpoznania, kolejnych dw\u00f3ch kibic\u00f3w zacz\u0119\u0142o grozi\u0107 prokuratorowi pozbawieniem \u017cycia.<\/p>\n\n\n\n<p>\u2013 Ca\u0142a pi\u0105tka zosta\u0142a zatrzymana i obj\u0119ta aktem oskar\u017cenia \u2013 przekaza\u0142 prokurator Ozimek. &#8211; W ostatnich dniach S\u0105d Rejonowy w Lesznie, przed kt\u00f3rym toczy\u0142 si\u0119 proces wyda\u0142 wyrok. Wymierzy\u0142 3 oskar\u017conym kary pozbawienia wolno\u015bci z warunkowym zawieszeniem wykonania kary, a 2 oskar\u017conym kary ograniczenia wolno\u015bci. Prokuratur w Myszkowie oceni\u0142a wst\u0119pnie, \u017ce kary wymierzone s\u0105 zbyt \u0142agodne i z\u0142o\u017cy\u0142a wniosek o pisemne uzasadnienie tego wyroku, kt\u00f3ry stanowi tzw. zapowied\u017a apelacji \u2013 uzupe\u0142nia rzecznik cz\u0119stochowskiej prokuratury.<\/p>\n","protected":false},"excerpt":{"rendered":"<p>Kibice \u017cu\u017cla z Leszna skazani za atak na cz\u0119stochowskiego prokuratora. S\u0105d wyda\u0142 wyrok za napa\u015b\u0107 i naruszenie nietykalno\u015bci cielesnej prokuratora z Cz\u0119stochowy. Prowadz\u0105ca spraw\u0119<\/p>\n","protected":false},"author":7,"featured_media":44814,"comment_status":"open","ping_status":"open","sticky":false,"template":"","format":"standard","meta":{"_monsterinsights_skip_tracking":false,"_monsterinsights_sitenote_active":false,"_monsterinsights_sitenote_note":"","_monsterinsights_sitenote_category":0,"_uf_show_specific_survey":0,"_uf_disable_surveys":false,"footnotes":""},"categories":[94,3,2],"tags":[],"class_list":["post-57173","post","type-post","status-publish","format-standard","has-post-thumbnail","hentry","category-polecane","category-czestochowa-informacje","category-wiadomosci"],"_links":{"self":[{"href":"https:\/\/gazetaregionalna.com\/index.php?rest_route=\/wp\/v2\/posts\/57173","targetHints":{"allow":["GET"]}}],"collection":[{"href":"https:\/\/gazetaregionalna.com\/index.php?rest_route=\/wp\/v2\/posts"}],"about":[{"href":"https:\/\/gazetaregionalna.com\/index.php?rest_route=\/wp\/v2\/types\/post"}],"author":[{"embeddable":true,"href":"https:\/\/gazetaregionalna.com\/index.php?rest_route=\/wp\/v2\/users\/7"}],"replies":[{"embeddable":true,"href":"https:\/\/gazetaregionalna.com\/index.php?rest_route=%2Fwp%2Fv2%2Fcomments&post=57173"}],"version-history":[{"count":1,"href":"https:\/\/gazetaregionalna.com\/index.php?rest_route=\/wp\/v2\/posts\/57173\/revisions"}],"predecessor-version":[{"id":57174,"href":"https:\/\/gazetaregionalna.com\/index.php?rest_route=\/wp\/v2\/posts\/57173\/revisions\/57174"}],"wp:featuredmedia":[{"embeddable":true,"href":"https:\/\/gazetaregionalna.com\/index.php?rest_route=\/wp\/v2\/media\/44814"}],"wp:attachment":[{"href":"https:\/\/gazetaregionalna.com\/index.php?rest_route=%2Fwp%2Fv2%2Fmedia&parent=57173"}],"wp:term":[{"taxonomy":"category","embeddable":true,"href":"https:\/\/gazetaregionalna.com\/index.php?rest_route=%2Fwp%2Fv2%2Fcategories&post=57173"},{"taxonomy":"post_tag","embeddable":true,"href":"https:\/\/gazetaregionalna.com\/index.php?rest_route=%2Fwp%2Fv2%2Ftags&post=57173"}],"curies":[{"name":"wp","href":"https:\/\/api.w.org\/{rel}","templated":true}]}}