{"id":57150,"date":"2021-09-29T07:11:10","date_gmt":"2021-09-29T07:11:10","guid":{"rendered":"https:\/\/gazetaregionalna.com\/?p=57150"},"modified":"2021-09-29T09:26:17","modified_gmt":"2021-09-29T09:26:17","slug":"jutro-ostatni-dzien-narodowego-spisu-powszechnego-mieszkancow-i-mieszkancow-spis-sie-zeby-nie-dostac-kary","status":"publish","type":"post","link":"https:\/\/gazetaregionalna.com\/?p=57150","title":{"rendered":"Jutro ostatni dzie\u0144 Narodowego Spisu Powszechnego Ludno\u015bci i Mieszka\u0144. Spis si\u0119, \u017ceby nie dosta\u0107 kary"},"content":{"rendered":"\n<h2 class=\"wp-block-heading\">Jutro ostatni dzie\u0144 Narodowego Spisu Powszechnego Ludno\u015bci i Mieszka\u0144. Przypominamy, wzi\u0119cie udzia\u0142u w spisie, to obowi\u0105zek. Kto tego nie zrobi, narazi si\u0119 na kar\u0119 finansow\u0105.<\/h2>\n\n\n\n<p>Spisy ludno\u015bci odbywaj\u0105 si\u0119 cyklicznie. Ostatni raz Polacy byli \u201espisywani\u201d w 2011 roku. W tym roku z powodu pandemii GUS stawia\u0107 b\u0119dzie przede wszystkim na samospis mieszka\u0144c\u00f3w Polski.<\/p>\n\n\n\n<p>Aby dokona\u0107 tzw. samopisu wystarczy wej\u015b\u0107 na stron\u0119 GUS&nbsp;<a href=\"https:\/\/spis.gov.pl\/\" target=\"_blank\" rel=\"noreferrer noopener\">https:\/\/spis.gov.pl\/<\/a><\/p>\n\n\n\n<p>Pytanie w tegorocznym spisie s\u0105 podobne, jak w trakcie poprzednich spis\u00f3w. Musimy udzieli\u0107 odpowiedzi na przyk\u0142ad na temat naszej narodowo\u015bci, wykszta\u0142cenia, wymiaru pracy, a tak\u017ce powierzchni domu\/mieszkania i liczby tzw. izb w lokalu, kt\u00f3ry zajmujemy. GUS mo\u017ce r\u00f3wnie\u017c zapyta\u0107, czy i z jakich \u015bwiadcze\u0144 korzystamy.<\/p>\n\n\n\n<p>Odpowiedzi na te pytania musimy dzieli\u0107, udzia\u0142 w spisie jest bowiem obowi\u0105zkowy. Za odmow\u0119 udzia\u0142u w NSP mo\u017ce nam grozi\u0107 grzywna maksymalnie do 5 tys. z\u0142otych.<\/p>\n","protected":false},"excerpt":{"rendered":"<p>Jutro ostatni dzie\u0144 Narodowego Spisu Powszechnego Ludno\u015bci i Mieszka\u0144. Przypominamy, wzi\u0119cie udzia\u0142u w spisie, to obowi\u0105zek. Kto tego nie zrobi, narazi si\u0119 na kar\u0119<\/p>\n","protected":false},"author":7,"featured_media":56304,"comment_status":"open","ping_status":"open","sticky":false,"template":"","format":"standard","meta":{"_monsterinsights_skip_tracking":false,"_monsterinsights_sitenote_active":false,"_monsterinsights_sitenote_note":"","_monsterinsights_sitenote_category":0,"_uf_show_specific_survey":0,"_uf_disable_surveys":false,"footnotes":""},"categories":[94,3,2],"tags":[],"class_list":["post-57150","post","type-post","status-publish","format-standard","has-post-thumbnail","hentry","category-polecane","category-czestochowa-informacje","category-wiadomosci"],"_links":{"self":[{"href":"https:\/\/gazetaregionalna.com\/index.php?rest_route=\/wp\/v2\/posts\/57150","targetHints":{"allow":["GET"]}}],"collection":[{"href":"https:\/\/gazetaregionalna.com\/index.php?rest_route=\/wp\/v2\/posts"}],"about":[{"href":"https:\/\/gazetaregionalna.com\/index.php?rest_route=\/wp\/v2\/types\/post"}],"author":[{"embeddable":true,"href":"https:\/\/gazetaregionalna.com\/index.php?rest_route=\/wp\/v2\/users\/7"}],"replies":[{"embeddable":true,"href":"https:\/\/gazetaregionalna.com\/index.php?rest_route=%2Fwp%2Fv2%2Fcomments&post=57150"}],"version-history":[{"count":4,"href":"https:\/\/gazetaregionalna.com\/index.php?rest_route=\/wp\/v2\/posts\/57150\/revisions"}],"predecessor-version":[{"id":57192,"href":"https:\/\/gazetaregionalna.com\/index.php?rest_route=\/wp\/v2\/posts\/57150\/revisions\/57192"}],"wp:featuredmedia":[{"embeddable":true,"href":"https:\/\/gazetaregionalna.com\/index.php?rest_route=\/wp\/v2\/media\/56304"}],"wp:attachment":[{"href":"https:\/\/gazetaregionalna.com\/index.php?rest_route=%2Fwp%2Fv2%2Fmedia&parent=57150"}],"wp:term":[{"taxonomy":"category","embeddable":true,"href":"https:\/\/gazetaregionalna.com\/index.php?rest_route=%2Fwp%2Fv2%2Fcategories&post=57150"},{"taxonomy":"post_tag","embeddable":true,"href":"https:\/\/gazetaregionalna.com\/index.php?rest_route=%2Fwp%2Fv2%2Ftags&post=57150"}],"curies":[{"name":"wp","href":"https:\/\/api.w.org\/{rel}","templated":true}]}}