{"id":57146,"date":"2021-09-29T06:04:42","date_gmt":"2021-09-29T06:04:42","guid":{"rendered":"https:\/\/gazetaregionalna.com\/?p=57146"},"modified":"2021-09-29T06:04:44","modified_gmt":"2021-09-29T06:04:44","slug":"10-pazdziernika-zaplanowany-jest-48-memorial-im-bronislawa-idzikowskiego-i-marka-czernego","status":"publish","type":"post","link":"https:\/\/gazetaregionalna.com\/?p=57146","title":{"rendered":"10 pa\u017adziernika zaplanowany jest 48. Memoria\u0142 im. Bronis\u0142awa Idzikowskiego i Marka Czernego"},"content":{"rendered":"\n<p>Kibice \u017cu\u017cla w Cz\u0119stochowie mog\u0105 si\u0119 szykowa\u0107 na zako\u0144czenie sezonu. Na 10 pa\u017adziernika zaplanowany jest 48. Memoria\u0142 Bronis\u0142awa Idzikowskiego i Marka Czernego.<\/p>\n\n\n\n<p>Sezon w \u017cu\u017clowej PGE Ekstralidze ju\u017c jest za \u017cu\u017clowcami Eltrox W\u0142\u00f3kniarz. Cz\u0119stochowianie zako\u0144czyli lig\u0119 na 5. miejscu. Nowym mistrzem Polski w miniony weekend zostali \u017cu\u017clowcy Betard Sparty Wroc\u0142aw, kt\u00f3rzy w finale pokonali Motor Lublin.<\/p>\n\n\n\n<p>Ostatni\u0105 \u017cu\u017clow\u0105 imprez\u0105 w Cz\u0119stochowie b\u0119dzie planowany na 10 pa\u017adziernika 48. Memoria\u0142 Bronis\u0142awa Idzikowskiego i Marka Czernego. W zawodach wyst\u0105pi wi\u0119kszo\u015b\u0107 zawodnik\u00f3w Eltrox W\u0142\u00f3kniarza, a tak\u017ce zaproszeni go\u015bcie. Jednym z nich ma by\u0107 by\u0142y zawodnik W\u0142\u00f3kniarza S\u0142oweniec Matej Zagar. Pojad\u0105 te\u017c Leon Madsen i Fredrik Lindgren. <\/p>\n\n\n\n<p>W\u0142\u00f3kniarz w najbli\u017cszych dniach ma podawa\u0107 kolejne nazwiska \u017cu\u017clowc\u00f3w, kt\u00f3rzy pojad\u0105 w 48. Memoriale B. Idzikowskiego i M. Czernego.<\/p>\n\n\n\n<p>MR-K<\/p>\n\n\n\n<p>Foto: AK<\/p>\n\n\n\n<figure class=\"wp-block-image size-large\"><img decoding=\"async\" width=\"1024\" height=\"683\" data-src=\"https:\/\/gazetaregionalna.com\/wp-content\/uploads\/2021\/07\/CKM-Stal-2-1024x683.jpg\" alt=\"\" class=\"wp-image-46459 lazyload\" data-srcset=\"https:\/\/gazetaregionalna.com\/wp-content\/uploads\/2021\/07\/CKM-Stal-2-1024x683.jpg 1024w, https:\/\/gazetaregionalna.com\/wp-content\/uploads\/2021\/07\/CKM-Stal-2-300x200.jpg 300w, https:\/\/gazetaregionalna.com\/wp-content\/uploads\/2021\/07\/CKM-Stal-2-768x512.jpg 768w, https:\/\/gazetaregionalna.com\/wp-content\/uploads\/2021\/07\/CKM-Stal-2-1536x1024.jpg 1536w, https:\/\/gazetaregionalna.com\/wp-content\/uploads\/2021\/07\/CKM-Stal-2-2048x1365.jpg 2048w, https:\/\/gazetaregionalna.com\/wp-content\/uploads\/2021\/07\/CKM-Stal-2-696x464.jpg 696w, https:\/\/gazetaregionalna.com\/wp-content\/uploads\/2021\/07\/CKM-Stal-2-1068x712.jpg 1068w, https:\/\/gazetaregionalna.com\/wp-content\/uploads\/2021\/07\/CKM-Stal-2-1920x1280.jpg 1920w, https:\/\/gazetaregionalna.com\/wp-content\/uploads\/2021\/07\/CKM-Stal-2-630x420.jpg 630w, https:\/\/gazetaregionalna.com\/wp-content\/uploads\/2021\/07\/CKM-Stal-2-scaled.jpg 1200w\" data-sizes=\"(max-width: 1024px) 100vw, 1024px\" src=\"data:image\/svg+xml;base64,PHN2ZyB3aWR0aD0iMSIgaGVpZ2h0PSIxIiB4bWxucz0iaHR0cDovL3d3dy53My5vcmcvMjAwMC9zdmciPjwvc3ZnPg==\" style=\"--smush-placeholder-width: 1024px; --smush-placeholder-aspect-ratio: 1024\/683;\" \/><\/figure>\n\n\n\n<figure class=\"wp-block-image size-large\"><img decoding=\"async\" width=\"1024\" height=\"683\" data-src=\"https:\/\/gazetaregionalna.com\/wp-content\/uploads\/2021\/08\/CKM-Stal-25-1024x683.jpg\" alt=\"\" class=\"wp-image-51411 lazyload\" data-srcset=\"https:\/\/gazetaregionalna.com\/wp-content\/uploads\/2021\/08\/CKM-Stal-25-1024x683.jpg 1024w, https:\/\/gazetaregionalna.com\/wp-content\/uploads\/2021\/08\/CKM-Stal-25-300x200.jpg 300w, https:\/\/gazetaregionalna.com\/wp-content\/uploads\/2021\/08\/CKM-Stal-25-768x512.jpg 768w, https:\/\/gazetaregionalna.com\/wp-content\/uploads\/2021\/08\/CKM-Stal-25-1536x1024.jpg 1536w, https:\/\/gazetaregionalna.com\/wp-content\/uploads\/2021\/08\/CKM-Stal-25-2048x1365.jpg 2048w, https:\/\/gazetaregionalna.com\/wp-content\/uploads\/2021\/08\/CKM-Stal-25-696x464.jpg 696w, https:\/\/gazetaregionalna.com\/wp-content\/uploads\/2021\/08\/CKM-Stal-25-1068x712.jpg 1068w, https:\/\/gazetaregionalna.com\/wp-content\/uploads\/2021\/08\/CKM-Stal-25-1920x1280.jpg 1920w, https:\/\/gazetaregionalna.com\/wp-content\/uploads\/2021\/08\/CKM-Stal-25-630x420.jpg 630w, https:\/\/gazetaregionalna.com\/wp-content\/uploads\/2021\/08\/CKM-Stal-25-scaled.jpg 1200w\" data-sizes=\"(max-width: 1024px) 100vw, 1024px\" src=\"data:image\/svg+xml;base64,PHN2ZyB3aWR0aD0iMSIgaGVpZ2h0PSIxIiB4bWxucz0iaHR0cDovL3d3dy53My5vcmcvMjAwMC9zdmciPjwvc3ZnPg==\" style=\"--smush-placeholder-width: 1024px; --smush-placeholder-aspect-ratio: 1024\/683;\" \/><\/figure>\n\n\n\n<figure class=\"wp-block-image size-large\"><img decoding=\"async\" width=\"1024\" height=\"683\" data-src=\"https:\/\/gazetaregionalna.com\/wp-content\/uploads\/2021\/08\/CKM-Stal-31-1024x683.jpg\" alt=\"\" class=\"wp-image-51585 lazyload\" data-srcset=\"https:\/\/gazetaregionalna.com\/wp-content\/uploads\/2021\/08\/CKM-Stal-31-1024x683.jpg 1024w, https:\/\/gazetaregionalna.com\/wp-content\/uploads\/2021\/08\/CKM-Stal-31-300x200.jpg 300w, https:\/\/gazetaregionalna.com\/wp-content\/uploads\/2021\/08\/CKM-Stal-31-768x512.jpg 768w, https:\/\/gazetaregionalna.com\/wp-content\/uploads\/2021\/08\/CKM-Stal-31-1536x1024.jpg 1536w, https:\/\/gazetaregionalna.com\/wp-content\/uploads\/2021\/08\/CKM-Stal-31-2048x1365.jpg 2048w, https:\/\/gazetaregionalna.com\/wp-content\/uploads\/2021\/08\/CKM-Stal-31-696x464.jpg 696w, https:\/\/gazetaregionalna.com\/wp-content\/uploads\/2021\/08\/CKM-Stal-31-1068x712.jpg 1068w, https:\/\/gazetaregionalna.com\/wp-content\/uploads\/2021\/08\/CKM-Stal-31-1920x1280.jpg 1920w, https:\/\/gazetaregionalna.com\/wp-content\/uploads\/2021\/08\/CKM-Stal-31-630x420.jpg 630w, https:\/\/gazetaregionalna.com\/wp-content\/uploads\/2021\/08\/CKM-Stal-31-scaled.jpg 1200w\" data-sizes=\"(max-width: 1024px) 100vw, 1024px\" src=\"data:image\/svg+xml;base64,PHN2ZyB3aWR0aD0iMSIgaGVpZ2h0PSIxIiB4bWxucz0iaHR0cDovL3d3dy53My5vcmcvMjAwMC9zdmciPjwvc3ZnPg==\" style=\"--smush-placeholder-width: 1024px; --smush-placeholder-aspect-ratio: 1024\/683;\" \/><\/figure>\n\n\n\n<figure class=\"wp-block-image size-large\"><img decoding=\"async\" width=\"1024\" height=\"603\" data-src=\"https:\/\/gazetaregionalna.com\/wp-content\/uploads\/2021\/07\/CKM-Stal-1-1024x603.jpg\" alt=\"\" class=\"wp-image-46458 lazyload\" data-srcset=\"https:\/\/gazetaregionalna.com\/wp-content\/uploads\/2021\/07\/CKM-Stal-1-1024x603.jpg 1024w, https:\/\/gazetaregionalna.com\/wp-content\/uploads\/2021\/07\/CKM-Stal-1-300x177.jpg 300w, https:\/\/gazetaregionalna.com\/wp-content\/uploads\/2021\/07\/CKM-Stal-1-768x452.jpg 768w, https:\/\/gazetaregionalna.com\/wp-content\/uploads\/2021\/07\/CKM-Stal-1-1536x905.jpg 1536w, https:\/\/gazetaregionalna.com\/wp-content\/uploads\/2021\/07\/CKM-Stal-1-2048x1206.jpg 2048w, https:\/\/gazetaregionalna.com\/wp-content\/uploads\/2021\/07\/CKM-Stal-1-696x410.jpg 696w, https:\/\/gazetaregionalna.com\/wp-content\/uploads\/2021\/07\/CKM-Stal-1-1068x629.jpg 1068w, https:\/\/gazetaregionalna.com\/wp-content\/uploads\/2021\/07\/CKM-Stal-1-1920x1131.jpg 1920w, https:\/\/gazetaregionalna.com\/wp-content\/uploads\/2021\/07\/CKM-Stal-1-713x420.jpg 713w, https:\/\/gazetaregionalna.com\/wp-content\/uploads\/2021\/07\/CKM-Stal-1-scaled.jpg 1200w\" data-sizes=\"(max-width: 1024px) 100vw, 1024px\" src=\"data:image\/svg+xml;base64,PHN2ZyB3aWR0aD0iMSIgaGVpZ2h0PSIxIiB4bWxucz0iaHR0cDovL3d3dy53My5vcmcvMjAwMC9zdmciPjwvc3ZnPg==\" style=\"--smush-placeholder-width: 1024px; --smush-placeholder-aspect-ratio: 1024\/603;\" \/><\/figure>\n\n\n\n<figure class=\"wp-block-image size-large\"><img decoding=\"async\" width=\"1024\" height=\"683\" data-src=\"https:\/\/gazetaregionalna.com\/wp-content\/uploads\/2021\/07\/CKM-Stal-00000-1024x683.jpg\" alt=\"\" class=\"wp-image-46453 lazyload\" data-srcset=\"https:\/\/gazetaregionalna.com\/wp-content\/uploads\/2021\/07\/CKM-Stal-00000-1024x683.jpg 1024w, https:\/\/gazetaregionalna.com\/wp-content\/uploads\/2021\/07\/CKM-Stal-00000-300x200.jpg 300w, https:\/\/gazetaregionalna.com\/wp-content\/uploads\/2021\/07\/CKM-Stal-00000-768x512.jpg 768w, https:\/\/gazetaregionalna.com\/wp-content\/uploads\/2021\/07\/CKM-Stal-00000-1536x1024.jpg 1536w, https:\/\/gazetaregionalna.com\/wp-content\/uploads\/2021\/07\/CKM-Stal-00000-2048x1365.jpg 2048w, https:\/\/gazetaregionalna.com\/wp-content\/uploads\/2021\/07\/CKM-Stal-00000-696x464.jpg 696w, https:\/\/gazetaregionalna.com\/wp-content\/uploads\/2021\/07\/CKM-Stal-00000-1068x712.jpg 1068w, https:\/\/gazetaregionalna.com\/wp-content\/uploads\/2021\/07\/CKM-Stal-00000-1920x1280.jpg 1920w, https:\/\/gazetaregionalna.com\/wp-content\/uploads\/2021\/07\/CKM-Stal-00000-630x420.jpg 630w, https:\/\/gazetaregionalna.com\/wp-content\/uploads\/2021\/07\/CKM-Stal-00000-scaled.jpg 1200w\" data-sizes=\"(max-width: 1024px) 100vw, 1024px\" src=\"data:image\/svg+xml;base64,PHN2ZyB3aWR0aD0iMSIgaGVpZ2h0PSIxIiB4bWxucz0iaHR0cDovL3d3dy53My5vcmcvMjAwMC9zdmciPjwvc3ZnPg==\" style=\"--smush-placeholder-width: 1024px; --smush-placeholder-aspect-ratio: 1024\/683;\" \/><\/figure>\n\n\n\n<figure class=\"wp-block-image size-large\"><img decoding=\"async\" width=\"1024\" height=\"631\" data-src=\"https:\/\/gazetaregionalna.com\/wp-content\/uploads\/2021\/07\/CKM-Stal-0000000-1024x631.jpg\" alt=\"\" class=\"wp-image-46451 lazyload\" data-srcset=\"https:\/\/gazetaregionalna.com\/wp-content\/uploads\/2021\/07\/CKM-Stal-0000000-1024x631.jpg 1024w, https:\/\/gazetaregionalna.com\/wp-content\/uploads\/2021\/07\/CKM-Stal-0000000-300x185.jpg 300w, https:\/\/gazetaregionalna.com\/wp-content\/uploads\/2021\/07\/CKM-Stal-0000000-768x473.jpg 768w, https:\/\/gazetaregionalna.com\/wp-content\/uploads\/2021\/07\/CKM-Stal-0000000-1536x947.jpg 1536w, https:\/\/gazetaregionalna.com\/wp-content\/uploads\/2021\/07\/CKM-Stal-0000000-2048x1263.jpg 2048w, https:\/\/gazetaregionalna.com\/wp-content\/uploads\/2021\/07\/CKM-Stal-0000000-696x429.jpg 696w, https:\/\/gazetaregionalna.com\/wp-content\/uploads\/2021\/07\/CKM-Stal-0000000-1068x658.jpg 1068w, https:\/\/gazetaregionalna.com\/wp-content\/uploads\/2021\/07\/CKM-Stal-0000000-1920x1184.jpg 1920w, https:\/\/gazetaregionalna.com\/wp-content\/uploads\/2021\/07\/CKM-Stal-0000000-681x420.jpg 681w, https:\/\/gazetaregionalna.com\/wp-content\/uploads\/2021\/07\/CKM-Stal-0000000-356x220.jpg 356w, https:\/\/gazetaregionalna.com\/wp-content\/uploads\/2021\/07\/CKM-Stal-0000000-scaled.jpg 1200w\" data-sizes=\"(max-width: 1024px) 100vw, 1024px\" src=\"data:image\/svg+xml;base64,PHN2ZyB3aWR0aD0iMSIgaGVpZ2h0PSIxIiB4bWxucz0iaHR0cDovL3d3dy53My5vcmcvMjAwMC9zdmciPjwvc3ZnPg==\" style=\"--smush-placeholder-width: 1024px; --smush-placeholder-aspect-ratio: 1024\/631;\" \/><\/figure>\n\n\n\n<figure class=\"wp-block-image size-large\"><img decoding=\"async\" width=\"1024\" height=\"559\" data-src=\"https:\/\/gazetaregionalna.com\/wp-content\/uploads\/2021\/07\/CKM-Stal-0000-1024x559.jpg\" alt=\"\" class=\"wp-image-46454 lazyload\" data-srcset=\"https:\/\/gazetaregionalna.com\/wp-content\/uploads\/2021\/07\/CKM-Stal-0000-1024x559.jpg 1024w, https:\/\/gazetaregionalna.com\/wp-content\/uploads\/2021\/07\/CKM-Stal-0000-300x164.jpg 300w, https:\/\/gazetaregionalna.com\/wp-content\/uploads\/2021\/07\/CKM-Stal-0000-768x419.jpg 768w, https:\/\/gazetaregionalna.com\/wp-content\/uploads\/2021\/07\/CKM-Stal-0000-1536x838.jpg 1536w, https:\/\/gazetaregionalna.com\/wp-content\/uploads\/2021\/07\/CKM-Stal-0000-2048x1117.jpg 2048w, https:\/\/gazetaregionalna.com\/wp-content\/uploads\/2021\/07\/CKM-Stal-0000-696x380.jpg 696w, https:\/\/gazetaregionalna.com\/wp-content\/uploads\/2021\/07\/CKM-Stal-0000-1068x583.jpg 1068w, https:\/\/gazetaregionalna.com\/wp-content\/uploads\/2021\/07\/CKM-Stal-0000-1920x1047.jpg 1920w, https:\/\/gazetaregionalna.com\/wp-content\/uploads\/2021\/07\/CKM-Stal-0000-770x420.jpg 770w, https:\/\/gazetaregionalna.com\/wp-content\/uploads\/2021\/07\/CKM-Stal-0000-scaled.jpg 1200w\" data-sizes=\"(max-width: 1024px) 100vw, 1024px\" src=\"data:image\/svg+xml;base64,PHN2ZyB3aWR0aD0iMSIgaGVpZ2h0PSIxIiB4bWxucz0iaHR0cDovL3d3dy53My5vcmcvMjAwMC9zdmciPjwvc3ZnPg==\" style=\"--smush-placeholder-width: 1024px; --smush-placeholder-aspect-ratio: 1024\/559;\" \/><\/figure>\n","protected":false},"excerpt":{"rendered":"<p>Kibice \u017cu\u017cla w Cz\u0119stochowie mog\u0105 si\u0119 szykowa\u0107 na zako\u0144czenie sezonu. Na 10 pa\u017adziernika zaplanowany jest 48. Memoria\u0142 Bronis\u0142awa Idzikowskiego i Marka Czernego. Sezon w<\/p>\n","protected":false},"author":15,"featured_media":46459,"comment_status":"open","ping_status":"open","sticky":false,"template":"","format":"standard","meta":{"_monsterinsights_skip_tracking":false,"_monsterinsights_sitenote_active":false,"_monsterinsights_sitenote_note":"","_monsterinsights_sitenote_category":0,"_uf_show_specific_survey":0,"_uf_disable_surveys":false,"footnotes":""},"categories":[5,7],"tags":[],"class_list":["post-57146","post","type-post","status-publish","format-standard","has-post-thumbnail","hentry","category-sport","category-zuzel"],"_links":{"self":[{"href":"https:\/\/gazetaregionalna.com\/index.php?rest_route=\/wp\/v2\/posts\/57146","targetHints":{"allow":["GET"]}}],"collection":[{"href":"https:\/\/gazetaregionalna.com\/index.php?rest_route=\/wp\/v2\/posts"}],"about":[{"href":"https:\/\/gazetaregionalna.com\/index.php?rest_route=\/wp\/v2\/types\/post"}],"author":[{"embeddable":true,"href":"https:\/\/gazetaregionalna.com\/index.php?rest_route=\/wp\/v2\/users\/15"}],"replies":[{"embeddable":true,"href":"https:\/\/gazetaregionalna.com\/index.php?rest_route=%2Fwp%2Fv2%2Fcomments&post=57146"}],"version-history":[{"count":1,"href":"https:\/\/gazetaregionalna.com\/index.php?rest_route=\/wp\/v2\/posts\/57146\/revisions"}],"predecessor-version":[{"id":57147,"href":"https:\/\/gazetaregionalna.com\/index.php?rest_route=\/wp\/v2\/posts\/57146\/revisions\/57147"}],"wp:featuredmedia":[{"embeddable":true,"href":"https:\/\/gazetaregionalna.com\/index.php?rest_route=\/wp\/v2\/media\/46459"}],"wp:attachment":[{"href":"https:\/\/gazetaregionalna.com\/index.php?rest_route=%2Fwp%2Fv2%2Fmedia&parent=57146"}],"wp:term":[{"taxonomy":"category","embeddable":true,"href":"https:\/\/gazetaregionalna.com\/index.php?rest_route=%2Fwp%2Fv2%2Fcategories&post=57146"},{"taxonomy":"post_tag","embeddable":true,"href":"https:\/\/gazetaregionalna.com\/index.php?rest_route=%2Fwp%2Fv2%2Ftags&post=57146"}],"curies":[{"name":"wp","href":"https:\/\/api.w.org\/{rel}","templated":true}]}}