{"id":57143,"date":"2021-09-29T05:46:05","date_gmt":"2021-09-29T05:46:05","guid":{"rendered":"https:\/\/gazetaregionalna.com\/?p=57143"},"modified":"2021-09-29T05:46:06","modified_gmt":"2021-09-29T05:46:06","slug":"marek-papszun-przed-srodowym-meczem-z-radomiakiem-ciesze-sie-bardzo-ze-gramy-u-siebie","status":"publish","type":"post","link":"https:\/\/gazetaregionalna.com\/?p=57143","title":{"rendered":"Marek Papszun przed \u015brodowym meczem z Radomiakiem:  Ciesz\u0119 si\u0119 bardzo, \u017ce gramy u siebie"},"content":{"rendered":"\n<p>Pi\u0142karze Rakowa Cz\u0119stochowa w \u015brod\u0119 w zaleg\u0142ym spotkaniu PKO BP Ekstraklasy zmierz\u0105 si\u0119 przy Limanowskiego 83 z Radomiakiem Radom. &#8211; Ciesz\u0119 si\u0119 bardzo, \u017ce gramy u siebie, bo unikniemy podr\u00f3\u017cy \u2013 m\u00f3wi trener Rakowa Marek Papszun.<\/p>\n\n\n\n<p>Pi\u0142karze Rakowa w miniony weekend wygrali w Warszawie z mistrzem Polski Legi\u0105 Warszawa 3:2. To zwyci\u0119stwo na pewno podbuduje czerwono-niebieskich do jeszcze lepszej gry, ale nie mo\u017ce u\u015bpi\u0107 przed nieobliczalnym Radomiakiem Radom.<\/p>\n\n\n\n<p>&#8211; Jeste\u015bmy podbudowani tym meczem w Warszawie i zwyci\u0119stwem \u2013 m\u00f3wi trener Rakowa Marek Papszun. &#8211; Historyczne zwyci\u0119stwo dla Rakowa i fajna sprawa, \u017ce zapiszemy si\u0119 w historii. Natomiast przed nami kolejny mecz i kr\u00f3tka przerwa. Jeste\u015bmy nastawieni na regeneracj\u0119 i doprowadzenie zawodnik\u00f3w do zdrowia. Mam nadziej\u0119, \u017ce nasze pole manewru b\u0119dzie wi\u0119ksze. Ciesz\u0119 si\u0119 bardzo, \u017ce gramy u siebie, bo unikniemy podr\u00f3\u017cy.<\/p>\n\n\n\n<p>Trener Rakowa odni\u00f3s\u0142 si\u0119 te\u017c do kontuzjowanych pi\u0142karzy Rakowa: Marcina Cebuli, Milana Rundicia i Zorana Arsenicia. Cebula i Arseni\u0107 nie zagraj\u0105 w meczu z Radomiakiem, ale jest szansa, \u017ce w meczu wyst\u0105pi Rundi\u0107.<\/p>\n\n\n\n<p>Szkoleniowiec Rakowa poinformowa\u0142, \u017ce Cebula i Aresni\u0107 mog\u0105 zagra\u0107 ju\u017c w meczu ze \u015al\u0105skiem Wroc\u0142aw, kt\u00f3ry jest planowany na 16 pa\u017adziernika.<\/p>\n\n\n\n<p>MR-K<\/p>\n\n\n\n<p>Foto: AK<\/p>\n\n\n\n<figure class=\"wp-block-image size-large\"><img decoding=\"async\" width=\"1024\" height=\"683\" data-src=\"https:\/\/gazetaregionalna.com\/wp-content\/uploads\/2021\/09\/Rakow-Lech-35-1024x683.jpg\" alt=\"\" class=\"wp-image-55044 lazyload\" data-srcset=\"https:\/\/gazetaregionalna.com\/wp-content\/uploads\/2021\/09\/Rakow-Lech-35-1024x683.jpg 1024w, https:\/\/gazetaregionalna.com\/wp-content\/uploads\/2021\/09\/Rakow-Lech-35-300x200.jpg 300w, https:\/\/gazetaregionalna.com\/wp-content\/uploads\/2021\/09\/Rakow-Lech-35-768x512.jpg 768w, https:\/\/gazetaregionalna.com\/wp-content\/uploads\/2021\/09\/Rakow-Lech-35-1536x1024.jpg 1536w, https:\/\/gazetaregionalna.com\/wp-content\/uploads\/2021\/09\/Rakow-Lech-35-2048x1365.jpg 2048w, https:\/\/gazetaregionalna.com\/wp-content\/uploads\/2021\/09\/Rakow-Lech-35-696x464.jpg 696w, https:\/\/gazetaregionalna.com\/wp-content\/uploads\/2021\/09\/Rakow-Lech-35-1068x712.jpg 1068w, https:\/\/gazetaregionalna.com\/wp-content\/uploads\/2021\/09\/Rakow-Lech-35-1920x1280.jpg 1920w, https:\/\/gazetaregionalna.com\/wp-content\/uploads\/2021\/09\/Rakow-Lech-35-630x420.jpg 630w, https:\/\/gazetaregionalna.com\/wp-content\/uploads\/2021\/09\/Rakow-Lech-35-scaled.jpg 1600w\" data-sizes=\"(max-width: 1024px) 100vw, 1024px\" src=\"data:image\/svg+xml;base64,PHN2ZyB3aWR0aD0iMSIgaGVpZ2h0PSIxIiB4bWxucz0iaHR0cDovL3d3dy53My5vcmcvMjAwMC9zdmciPjwvc3ZnPg==\" style=\"--smush-placeholder-width: 1024px; --smush-placeholder-aspect-ratio: 1024\/683;\" \/><\/figure>\n\n\n\n<figure class=\"wp-block-image size-large\"><img decoding=\"async\" width=\"1024\" height=\"683\" data-src=\"https:\/\/gazetaregionalna.com\/wp-content\/uploads\/2021\/09\/Rakow-Lech-34-1024x683.jpg\" alt=\"\" class=\"wp-image-55043 lazyload\" data-srcset=\"https:\/\/gazetaregionalna.com\/wp-content\/uploads\/2021\/09\/Rakow-Lech-34-1024x683.jpg 1024w, https:\/\/gazetaregionalna.com\/wp-content\/uploads\/2021\/09\/Rakow-Lech-34-300x200.jpg 300w, https:\/\/gazetaregionalna.com\/wp-content\/uploads\/2021\/09\/Rakow-Lech-34-768x512.jpg 768w, https:\/\/gazetaregionalna.com\/wp-content\/uploads\/2021\/09\/Rakow-Lech-34-1536x1024.jpg 1536w, https:\/\/gazetaregionalna.com\/wp-content\/uploads\/2021\/09\/Rakow-Lech-34-2048x1365.jpg 2048w, https:\/\/gazetaregionalna.com\/wp-content\/uploads\/2021\/09\/Rakow-Lech-34-696x464.jpg 696w, https:\/\/gazetaregionalna.com\/wp-content\/uploads\/2021\/09\/Rakow-Lech-34-1068x712.jpg 1068w, https:\/\/gazetaregionalna.com\/wp-content\/uploads\/2021\/09\/Rakow-Lech-34-1920x1280.jpg 1920w, https:\/\/gazetaregionalna.com\/wp-content\/uploads\/2021\/09\/Rakow-Lech-34-630x420.jpg 630w, https:\/\/gazetaregionalna.com\/wp-content\/uploads\/2021\/09\/Rakow-Lech-34-scaled.jpg 1600w\" data-sizes=\"(max-width: 1024px) 100vw, 1024px\" src=\"data:image\/svg+xml;base64,PHN2ZyB3aWR0aD0iMSIgaGVpZ2h0PSIxIiB4bWxucz0iaHR0cDovL3d3dy53My5vcmcvMjAwMC9zdmciPjwvc3ZnPg==\" style=\"--smush-placeholder-width: 1024px; --smush-placeholder-aspect-ratio: 1024\/683;\" \/><\/figure>\n","protected":false},"excerpt":{"rendered":"<p>Pi\u0142karze Rakowa Cz\u0119stochowa w \u015brod\u0119 w zaleg\u0142ym spotkaniu PKO BP Ekstraklasy zmierz\u0105 si\u0119 przy Limanowskiego 83 z Radomiakiem Radom. &#8211; Ciesz\u0119 si\u0119 bardzo, \u017ce<\/p>\n","protected":false},"author":15,"featured_media":55044,"comment_status":"open","ping_status":"open","sticky":false,"template":"","format":"standard","meta":{"_monsterinsights_skip_tracking":false,"_monsterinsights_sitenote_active":false,"_monsterinsights_sitenote_note":"","_monsterinsights_sitenote_category":0,"_uf_show_specific_survey":0,"_uf_disable_surveys":false,"footnotes":""},"categories":[94,6,5],"tags":[],"class_list":["post-57143","post","type-post","status-publish","format-standard","has-post-thumbnail","hentry","category-polecane","category-pilka-nozna","category-sport"],"_links":{"self":[{"href":"https:\/\/gazetaregionalna.com\/index.php?rest_route=\/wp\/v2\/posts\/57143","targetHints":{"allow":["GET"]}}],"collection":[{"href":"https:\/\/gazetaregionalna.com\/index.php?rest_route=\/wp\/v2\/posts"}],"about":[{"href":"https:\/\/gazetaregionalna.com\/index.php?rest_route=\/wp\/v2\/types\/post"}],"author":[{"embeddable":true,"href":"https:\/\/gazetaregionalna.com\/index.php?rest_route=\/wp\/v2\/users\/15"}],"replies":[{"embeddable":true,"href":"https:\/\/gazetaregionalna.com\/index.php?rest_route=%2Fwp%2Fv2%2Fcomments&post=57143"}],"version-history":[{"count":1,"href":"https:\/\/gazetaregionalna.com\/index.php?rest_route=\/wp\/v2\/posts\/57143\/revisions"}],"predecessor-version":[{"id":57144,"href":"https:\/\/gazetaregionalna.com\/index.php?rest_route=\/wp\/v2\/posts\/57143\/revisions\/57144"}],"wp:featuredmedia":[{"embeddable":true,"href":"https:\/\/gazetaregionalna.com\/index.php?rest_route=\/wp\/v2\/media\/55044"}],"wp:attachment":[{"href":"https:\/\/gazetaregionalna.com\/index.php?rest_route=%2Fwp%2Fv2%2Fmedia&parent=57143"}],"wp:term":[{"taxonomy":"category","embeddable":true,"href":"https:\/\/gazetaregionalna.com\/index.php?rest_route=%2Fwp%2Fv2%2Fcategories&post=57143"},{"taxonomy":"post_tag","embeddable":true,"href":"https:\/\/gazetaregionalna.com\/index.php?rest_route=%2Fwp%2Fv2%2Ftags&post=57143"}],"curies":[{"name":"wp","href":"https:\/\/api.w.org\/{rel}","templated":true}]}}