{"id":57021,"date":"2021-09-28T07:48:02","date_gmt":"2021-09-28T07:48:02","guid":{"rendered":"https:\/\/gazetaregionalna.com\/?p=57021"},"modified":"2021-09-28T07:48:03","modified_gmt":"2021-09-28T07:48:03","slug":"tramwaje-wracaja-w-aleje-pokoju","status":"publish","type":"post","link":"https:\/\/gazetaregionalna.com\/?p=57021","title":{"rendered":"Tramwaje wracaj\u0105 w alej\u0119 Pokoju"},"content":{"rendered":"\n<h2 class=\"wp-block-heading\">Od 1 pa\u017adziernika tramwaje wracaj\u0105 w alej\u0119 Pokoju. Jak przekaza\u0142o Biuro In\u017cyniera Ruchu Urz\u0119du Miasta Cz\u0119stochowy b\u0119d\u0105 doje\u017cd\u017ca\u0107 do dworca PKP Rak\u00f3w.<\/h2>\n\n\n\n<p>Tramwaje kursowa\u0107 wi\u0119c b\u0119d\u0105 na d\u0142u\u017cszej trasie. Zyskaj\u0105 pasa\u017cerowie z Rakowa, zw\u0142aszcza z okolic alei Pokoju. Autobus zast\u0119pczy nr 40 pojedzie ju\u017c tylko z p\u0119tli przy Skwerze Junak\u00f3w (Dworzec PKP Rak\u00f3w) do Kucelina.<br>Jak przekaza\u0142o miasto, po\u0142\u0105czenia b\u0119d\u0105 w zdecydowanej wi\u0119kszo\u015bci obs\u0142ugiwane przez nowe tramwaje niskopod\u0142ogowe. Stare sk\u0142ady wyjad\u0105 ju\u017c tylko sporadycznie w liczbie maksymalnie 1-2 sk\u0142ad\u00f3w na 14 je\u017cd\u017c\u0105cych og\u00f3\u0142em.<\/p>\n\n\n\n<p><br>Blisko miesi\u0105c temu zosta\u0142 przywr\u00f3cony ruch tramwaj\u00f3w na g\u0142\u00f3wnym odcinku przebudowanej linii mi\u0119dzy P\u00f3\u0142noc\u0105 a zajezdni\u0105 MPK. Od zajezdni do dworca PKP Rak\u00f3w tramwaje jednak nie kursowa\u0142y. Powodem by\u0142a rozbi\u00f3rka rakowskiej estakady i rozpocz\u0119ciem w tym rejonie modernizacji alei Wojska Polskiego.<\/p>\n\n\n\n<p><br>Teraz powr\u00f3t tramwaju w alej\u0119 Pokoju jest ju\u017c mo\u017cliwy. Spowoduje to od 1 pa\u017adziernika nast\u0119puj\u0105ce zmiany na liniach komunikacji miejskiej:<br>\u2022\u00a0\u00a0\u00a0 linia tramwajowa nr 2 b\u0119dzie kursowa\u0107 w obu kierunkach na trasie RAK\u00d3W DWORZEC PKP \u2013 FIELDORFA-NILA (zast\u0105pi ona lini\u0119 1 kursuj\u0105c\u0105 dotychczas z Fieldorfa-Nila na P\u00f3\u0142nocy do zajezdni MPK przy alei Niepodleg\u0142o\u015bci);<br>\u2022\u00a0\u00a0\u00a0 linia tramwajowa nr 3 b\u0119dzie kursowa\u0107 bez zmian na trasie STADION RAK\u00d3W \u2013 FIELDORFA-NILA;<br>\u2022\u00a0\u00a0\u00a0 linia autobusowa nr 40 zostanie skr\u00f3cona do trasy RAK\u00d3W DWORZEC PKP \u2013 KUCELIN-SZPITAL (przy przesiadkach pomi\u0119dzy lini\u0105 tramwajow\u0105 nr 2 a autobusami linii nr 40, bilety jednorazowe zachowuj\u0105 swoj\u0105 wa\u017cno\u015b\u0107).<\/p>\n\n\n\n<p>(fot. UM Cz\u0119stochowa)<br><br><br><br><\/p>\n","protected":false},"excerpt":{"rendered":"<p>Od 1 pa\u017adziernika tramwaje wracaj\u0105 w alej\u0119 Pokoju. Jak przekaza\u0142o Biuro In\u017cyniera Ruchu Urz\u0119du Miasta Cz\u0119stochowy b\u0119d\u0105 doje\u017cd\u017ca\u0107 do dworca PKP Rak\u00f3w. Tramwaje kursowa\u0107<\/p>\n","protected":false},"author":7,"featured_media":57024,"comment_status":"open","ping_status":"open","sticky":false,"template":"","format":"standard","meta":{"_monsterinsights_skip_tracking":false,"_monsterinsights_sitenote_active":false,"_monsterinsights_sitenote_note":"","_monsterinsights_sitenote_category":0,"_uf_show_specific_survey":0,"_uf_disable_surveys":false,"footnotes":""},"categories":[94,3,2],"tags":[],"class_list":["post-57021","post","type-post","status-publish","format-standard","has-post-thumbnail","hentry","category-polecane","category-czestochowa-informacje","category-wiadomosci"],"_links":{"self":[{"href":"https:\/\/gazetaregionalna.com\/index.php?rest_route=\/wp\/v2\/posts\/57021","targetHints":{"allow":["GET"]}}],"collection":[{"href":"https:\/\/gazetaregionalna.com\/index.php?rest_route=\/wp\/v2\/posts"}],"about":[{"href":"https:\/\/gazetaregionalna.com\/index.php?rest_route=\/wp\/v2\/types\/post"}],"author":[{"embeddable":true,"href":"https:\/\/gazetaregionalna.com\/index.php?rest_route=\/wp\/v2\/users\/7"}],"replies":[{"embeddable":true,"href":"https:\/\/gazetaregionalna.com\/index.php?rest_route=%2Fwp%2Fv2%2Fcomments&post=57021"}],"version-history":[{"count":3,"href":"https:\/\/gazetaregionalna.com\/index.php?rest_route=\/wp\/v2\/posts\/57021\/revisions"}],"predecessor-version":[{"id":57025,"href":"https:\/\/gazetaregionalna.com\/index.php?rest_route=\/wp\/v2\/posts\/57021\/revisions\/57025"}],"wp:featuredmedia":[{"embeddable":true,"href":"https:\/\/gazetaregionalna.com\/index.php?rest_route=\/wp\/v2\/media\/57024"}],"wp:attachment":[{"href":"https:\/\/gazetaregionalna.com\/index.php?rest_route=%2Fwp%2Fv2%2Fmedia&parent=57021"}],"wp:term":[{"taxonomy":"category","embeddable":true,"href":"https:\/\/gazetaregionalna.com\/index.php?rest_route=%2Fwp%2Fv2%2Fcategories&post=57021"},{"taxonomy":"post_tag","embeddable":true,"href":"https:\/\/gazetaregionalna.com\/index.php?rest_route=%2Fwp%2Fv2%2Ftags&post=57021"}],"curies":[{"name":"wp","href":"https:\/\/api.w.org\/{rel}","templated":true}]}}