{"id":56789,"date":"2021-09-27T06:06:48","date_gmt":"2021-09-27T06:06:48","guid":{"rendered":"https:\/\/gazetaregionalna.com\/?p=56789"},"modified":"2021-09-27T06:06:49","modified_gmt":"2021-09-27T06:06:49","slug":"wspolnie-dla-czestochowy-posadzili-drzewa","status":"publish","type":"post","link":"https:\/\/gazetaregionalna.com\/?p=56789","title":{"rendered":"Wsp\u00f3lnie dla Cz\u0119stochowy posadzili drzewa"},"content":{"rendered":"\n<h2 class=\"wp-block-heading\">Stowarzyszenie Wsp\u00f3lnie dla Cz\u0119stochowy posadzi\u0142o drzewa w 4 dzielnicach Cz\u0119stochowy. Pojawi\u0142y si\u0119 one w  D\u017abowie,na Ostatnim Groszu, Mirowie oraz na Wyczerpach.<\/h2>\n\n\n\n<figure class=\"wp-block-gallery columns-3 is-cropped wp-block-gallery-1 is-layout-flex wp-block-gallery-is-layout-flex\"><ul class=\"blocks-gallery-grid\"><li class=\"blocks-gallery-item\"><figure><a href=\"https:\/\/gazetaregionalna.com\/wp-content\/uploads\/2021\/09\/1.jpeg\"><img decoding=\"async\" width=\"844\" height=\"633\" data-src=\"https:\/\/gazetaregionalna.com\/wp-content\/uploads\/2021\/09\/1.jpeg\" alt=\"\" data-id=\"56793\" data-full-url=\"https:\/\/gazetaregionalna.com\/wp-content\/uploads\/2021\/09\/1.jpeg\" data-link=\"https:\/\/gazetaregionalna.com\/?attachment_id=56793\" class=\"wp-image-56793 lazyload\" data-srcset=\"https:\/\/gazetaregionalna.com\/wp-content\/uploads\/2021\/09\/1.jpeg 844w, https:\/\/gazetaregionalna.com\/wp-content\/uploads\/2021\/09\/1-300x225.jpeg 300w, https:\/\/gazetaregionalna.com\/wp-content\/uploads\/2021\/09\/1-768x576.jpeg 768w, https:\/\/gazetaregionalna.com\/wp-content\/uploads\/2021\/09\/1-696x522.jpeg 696w, https:\/\/gazetaregionalna.com\/wp-content\/uploads\/2021\/09\/1-560x420.jpeg 560w, https:\/\/gazetaregionalna.com\/wp-content\/uploads\/2021\/09\/1-80x60.jpeg 80w, https:\/\/gazetaregionalna.com\/wp-content\/uploads\/2021\/09\/1-265x198.jpeg 265w\" data-sizes=\"(max-width: 844px) 100vw, 844px\" src=\"data:image\/svg+xml;base64,PHN2ZyB3aWR0aD0iMSIgaGVpZ2h0PSIxIiB4bWxucz0iaHR0cDovL3d3dy53My5vcmcvMjAwMC9zdmciPjwvc3ZnPg==\" style=\"--smush-placeholder-width: 844px; --smush-placeholder-aspect-ratio: 844\/633;\" \/><\/a><\/figure><\/li><li class=\"blocks-gallery-item\"><figure><a href=\"https:\/\/gazetaregionalna.com\/wp-content\/uploads\/2021\/09\/2.jpeg\"><img decoding=\"async\" width=\"704\" height=\"938\" data-src=\"https:\/\/gazetaregionalna.com\/wp-content\/uploads\/2021\/09\/2.jpeg\" alt=\"\" data-id=\"56794\" data-full-url=\"https:\/\/gazetaregionalna.com\/wp-content\/uploads\/2021\/09\/2.jpeg\" data-link=\"https:\/\/gazetaregionalna.com\/?attachment_id=56794\" class=\"wp-image-56794 lazyload\" data-srcset=\"https:\/\/gazetaregionalna.com\/wp-content\/uploads\/2021\/09\/2.jpeg 704w, https:\/\/gazetaregionalna.com\/wp-content\/uploads\/2021\/09\/2-225x300.jpeg 225w, https:\/\/gazetaregionalna.com\/wp-content\/uploads\/2021\/09\/2-696x927.jpeg 696w, https:\/\/gazetaregionalna.com\/wp-content\/uploads\/2021\/09\/2-315x420.jpeg 315w\" data-sizes=\"(max-width: 704px) 100vw, 704px\" src=\"data:image\/svg+xml;base64,PHN2ZyB3aWR0aD0iMSIgaGVpZ2h0PSIxIiB4bWxucz0iaHR0cDovL3d3dy53My5vcmcvMjAwMC9zdmciPjwvc3ZnPg==\" style=\"--smush-placeholder-width: 704px; --smush-placeholder-aspect-ratio: 704\/938;\" \/><\/a><\/figure><\/li><li class=\"blocks-gallery-item\"><figure><a href=\"https:\/\/gazetaregionalna.com\/wp-content\/uploads\/2021\/09\/3.jpeg\"><img decoding=\"async\" width=\"844\" height=\"633\" data-src=\"https:\/\/gazetaregionalna.com\/wp-content\/uploads\/2021\/09\/3.jpeg\" alt=\"\" data-id=\"56795\" data-full-url=\"https:\/\/gazetaregionalna.com\/wp-content\/uploads\/2021\/09\/3.jpeg\" data-link=\"https:\/\/gazetaregionalna.com\/?attachment_id=56795\" class=\"wp-image-56795 lazyload\" data-srcset=\"https:\/\/gazetaregionalna.com\/wp-content\/uploads\/2021\/09\/3.jpeg 844w, https:\/\/gazetaregionalna.com\/wp-content\/uploads\/2021\/09\/3-300x225.jpeg 300w, https:\/\/gazetaregionalna.com\/wp-content\/uploads\/2021\/09\/3-768x576.jpeg 768w, https:\/\/gazetaregionalna.com\/wp-content\/uploads\/2021\/09\/3-696x522.jpeg 696w, https:\/\/gazetaregionalna.com\/wp-content\/uploads\/2021\/09\/3-560x420.jpeg 560w, https:\/\/gazetaregionalna.com\/wp-content\/uploads\/2021\/09\/3-80x60.jpeg 80w, https:\/\/gazetaregionalna.com\/wp-content\/uploads\/2021\/09\/3-265x198.jpeg 265w\" data-sizes=\"(max-width: 844px) 100vw, 844px\" src=\"data:image\/svg+xml;base64,PHN2ZyB3aWR0aD0iMSIgaGVpZ2h0PSIxIiB4bWxucz0iaHR0cDovL3d3dy53My5vcmcvMjAwMC9zdmciPjwvc3ZnPg==\" style=\"--smush-placeholder-width: 844px; --smush-placeholder-aspect-ratio: 844\/633;\" \/><\/a><\/figure><\/li><li class=\"blocks-gallery-item\"><figure><a href=\"https:\/\/gazetaregionalna.com\/wp-content\/uploads\/2021\/09\/4.jpeg\"><img decoding=\"async\" width=\"560\" height=\"750\" data-src=\"https:\/\/gazetaregionalna.com\/wp-content\/uploads\/2021\/09\/4.jpeg\" alt=\"\" data-id=\"56796\" data-full-url=\"https:\/\/gazetaregionalna.com\/wp-content\/uploads\/2021\/09\/4.jpeg\" data-link=\"https:\/\/gazetaregionalna.com\/?attachment_id=56796\" class=\"wp-image-56796 lazyload\" data-srcset=\"https:\/\/gazetaregionalna.com\/wp-content\/uploads\/2021\/09\/4.jpeg 560w, https:\/\/gazetaregionalna.com\/wp-content\/uploads\/2021\/09\/4-224x300.jpeg 224w, https:\/\/gazetaregionalna.com\/wp-content\/uploads\/2021\/09\/4-314x420.jpeg 314w\" data-sizes=\"(max-width: 560px) 100vw, 560px\" src=\"data:image\/svg+xml;base64,PHN2ZyB3aWR0aD0iMSIgaGVpZ2h0PSIxIiB4bWxucz0iaHR0cDovL3d3dy53My5vcmcvMjAwMC9zdmciPjwvc3ZnPg==\" style=\"--smush-placeholder-width: 560px; --smush-placeholder-aspect-ratio: 560\/750;\" \/><\/a><\/figure><\/li><li class=\"blocks-gallery-item\"><figure><a href=\"https:\/\/gazetaregionalna.com\/wp-content\/uploads\/2021\/09\/5.jpeg\"><img decoding=\"async\" width=\"960\" height=\"719\" data-src=\"https:\/\/gazetaregionalna.com\/wp-content\/uploads\/2021\/09\/5.jpeg\" alt=\"\" data-id=\"56797\" data-full-url=\"https:\/\/gazetaregionalna.com\/wp-content\/uploads\/2021\/09\/5.jpeg\" data-link=\"https:\/\/gazetaregionalna.com\/?attachment_id=56797\" class=\"wp-image-56797 lazyload\" data-srcset=\"https:\/\/gazetaregionalna.com\/wp-content\/uploads\/2021\/09\/5.jpeg 960w, https:\/\/gazetaregionalna.com\/wp-content\/uploads\/2021\/09\/5-300x225.jpeg 300w, https:\/\/gazetaregionalna.com\/wp-content\/uploads\/2021\/09\/5-768x575.jpeg 768w, https:\/\/gazetaregionalna.com\/wp-content\/uploads\/2021\/09\/5-696x521.jpeg 696w, https:\/\/gazetaregionalna.com\/wp-content\/uploads\/2021\/09\/5-561x420.jpeg 561w, https:\/\/gazetaregionalna.com\/wp-content\/uploads\/2021\/09\/5-80x60.jpeg 80w, https:\/\/gazetaregionalna.com\/wp-content\/uploads\/2021\/09\/5-265x198.jpeg 265w\" data-sizes=\"(max-width: 960px) 100vw, 960px\" src=\"data:image\/svg+xml;base64,PHN2ZyB3aWR0aD0iMSIgaGVpZ2h0PSIxIiB4bWxucz0iaHR0cDovL3d3dy53My5vcmcvMjAwMC9zdmciPjwvc3ZnPg==\" style=\"--smush-placeholder-width: 960px; --smush-placeholder-aspect-ratio: 960\/719;\" \/><\/a><\/figure><\/li><li class=\"blocks-gallery-item\"><figure><a href=\"https:\/\/gazetaregionalna.com\/wp-content\/uploads\/2021\/09\/6.jpeg\"><img decoding=\"async\" width=\"576\" height=\"768\" data-src=\"https:\/\/gazetaregionalna.com\/wp-content\/uploads\/2021\/09\/6.jpeg\" alt=\"\" data-id=\"56798\" data-full-url=\"https:\/\/gazetaregionalna.com\/wp-content\/uploads\/2021\/09\/6.jpeg\" data-link=\"https:\/\/gazetaregionalna.com\/?attachment_id=56798\" class=\"wp-image-56798 lazyload\" data-srcset=\"https:\/\/gazetaregionalna.com\/wp-content\/uploads\/2021\/09\/6.jpeg 576w, https:\/\/gazetaregionalna.com\/wp-content\/uploads\/2021\/09\/6-225x300.jpeg 225w, https:\/\/gazetaregionalna.com\/wp-content\/uploads\/2021\/09\/6-315x420.jpeg 315w\" data-sizes=\"(max-width: 576px) 100vw, 576px\" src=\"data:image\/svg+xml;base64,PHN2ZyB3aWR0aD0iMSIgaGVpZ2h0PSIxIiB4bWxucz0iaHR0cDovL3d3dy53My5vcmcvMjAwMC9zdmciPjwvc3ZnPg==\" style=\"--smush-placeholder-width: 576px; --smush-placeholder-aspect-ratio: 576\/768;\" \/><\/a><\/figure><\/li><li class=\"blocks-gallery-item\"><figure><a href=\"https:\/\/gazetaregionalna.com\/wp-content\/uploads\/2021\/09\/7.jpeg\"><img decoding=\"async\" width=\"576\" height=\"768\" data-src=\"https:\/\/gazetaregionalna.com\/wp-content\/uploads\/2021\/09\/7.jpeg\" alt=\"\" data-id=\"56799\" data-full-url=\"https:\/\/gazetaregionalna.com\/wp-content\/uploads\/2021\/09\/7.jpeg\" data-link=\"https:\/\/gazetaregionalna.com\/?attachment_id=56799\" class=\"wp-image-56799 lazyload\" data-srcset=\"https:\/\/gazetaregionalna.com\/wp-content\/uploads\/2021\/09\/7.jpeg 576w, https:\/\/gazetaregionalna.com\/wp-content\/uploads\/2021\/09\/7-225x300.jpeg 225w, https:\/\/gazetaregionalna.com\/wp-content\/uploads\/2021\/09\/7-315x420.jpeg 315w\" data-sizes=\"(max-width: 576px) 100vw, 576px\" src=\"data:image\/svg+xml;base64,PHN2ZyB3aWR0aD0iMSIgaGVpZ2h0PSIxIiB4bWxucz0iaHR0cDovL3d3dy53My5vcmcvMjAwMC9zdmciPjwvc3ZnPg==\" style=\"--smush-placeholder-width: 576px; --smush-placeholder-aspect-ratio: 576\/768;\" \/><\/a><\/figure><\/li><\/ul><figcaption class=\"blocks-gallery-caption\">(zdj\u0119cia organizator\u00f3w akcji)<\/figcaption><\/figure>\n\n\n\n<p>W ramach miejskiego programu \u201ePosad\u017amy drzewo w Cz\u0119stochowie\u201d Stowarzyszenie Wsp\u00f3lnie dla Cz\u0119stochowy po raz kolejny postanowi\u0142o \u201edotleni\u0107\u201d dzielnice miasta. W sumie 20 drzew znalaz\u0142o swoje nowe miejsce, tworz\u0105c tlenowe zak\u0105tki w dzielnicy D\u017ab\u00f3w, Ostatni Grosz, Mir\u00f3w oraz na Wyczerpach.<\/p>\n\n\n\n<p>\u201ePosad\u017amy drzewo w Cz\u0119stochowie\u201d to miejska akcja zainaugurowana w roku 2017, zach\u0119caj\u0105ca cz\u0119stochowianki i cz\u0119stochowian do zasadzenia w\u0142asnego drzewka w mie\u015bcie. By\u0142a odpowiedzi\u0105 na masowe wycinki drzew na dzia\u0142kach prywatnych, na kt\u00f3re pozwoli\u0142a liberalizacja rz\u0105dowej ustawy o ochronie przyrody. Szczeg\u00f3\u0142owe informacje o akcji mo\u017cna znale\u017a\u0107 na stronie <a href=\"https:\/\/cuk.czestochowa.pl\/posadzmy-drzewo-w-czestochowie\/\" target=\"_blank\" rel=\"noopener\">https:\/\/cuk.czestochowa.pl\/posadzmy-drzewo-w-czestochowie\/<\/a>.<\/p>\n","protected":false},"excerpt":{"rendered":"<p>Stowarzyszenie Wsp\u00f3lnie dla Cz\u0119stochowy posadzi\u0142o drzewa w 4 dzielnicach Cz\u0119stochowy. Pojawi\u0142y si\u0119 one w D\u017abowie,na Ostatnim Groszu, Mirowie oraz na Wyczerpach. W ramach miejskiego<\/p>\n","protected":false},"author":7,"featured_media":56799,"comment_status":"open","ping_status":"open","sticky":false,"template":"","format":"standard","meta":{"_monsterinsights_skip_tracking":false,"_monsterinsights_sitenote_active":false,"_monsterinsights_sitenote_note":"","_monsterinsights_sitenote_category":0,"_uf_show_specific_survey":0,"_uf_disable_surveys":false,"footnotes":""},"categories":[94,3,2],"tags":[],"class_list":["post-56789","post","type-post","status-publish","format-standard","has-post-thumbnail","hentry","category-polecane","category-czestochowa-informacje","category-wiadomosci"],"_links":{"self":[{"href":"https:\/\/gazetaregionalna.com\/index.php?rest_route=\/wp\/v2\/posts\/56789","targetHints":{"allow":["GET"]}}],"collection":[{"href":"https:\/\/gazetaregionalna.com\/index.php?rest_route=\/wp\/v2\/posts"}],"about":[{"href":"https:\/\/gazetaregionalna.com\/index.php?rest_route=\/wp\/v2\/types\/post"}],"author":[{"embeddable":true,"href":"https:\/\/gazetaregionalna.com\/index.php?rest_route=\/wp\/v2\/users\/7"}],"replies":[{"embeddable":true,"href":"https:\/\/gazetaregionalna.com\/index.php?rest_route=%2Fwp%2Fv2%2Fcomments&post=56789"}],"version-history":[{"count":4,"href":"https:\/\/gazetaregionalna.com\/index.php?rest_route=\/wp\/v2\/posts\/56789\/revisions"}],"predecessor-version":[{"id":56800,"href":"https:\/\/gazetaregionalna.com\/index.php?rest_route=\/wp\/v2\/posts\/56789\/revisions\/56800"}],"wp:featuredmedia":[{"embeddable":true,"href":"https:\/\/gazetaregionalna.com\/index.php?rest_route=\/wp\/v2\/media\/56799"}],"wp:attachment":[{"href":"https:\/\/gazetaregionalna.com\/index.php?rest_route=%2Fwp%2Fv2%2Fmedia&parent=56789"}],"wp:term":[{"taxonomy":"category","embeddable":true,"href":"https:\/\/gazetaregionalna.com\/index.php?rest_route=%2Fwp%2Fv2%2Fcategories&post=56789"},{"taxonomy":"post_tag","embeddable":true,"href":"https:\/\/gazetaregionalna.com\/index.php?rest_route=%2Fwp%2Fv2%2Ftags&post=56789"}],"curies":[{"name":"wp","href":"https:\/\/api.w.org\/{rel}","templated":true}]}}