{"id":56604,"date":"2021-09-24T07:24:03","date_gmt":"2021-09-24T07:24:03","guid":{"rendered":"https:\/\/gazetaregionalna.com\/?p=56604"},"modified":"2021-09-24T07:24:04","modified_gmt":"2021-09-24T07:24:04","slug":"byl-poszukiwany-sam-sie-zglosil-na-policje","status":"publish","type":"post","link":"https:\/\/gazetaregionalna.com\/?p=56604","title":{"rendered":"By\u0142 poszukiwany, sam si\u0119 zg\u0142osi\u0142 na policj\u0119"},"content":{"rendered":"\n<h2 class=\"wp-block-heading\">Poszukiwany od blisko roku 33-latek sam zg\u0142osi\u0142 si\u0119 na policj\u0119. Najbli\u017csze 4 lata m\u0119\u017cczyzna sp\u0119dzi w wi\u0119zieniu.<\/h2>\n\n\n\n<p>33-latek by\u0142 poszukiwany za przest\u0119pstwa narkotykowe. \u201e\u0141owcy g\u0142\u00f3w\u201d z Komendy Miejskiej Policji w Cz\u0119stochowie systematycznie odwiedzali bliskich poszukiwanego daj\u0105c im do zrozumienia, \u017ce zatrzymanie m\u0119\u017cczyzny jest tylko kwesti\u0105 czasu.<\/p>\n\n\n\n<p>Cz\u0119stochowianin od roku poszukiwany by\u0142 za przest\u0119pstwa narkotykowe.<\/p>\n\n\n\n<p>&#8211; W lipcu zosta\u0142 wydany za nim list go\u0144czy \u2013 informuje Komenda Miejska Policji w Cz\u0119stochowie. &#8211; Policjanci z Referatu Poszukiwa\u0144 i Identyfikacji Os\u00f3b z Cz\u0119stochowy regularnie odwiedzali jego bliskich sprawdzaj\u0105c, czy nie ukrywa si\u0119 tam przez wymiarem sprawiedliwo\u015bci. Codziennie sprawdzali nowe informacje i docierali do os\u00f3b, kt\u00f3re mog\u0142y mie\u0107 kontakt z 33-latkiem w ostatnim czasie.<\/p>\n\n\n\n<p>Kiedy 33-latek zrozumia\u0142, \u017ce dalsze ukrywanie si\u0119 nie ma sensu, sam zg\u0142osi\u0142 si\u0119 na komisariat. M\u0119\u017cczyzna za posiadanie znacznej ilo\u015bci \u015brodk\u00f3w odurzaj\u0105cych sp\u0119dzi teraz w wi\u0119zieniu prawie 4 lata.<\/p>\n","protected":false},"excerpt":{"rendered":"<p>Poszukiwany od blisko roku 33-latek sam zg\u0142osi\u0142 si\u0119 na policj\u0119. Najbli\u017csze 4 lata m\u0119\u017cczyzna sp\u0119dzi w wi\u0119zieniu. 33-latek by\u0142 poszukiwany za przest\u0119pstwa narkotykowe. \u201e\u0141owcy<\/p>\n","protected":false},"author":7,"featured_media":56606,"comment_status":"open","ping_status":"open","sticky":false,"template":"","format":"standard","meta":{"_monsterinsights_skip_tracking":false,"_monsterinsights_sitenote_active":false,"_monsterinsights_sitenote_note":"","_monsterinsights_sitenote_category":0,"_uf_show_specific_survey":0,"_uf_disable_surveys":false,"footnotes":""},"categories":[94,3,2],"tags":[],"class_list":["post-56604","post","type-post","status-publish","format-standard","has-post-thumbnail","hentry","category-polecane","category-czestochowa-informacje","category-wiadomosci"],"_links":{"self":[{"href":"https:\/\/gazetaregionalna.com\/index.php?rest_route=\/wp\/v2\/posts\/56604","targetHints":{"allow":["GET"]}}],"collection":[{"href":"https:\/\/gazetaregionalna.com\/index.php?rest_route=\/wp\/v2\/posts"}],"about":[{"href":"https:\/\/gazetaregionalna.com\/index.php?rest_route=\/wp\/v2\/types\/post"}],"author":[{"embeddable":true,"href":"https:\/\/gazetaregionalna.com\/index.php?rest_route=\/wp\/v2\/users\/7"}],"replies":[{"embeddable":true,"href":"https:\/\/gazetaregionalna.com\/index.php?rest_route=%2Fwp%2Fv2%2Fcomments&post=56604"}],"version-history":[{"count":1,"href":"https:\/\/gazetaregionalna.com\/index.php?rest_route=\/wp\/v2\/posts\/56604\/revisions"}],"predecessor-version":[{"id":56605,"href":"https:\/\/gazetaregionalna.com\/index.php?rest_route=\/wp\/v2\/posts\/56604\/revisions\/56605"}],"wp:featuredmedia":[{"embeddable":true,"href":"https:\/\/gazetaregionalna.com\/index.php?rest_route=\/wp\/v2\/media\/56606"}],"wp:attachment":[{"href":"https:\/\/gazetaregionalna.com\/index.php?rest_route=%2Fwp%2Fv2%2Fmedia&parent=56604"}],"wp:term":[{"taxonomy":"category","embeddable":true,"href":"https:\/\/gazetaregionalna.com\/index.php?rest_route=%2Fwp%2Fv2%2Fcategories&post=56604"},{"taxonomy":"post_tag","embeddable":true,"href":"https:\/\/gazetaregionalna.com\/index.php?rest_route=%2Fwp%2Fv2%2Ftags&post=56604"}],"curies":[{"name":"wp","href":"https:\/\/api.w.org\/{rel}","templated":true}]}}