{"id":56581,"date":"2021-09-24T06:43:54","date_gmt":"2021-09-24T06:43:54","guid":{"rendered":"https:\/\/gazetaregionalna.com\/?p=56581"},"modified":"2021-09-24T06:43:55","modified_gmt":"2021-09-24T06:43:55","slug":"jutro-w-klobucku-mozna-sie-spisac-w-urzedzie-miejskim","status":"publish","type":"post","link":"https:\/\/gazetaregionalna.com\/?p=56581","title":{"rendered":"Jutro w K\u0142obucku mo\u017cna si\u0119 spisa\u0107 w Urz\u0119dzie Miejskim"},"content":{"rendered":"\n<h2 class=\"wp-block-heading\">Zbli\u017ca si\u0119 termin zako\u0144czenia Narodowego Spisu Powszechny Ludno\u015bci i Mieszka\u0144. Kto jeszcze si\u0119 nie spisa\u0142, ma szans\u0119 jutro. W K\u0142obucku mo\u017cna si\u0119 spisa\u0107 w Urz\u0119dzie Miejskim.<\/h2>\n\n\n\n<figure class=\"wp-block-image size-large\"><img decoding=\"async\" width=\"724\" height=\"1024\" data-src=\"https:\/\/gazetaregionalna.com\/wp-content\/uploads\/2021\/09\/spis-1-724x1024.jpg\" alt=\"\" class=\"wp-image-56583 lazyload\" data-srcset=\"https:\/\/gazetaregionalna.com\/wp-content\/uploads\/2021\/09\/spis-1-724x1024.jpg 724w, https:\/\/gazetaregionalna.com\/wp-content\/uploads\/2021\/09\/spis-1-212x300.jpg 212w, https:\/\/gazetaregionalna.com\/wp-content\/uploads\/2021\/09\/spis-1-768x1086.jpg 768w, https:\/\/gazetaregionalna.com\/wp-content\/uploads\/2021\/09\/spis-1-1086x1536.jpg 1086w, https:\/\/gazetaregionalna.com\/wp-content\/uploads\/2021\/09\/spis-1-1448x2048.jpg 1448w, https:\/\/gazetaregionalna.com\/wp-content\/uploads\/2021\/09\/spis-1-696x985.jpg 696w, https:\/\/gazetaregionalna.com\/wp-content\/uploads\/2021\/09\/spis-1-1068x1511.jpg 1068w, https:\/\/gazetaregionalna.com\/wp-content\/uploads\/2021\/09\/spis-1-1920x2716.jpg 1920w, https:\/\/gazetaregionalna.com\/wp-content\/uploads\/2021\/09\/spis-1-297x420.jpg 297w, https:\/\/gazetaregionalna.com\/wp-content\/uploads\/2021\/09\/spis-1-scaled.jpg 1131w\" data-sizes=\"(max-width: 724px) 100vw, 724px\" src=\"data:image\/svg+xml;base64,PHN2ZyB3aWR0aD0iMSIgaGVpZ2h0PSIxIiB4bWxucz0iaHR0cDovL3d3dy53My5vcmcvMjAwMC9zdmciPjwvc3ZnPg==\" style=\"--smush-placeholder-width: 724px; --smush-placeholder-aspect-ratio: 724\/1024;\" \/><\/figure>\n\n\n\n<p>Mieszkasz w K\u0142obucku, nie k\u0142adziesz si\u0119 przed 22, a jeszcze nie wywi\u0105za\u0142e\u015b si\u0119 z obowi\u0105zku wzi\u0119cia udzia\u0142u w Narodowym Spisie? Mo\u017cesz w sobot\u0119 odwiedzi\u0107 k\u0142obucki magistrat. Miasto uruchamia punkt spisowy, w ramach og\u00f3lnopolskiej akcji \u201eNoc spisowa\u201d.<\/p>\n\n\n\n<p>Jutro, mi\u0119dzy godzin\u0105 8 a 22 w budynku Urz\u0119du Miejskiego w K\u0142obucku (wej\u015bcie g\u0142\u00f3wne od strony ul. 11 Listopada 6) czeka\u0107 b\u0119d\u0105 osoby, kt\u00f3re pomog\u0105 w samospisie internetowym.<\/p>\n","protected":false},"excerpt":{"rendered":"<p>Zbli\u017ca si\u0119 termin zako\u0144czenia Narodowego Spisu Powszechny Ludno\u015bci i Mieszka\u0144. Kto jeszcze si\u0119 nie spisa\u0142, ma szans\u0119 jutro. W K\u0142obucku mo\u017cna si\u0119 spisa\u0107 w<\/p>\n","protected":false},"author":7,"featured_media":56585,"comment_status":"open","ping_status":"open","sticky":false,"template":"","format":"standard","meta":{"_monsterinsights_skip_tracking":false,"_monsterinsights_sitenote_active":false,"_monsterinsights_sitenote_note":"","_monsterinsights_sitenote_category":0,"_uf_show_specific_survey":0,"_uf_disable_surveys":false,"footnotes":""},"categories":[94,27,4,2],"tags":[],"class_list":["post-56581","post","type-post","status-publish","format-standard","has-post-thumbnail","hentry","category-polecane","category-klobuck-informacje","category-region","category-wiadomosci"],"_links":{"self":[{"href":"https:\/\/gazetaregionalna.com\/index.php?rest_route=\/wp\/v2\/posts\/56581","targetHints":{"allow":["GET"]}}],"collection":[{"href":"https:\/\/gazetaregionalna.com\/index.php?rest_route=\/wp\/v2\/posts"}],"about":[{"href":"https:\/\/gazetaregionalna.com\/index.php?rest_route=\/wp\/v2\/types\/post"}],"author":[{"embeddable":true,"href":"https:\/\/gazetaregionalna.com\/index.php?rest_route=\/wp\/v2\/users\/7"}],"replies":[{"embeddable":true,"href":"https:\/\/gazetaregionalna.com\/index.php?rest_route=%2Fwp%2Fv2%2Fcomments&post=56581"}],"version-history":[{"count":2,"href":"https:\/\/gazetaregionalna.com\/index.php?rest_route=\/wp\/v2\/posts\/56581\/revisions"}],"predecessor-version":[{"id":56584,"href":"https:\/\/gazetaregionalna.com\/index.php?rest_route=\/wp\/v2\/posts\/56581\/revisions\/56584"}],"wp:featuredmedia":[{"embeddable":true,"href":"https:\/\/gazetaregionalna.com\/index.php?rest_route=\/wp\/v2\/media\/56585"}],"wp:attachment":[{"href":"https:\/\/gazetaregionalna.com\/index.php?rest_route=%2Fwp%2Fv2%2Fmedia&parent=56581"}],"wp:term":[{"taxonomy":"category","embeddable":true,"href":"https:\/\/gazetaregionalna.com\/index.php?rest_route=%2Fwp%2Fv2%2Fcategories&post=56581"},{"taxonomy":"post_tag","embeddable":true,"href":"https:\/\/gazetaregionalna.com\/index.php?rest_route=%2Fwp%2Fv2%2Ftags&post=56581"}],"curies":[{"name":"wp","href":"https:\/\/api.w.org\/{rel}","templated":true}]}}