{"id":56570,"date":"2021-09-23T13:33:56","date_gmt":"2021-09-23T13:33:56","guid":{"rendered":"https:\/\/gazetaregionalna.com\/?p=56570"},"modified":"2021-09-23T13:33:57","modified_gmt":"2021-09-23T13:33:57","slug":"koszykarze-azs-czestochowa-zapraszaja-do-hali-polonia-na-inauguracje-sezonu","status":"publish","type":"post","link":"https:\/\/gazetaregionalna.com\/?p=56570","title":{"rendered":"Koszykarze AZS Cz\u0119stochowa zapraszaj\u0105 do Hali Polonia na inauguracj\u0119 sezonu"},"content":{"rendered":"\n<p>W sobot\u0119 o godz. 18 koszykarze AZS Cz\u0119stochowa w I kolejce II ligi zmierz\u0105 si\u0119 z Oknoplast Korona Krak\u00f3w.<\/p>\n\n\n\n<p>Kibice basketu w Cz\u0119stochowie doczekali si\u0119 inauguracji nowego sezonu. W sobot\u0119 o godz. 18 koszykarze AZS Cz\u0119stochowa zmierz\u0105 si\u0119 w Hali Polonia z Oknoplast Korona Krak\u00f3w. Cz\u0119stochowska dru\u017cyna to wielka niewiadoma nadchodz\u0105cego sezonu. Koszykarzy trenowa\u0107 b\u0119dzie Tomasz Nogalski, a sk\u0142ad b\u0119dzie opiera\u0107 si\u0119 o m\u0142odych zawodnik\u00f3w. Wspiera\u0107 maj\u0105 ich do\u015bwiadczeni: Tomasz Nogalski (42 lata), Przemys\u0142aw \u0141aszewski (30 lat), Szymon Spycha\u0142a (27 lat) i Kacper Hajdu\u015b (25 lat).<\/p>\n\n\n\n<p>Sobotni mecz odb\u0119dzie si\u0119 w Hali Polonia. Pocz\u0105tek o godz. 18.<\/p>\n\n\n\n<p>AK<\/p>\n\n\n\n<p>Foto: AK<\/p>\n\n\n\n<figure class=\"wp-block-image size-large\"><img decoding=\"async\" width=\"1024\" height=\"683\" data-src=\"https:\/\/gazetaregionalna.com\/wp-content\/uploads\/2020\/10\/Koszyk\u00f3wka-29-1024x683.jpg\" alt=\"\" class=\"wp-image-24306 lazyload\" data-srcset=\"https:\/\/gazetaregionalna.com\/wp-content\/uploads\/2020\/10\/Koszyk\u00f3wka-29-1024x683.jpg 1024w, https:\/\/gazetaregionalna.com\/wp-content\/uploads\/2020\/10\/Koszyk\u00f3wka-29-300x200.jpg 300w, https:\/\/gazetaregionalna.com\/wp-content\/uploads\/2020\/10\/Koszyk\u00f3wka-29-768x512.jpg 768w, https:\/\/gazetaregionalna.com\/wp-content\/uploads\/2020\/10\/Koszyk\u00f3wka-29-1536x1024.jpg 1536w, https:\/\/gazetaregionalna.com\/wp-content\/uploads\/2020\/10\/Koszyk\u00f3wka-29-696x464.jpg 696w, https:\/\/gazetaregionalna.com\/wp-content\/uploads\/2020\/10\/Koszyk\u00f3wka-29-1068x712.jpg 1068w, https:\/\/gazetaregionalna.com\/wp-content\/uploads\/2020\/10\/Koszyk\u00f3wka-29-630x420.jpg 630w, https:\/\/gazetaregionalna.com\/wp-content\/uploads\/2020\/10\/Koszyk\u00f3wka-29.jpg 1200w\" data-sizes=\"(max-width: 1024px) 100vw, 1024px\" src=\"data:image\/svg+xml;base64,PHN2ZyB3aWR0aD0iMSIgaGVpZ2h0PSIxIiB4bWxucz0iaHR0cDovL3d3dy53My5vcmcvMjAwMC9zdmciPjwvc3ZnPg==\" style=\"--smush-placeholder-width: 1024px; --smush-placeholder-aspect-ratio: 1024\/683;\" \/><\/figure>\n","protected":false},"excerpt":{"rendered":"<p>W sobot\u0119 o godz. 18 koszykarze AZS Cz\u0119stochowa w I kolejce II ligi zmierz\u0105 si\u0119 z Oknoplast Korona Krak\u00f3w. Kibice basketu w Cz\u0119stochowie doczekali<\/p>\n","protected":false},"author":15,"featured_media":24306,"comment_status":"open","ping_status":"open","sticky":false,"template":"","format":"standard","meta":{"_monsterinsights_skip_tracking":false,"_monsterinsights_sitenote_active":false,"_monsterinsights_sitenote_note":"","_monsterinsights_sitenote_category":0,"_uf_show_specific_survey":0,"_uf_disable_surveys":false,"footnotes":""},"categories":[5,9],"tags":[],"class_list":["post-56570","post","type-post","status-publish","format-standard","has-post-thumbnail","hentry","category-sport","category-koszykowka"],"_links":{"self":[{"href":"https:\/\/gazetaregionalna.com\/index.php?rest_route=\/wp\/v2\/posts\/56570","targetHints":{"allow":["GET"]}}],"collection":[{"href":"https:\/\/gazetaregionalna.com\/index.php?rest_route=\/wp\/v2\/posts"}],"about":[{"href":"https:\/\/gazetaregionalna.com\/index.php?rest_route=\/wp\/v2\/types\/post"}],"author":[{"embeddable":true,"href":"https:\/\/gazetaregionalna.com\/index.php?rest_route=\/wp\/v2\/users\/15"}],"replies":[{"embeddable":true,"href":"https:\/\/gazetaregionalna.com\/index.php?rest_route=%2Fwp%2Fv2%2Fcomments&post=56570"}],"version-history":[{"count":1,"href":"https:\/\/gazetaregionalna.com\/index.php?rest_route=\/wp\/v2\/posts\/56570\/revisions"}],"predecessor-version":[{"id":56571,"href":"https:\/\/gazetaregionalna.com\/index.php?rest_route=\/wp\/v2\/posts\/56570\/revisions\/56571"}],"wp:featuredmedia":[{"embeddable":true,"href":"https:\/\/gazetaregionalna.com\/index.php?rest_route=\/wp\/v2\/media\/24306"}],"wp:attachment":[{"href":"https:\/\/gazetaregionalna.com\/index.php?rest_route=%2Fwp%2Fv2%2Fmedia&parent=56570"}],"wp:term":[{"taxonomy":"category","embeddable":true,"href":"https:\/\/gazetaregionalna.com\/index.php?rest_route=%2Fwp%2Fv2%2Fcategories&post=56570"},{"taxonomy":"post_tag","embeddable":true,"href":"https:\/\/gazetaregionalna.com\/index.php?rest_route=%2Fwp%2Fv2%2Ftags&post=56570"}],"curies":[{"name":"wp","href":"https:\/\/api.w.org\/{rel}","templated":true}]}}