{"id":5656,"date":"2019-08-26T10:15:42","date_gmt":"2019-08-26T10:15:42","guid":{"rendered":"https:\/\/gazetaregionalna.com\/?p=5656"},"modified":"2019-08-31T20:51:38","modified_gmt":"2019-08-31T20:51:38","slug":"odwazni-znowu-na-scenie","status":"publish","type":"post","link":"https:\/\/gazetaregionalna.com\/?p=5656","title":{"rendered":"&#8222;Odwa\u017cni&#8221; znowu na scenie"},"content":{"rendered":"\n<p>Grupa teatralna \u201cOdwa\u017cni\u201d i Miejsko-Gminny O\u015brodek Kultury w \u017barkach zapraszaj\u0105  na drug\u0105 ods\u0142on\u0119 sztuki komediowej \u201ePrzystojny siostrzeniec\u201d, Spektakl odb\u0119dzie si\u0119   1 wrze\u015bnia (niedziela)  o godz. 17 w sali widowiskowej Domu Kultury w \u017barkach. Sztuk\u0119 zaprezentuje grupa &#8222;Odwa\u017cni&#8221;. To kolejne przedstawienie w wykonaniu tego niecodziennego zespo\u0142u teatralnego, kt\u00f3ry tworz\u0105 seniorzy z gminy \u017barki.<br>\nPrzygoda aktor\u00f3w-amator\u00f3w z teatrem rozpocz\u0119\u0142a si\u0119 cztery lata temu. Jak wspomina Urszula Mianowska, autorka sztuk wystawianych przez &#8222;Odwa\u017cnych&#8221;, wszystko zacz\u0119\u0142o si\u0119, gdy Dom Kultury w \u017barkach uruchomi\u0142 zaj\u0119cia teatralne dla doros\u0142ych. Zaj\u0119cia ju\u017c si\u0119 tam nie odbywaj\u0105, ale osoby, kt\u00f3re w\u00f3wczas rozpocz\u0119\u0142y swoj\u0105 przygod\u0119 z Melpomen\u0105 postanowi\u0142y dzia\u0142a\u0107 na w\u0142asn\u0105 r\u0119k\u0119.<\/p>\n\n\n\n<ul class=\"wp-block-gallery columns-1 is-cropped wp-block-gallery-1 is-layout-flex wp-block-gallery-is-layout-flex\"><li class=\"blocks-gallery-item\"><figure><img decoding=\"async\" width=\"960\" height=\"642\" data-src=\"https:\/\/gazetaregionalna.com\/wp-content\/uploads\/2019\/08\/teatr1.jpg\" alt=\"\" data-id=\"5657\" data-link=\"https:\/\/gazetaregionalna.com\/?attachment_id=5657\" class=\"wp-image-5657 lazyload\" data-srcset=\"https:\/\/gazetaregionalna.com\/wp-content\/uploads\/2019\/08\/teatr1.jpg 960w, https:\/\/gazetaregionalna.com\/wp-content\/uploads\/2019\/08\/teatr1-300x201.jpg 300w, https:\/\/gazetaregionalna.com\/wp-content\/uploads\/2019\/08\/teatr1-768x514.jpg 768w, https:\/\/gazetaregionalna.com\/wp-content\/uploads\/2019\/08\/teatr1-696x465.jpg 696w, https:\/\/gazetaregionalna.com\/wp-content\/uploads\/2019\/08\/teatr1-628x420.jpg 628w\" data-sizes=\"(max-width: 960px) 100vw, 960px\" src=\"data:image\/svg+xml;base64,PHN2ZyB3aWR0aD0iMSIgaGVpZ2h0PSIxIiB4bWxucz0iaHR0cDovL3d3dy53My5vcmcvMjAwMC9zdmciPjwvc3ZnPg==\" style=\"--smush-placeholder-width: 960px; --smush-placeholder-aspect-ratio: 960\/642;\" \/><\/figure><\/li><li class=\"blocks-gallery-item\"><figure><img decoding=\"async\" width=\"960\" height=\"540\" data-src=\"https:\/\/gazetaregionalna.com\/wp-content\/uploads\/2019\/08\/teatr2.jpg\" alt=\"\" data-id=\"5658\" data-link=\"https:\/\/gazetaregionalna.com\/?attachment_id=5658\" class=\"wp-image-5658 lazyload\" data-srcset=\"https:\/\/gazetaregionalna.com\/wp-content\/uploads\/2019\/08\/teatr2.jpg 960w, https:\/\/gazetaregionalna.com\/wp-content\/uploads\/2019\/08\/teatr2-300x169.jpg 300w, https:\/\/gazetaregionalna.com\/wp-content\/uploads\/2019\/08\/teatr2-768x432.jpg 768w, https:\/\/gazetaregionalna.com\/wp-content\/uploads\/2019\/08\/teatr2-696x392.jpg 696w, https:\/\/gazetaregionalna.com\/wp-content\/uploads\/2019\/08\/teatr2-747x420.jpg 747w\" data-sizes=\"(max-width: 960px) 100vw, 960px\" src=\"data:image\/svg+xml;base64,PHN2ZyB3aWR0aD0iMSIgaGVpZ2h0PSIxIiB4bWxucz0iaHR0cDovL3d3dy53My5vcmcvMjAwMC9zdmciPjwvc3ZnPg==\" style=\"--smush-placeholder-width: 960px; --smush-placeholder-aspect-ratio: 960\/540;\" \/><\/figure><\/li><li class=\"blocks-gallery-item\"><figure><img decoding=\"async\" width=\"1024\" height=\"686\" data-src=\"https:\/\/gazetaregionalna.com\/wp-content\/uploads\/2019\/08\/teatr3-1024x686.jpg\" alt=\"\" data-id=\"5659\" data-link=\"https:\/\/gazetaregionalna.com\/?attachment_id=5659\" class=\"wp-image-5659 lazyload\" data-srcset=\"https:\/\/gazetaregionalna.com\/wp-content\/uploads\/2019\/08\/teatr3-1024x686.jpg 1024w, https:\/\/gazetaregionalna.com\/wp-content\/uploads\/2019\/08\/teatr3-300x201.jpg 300w, https:\/\/gazetaregionalna.com\/wp-content\/uploads\/2019\/08\/teatr3-768x514.jpg 768w, https:\/\/gazetaregionalna.com\/wp-content\/uploads\/2019\/08\/teatr3-696x466.jpg 696w, https:\/\/gazetaregionalna.com\/wp-content\/uploads\/2019\/08\/teatr3-1068x715.jpg 1068w, https:\/\/gazetaregionalna.com\/wp-content\/uploads\/2019\/08\/teatr3-627x420.jpg 627w, https:\/\/gazetaregionalna.com\/wp-content\/uploads\/2019\/08\/teatr3.jpg 1162w\" data-sizes=\"(max-width: 1024px) 100vw, 1024px\" src=\"data:image\/svg+xml;base64,PHN2ZyB3aWR0aD0iMSIgaGVpZ2h0PSIxIiB4bWxucz0iaHR0cDovL3d3dy53My5vcmcvMjAwMC9zdmciPjwvc3ZnPg==\" style=\"--smush-placeholder-width: 1024px; --smush-placeholder-aspect-ratio: 1024\/686;\" \/><\/figure><\/li><\/ul>\n\n\n\n<ul class=\"wp-block-list\"><li><em>Jak to si\u0119 m\u00f3wi, po\u0142kn\u0119li\u015bmy bakcyla i ju\u017c nie mogli\u015bmy przesta\u0107 gra\u0107<\/em> &#8211; wspomina pani Mianowska. &#8211; <em>Chcieli\u015bmy wyst\u0119powa\u0107, ale nie mogli\u015bmy znale\u017a\u0107 odpowiedniego dla siebie repertuaru. Je\u017adzili\u015bmy na r\u00f3\u017cne spektakle, ale jako\u015b te wsp\u00f3\u0142cze\u015bnie wystawianie sztuki nie przypad\u0142y nam do gustu. Za du\u017co by\u0142o w nich wulgaryzm\u00f3w, a i tematy nie zawsze nam odpowiada\u0142y. Chcieli\u015bmy si\u0119 sami dobrze bawi\u0107 graj\u0105c i da\u0107 rado\u015b\u0107 widzom. Wtedy postanowi\u0142am, \u017ce sama napisz\u0119 dla naszego teatru sztuk\u0119<\/em>.<br> Jak wspomina, by\u0142a to jej pierwsza artystyczna dzia\u0142alno\u015b\u0107 w \u017cyciu. Z zawodu ksi\u0119gowa, kobieta biznesu prowadz\u0105ca w\u0142asn\u0105 dzia\u0142alno\u015b\u0107 gospodarcz\u0105, raczej do tej pory twardo st\u0105pa\u0142a po ziemi i sama siebie nie pos\u0105dzi\u0142aby nigdy o pisanie dla teatru.<\/li><li><em>Chyba gdzie\u015b g\u0142\u0119boko to pisanie we mnie siedzia\u0142o<\/em> &#8211; opowiada Urszula Mianowska. &#8211; <em>Okaza\u0142o si\u0119 bowiem, \u017ce napisanie sztuki przysz\u0142o mi \u0142atwiej ni\u017c s\u0105dzi\u0142am.<\/em><br> Na pocz\u0105tek by\u0142a jednoakt\u00f3wka, komedia &#8222;Dwa serca&#8221; o perypetiach ludzi dojrza\u0142ych szukaj\u0105cych za po\u015brednictwem biura matrymonialnego drugiej po\u0142\u00f3wki na jesie\u0144 \u017cycia.<\/li><li><em>Sztuka ta zosta\u0142a bardzo dobrze przyj\u0119ta przez publiczno\u015b\u0107, wi\u0119c posz\u0142am za ciosem i napisa\u0142am kolejn\u0105<\/em>-opowiada. &#8211; <em>Tym razem by\u0142a to ju\u017c komedia w czterech aktach pod tytu\u0142em &#8222;Przystojny siostrzeniec&#8221;. Obecnie pracuj\u0119 nad komedi\u0105 &#8222;Dwa serca bis&#8221;.<\/em><br> Jak podkre\u015bla Urszula Mianowska, ona sama niczego by nie zdzia\u0142a\u0142a, gdyby nie zgrana grupa kole\u017canek i koleg\u00f3w. Po\u0142\u0105czy\u0142a ich mi\u0142o\u015b\u0107 do teatru i wszyscy r\u00f3wnie mocno anga\u017cuj\u0105 si\u0119 w kolejne przedsi\u0119wzi\u0119cia &#8222;Odwa\u017cnych&#8221;.<\/li><li><em>To wspaniali ludzie<\/em> &#8211; m\u00f3wi Urszula Mianowska. &#8211; <em>Wszystko robimy sami: projektujemy i wykonujemy kostiumy oraz dekoracj\u0119, gramy, a jak trzeba \u2014 nosimy dekoracje i rekwizyty.<\/em><br> W grupie aktywnie dzia\u0142a dziesi\u0119\u0107 os\u00f3b. Panie s\u0105 w wi\u0119kszo\u015bci, wi\u0119c je\u017celi wymaga tego sztuka, przyjmuj\u0105 zar\u00f3wno role damskie, jak i m\u0119skie. Poza Urszul\u0105 Mianowsk\u0105 do zespo\u0142u nale\u017c\u0105: Irena Horoszko, Maria G\u00f3rna, Zdzis\u0142awa Bereska, Anna Ma\u015blankiewicz, Wies\u0142awa Gryzik, Roman Hamerla, Jan Gryzik, Julia Kuzior, Michalina Podsiedlik. Opraw\u0105 muzyczn\u0105 i \u015bwiat\u0142em w spektaklach zajmuje si\u0119 Adrian Ra\u0142.<br> Grupa ma za sob\u0105 ju\u017c kilka przedstawie\u0144 nie tylko w samych \u017barkach, ale tak\u017ce w Myszkowie. W planach s\u0105 wyst\u0119py tak\u017ce w Poraju.<\/li><li><em>Kto wie, mo\u017ce wyst\u0105pimy jeszcze w wi\u0119kszych miastach, na du\u017cych scenach? <\/em>&#8211; \u015bmieje si\u0119 Urszula Mianowska. &#8211; <em>\u017bycie pokazuje, \u017ce naprawd\u0119 wszystko jest mo\u017cliwe.<\/em><\/li><\/ul>\n","protected":false},"excerpt":{"rendered":"<p>Grupa teatralna \u201cOdwa\u017cni\u201d i Miejsko-Gminny O\u015brodek Kultury w \u017barkach zapraszaj\u0105 na drug\u0105 ods\u0142on\u0119 sztuki komediowej \u201ePrzystojny siostrzeniec\u201d, Spektakl odb\u0119dzie si\u0119 1 wrze\u015bnia (niedziela) o<\/p>\n","protected":false},"author":3,"featured_media":5659,"comment_status":"open","ping_status":"open","sticky":false,"template":"","format":"standard","meta":{"_monsterinsights_skip_tracking":false,"_monsterinsights_sitenote_active":false,"_monsterinsights_sitenote_note":"","_monsterinsights_sitenote_category":0,"_uf_show_specific_survey":0,"_uf_disable_surveys":false,"footnotes":""},"categories":[12,94,4,2,13],"tags":[],"class_list":["post-5656","post","type-post","status-publish","format-standard","has-post-thumbnail","hentry","category-kultura-i-rozrywka","category-polecane","category-region","category-wiadomosci","category-wydarzenia"],"_links":{"self":[{"href":"https:\/\/gazetaregionalna.com\/index.php?rest_route=\/wp\/v2\/posts\/5656","targetHints":{"allow":["GET"]}}],"collection":[{"href":"https:\/\/gazetaregionalna.com\/index.php?rest_route=\/wp\/v2\/posts"}],"about":[{"href":"https:\/\/gazetaregionalna.com\/index.php?rest_route=\/wp\/v2\/types\/post"}],"author":[{"embeddable":true,"href":"https:\/\/gazetaregionalna.com\/index.php?rest_route=\/wp\/v2\/users\/3"}],"replies":[{"embeddable":true,"href":"https:\/\/gazetaregionalna.com\/index.php?rest_route=%2Fwp%2Fv2%2Fcomments&post=5656"}],"version-history":[{"count":2,"href":"https:\/\/gazetaregionalna.com\/index.php?rest_route=\/wp\/v2\/posts\/5656\/revisions"}],"predecessor-version":[{"id":5876,"href":"https:\/\/gazetaregionalna.com\/index.php?rest_route=\/wp\/v2\/posts\/5656\/revisions\/5876"}],"wp:featuredmedia":[{"embeddable":true,"href":"https:\/\/gazetaregionalna.com\/index.php?rest_route=\/wp\/v2\/media\/5659"}],"wp:attachment":[{"href":"https:\/\/gazetaregionalna.com\/index.php?rest_route=%2Fwp%2Fv2%2Fmedia&parent=5656"}],"wp:term":[{"taxonomy":"category","embeddable":true,"href":"https:\/\/gazetaregionalna.com\/index.php?rest_route=%2Fwp%2Fv2%2Fcategories&post=5656"},{"taxonomy":"post_tag","embeddable":true,"href":"https:\/\/gazetaregionalna.com\/index.php?rest_route=%2Fwp%2Fv2%2Ftags&post=5656"}],"curies":[{"name":"wp","href":"https:\/\/api.w.org\/{rel}","templated":true}]}}