{"id":56545,"date":"2021-09-23T11:32:34","date_gmt":"2021-09-23T11:32:34","guid":{"rendered":"https:\/\/gazetaregionalna.com\/?p=56545"},"modified":"2021-09-23T11:32:35","modified_gmt":"2021-09-23T11:32:35","slug":"psi-funkcjonariusz-ponownie-pomogl-odnalezc-skradziony-jednoslad","status":"publish","type":"post","link":"https:\/\/gazetaregionalna.com\/?p=56545","title":{"rendered":"Psi funkcjonariusz ponownie pom\u00f3g\u0142 odnale\u017a\u0107 skradziony jedno\u015blad"},"content":{"rendered":"\n<h2 class=\"wp-block-heading\">Kolejny raz psi funkcjonariusz pom\u00f3g\u0142 odnale\u017a\u0107 skradziony jedno\u015blad. Kair wytropi\u0142 z\u0142odzieja, kt\u00f3ry ukrad\u0142 skuter. Miesi\u0105c temu pom\u00f3g\u0142 odnale\u017a\u0107 skradzione w okolicy D\u017abowa motocykle.<\/h2>\n\n\n\n<figure class=\"wp-block-gallery columns-2 is-cropped wp-block-gallery-1 is-layout-flex wp-block-gallery-is-layout-flex\"><ul class=\"blocks-gallery-grid\"><li class=\"blocks-gallery-item\"><figure><a href=\"https:\/\/gazetaregionalna.com\/wp-content\/uploads\/2021\/09\/pies1.jpg\"><img decoding=\"async\" width=\"1024\" height=\"768\" data-src=\"https:\/\/gazetaregionalna.com\/wp-content\/uploads\/2021\/09\/pies1-1024x768.jpg\" alt=\"\" data-id=\"56547\" data-full-url=\"https:\/\/gazetaregionalna.com\/wp-content\/uploads\/2021\/09\/pies1.jpg\" data-link=\"https:\/\/gazetaregionalna.com\/?attachment_id=56547\" class=\"wp-image-56547 lazyload\" data-srcset=\"https:\/\/gazetaregionalna.com\/wp-content\/uploads\/2021\/09\/pies1-1024x768.jpg 1024w, https:\/\/gazetaregionalna.com\/wp-content\/uploads\/2021\/09\/pies1-300x225.jpg 300w, https:\/\/gazetaregionalna.com\/wp-content\/uploads\/2021\/09\/pies1-768x576.jpg 768w, https:\/\/gazetaregionalna.com\/wp-content\/uploads\/2021\/09\/pies1-696x522.jpg 696w, https:\/\/gazetaregionalna.com\/wp-content\/uploads\/2021\/09\/pies1-1068x801.jpg 1068w, https:\/\/gazetaregionalna.com\/wp-content\/uploads\/2021\/09\/pies1-560x420.jpg 560w, https:\/\/gazetaregionalna.com\/wp-content\/uploads\/2021\/09\/pies1-80x60.jpg 80w, https:\/\/gazetaregionalna.com\/wp-content\/uploads\/2021\/09\/pies1-265x198.jpg 265w, https:\/\/gazetaregionalna.com\/wp-content\/uploads\/2021\/09\/pies1.jpg 1200w\" data-sizes=\"(max-width: 1024px) 100vw, 1024px\" src=\"data:image\/svg+xml;base64,PHN2ZyB3aWR0aD0iMSIgaGVpZ2h0PSIxIiB4bWxucz0iaHR0cDovL3d3dy53My5vcmcvMjAwMC9zdmciPjwvc3ZnPg==\" style=\"--smush-placeholder-width: 1024px; --smush-placeholder-aspect-ratio: 1024\/768;\" \/><\/a><\/figure><\/li><li class=\"blocks-gallery-item\"><figure><a href=\"https:\/\/gazetaregionalna.com\/wp-content\/uploads\/2021\/09\/pies2.jpg\"><img decoding=\"async\" width=\"1024\" height=\"819\" data-src=\"https:\/\/gazetaregionalna.com\/wp-content\/uploads\/2021\/09\/pies2.jpg\" alt=\"\" data-id=\"56548\" data-full-url=\"https:\/\/gazetaregionalna.com\/wp-content\/uploads\/2021\/09\/pies2.jpg\" data-link=\"https:\/\/gazetaregionalna.com\/?attachment_id=56548\" class=\"wp-image-56548 lazyload\" data-srcset=\"https:\/\/gazetaregionalna.com\/wp-content\/uploads\/2021\/09\/pies2.jpg 1024w, https:\/\/gazetaregionalna.com\/wp-content\/uploads\/2021\/09\/pies2-300x240.jpg 300w, https:\/\/gazetaregionalna.com\/wp-content\/uploads\/2021\/09\/pies2-768x614.jpg 768w, https:\/\/gazetaregionalna.com\/wp-content\/uploads\/2021\/09\/pies2-696x557.jpg 696w, https:\/\/gazetaregionalna.com\/wp-content\/uploads\/2021\/09\/pies2-525x420.jpg 525w\" data-sizes=\"(max-width: 1024px) 100vw, 1024px\" src=\"data:image\/svg+xml;base64,PHN2ZyB3aWR0aD0iMSIgaGVpZ2h0PSIxIiB4bWxucz0iaHR0cDovL3d3dy53My5vcmcvMjAwMC9zdmciPjwvc3ZnPg==\" style=\"--smush-placeholder-width: 1024px; --smush-placeholder-aspect-ratio: 1024\/819;\" \/><\/a><\/figure><\/li><\/ul><\/figure>\n\n\n\n<p>Od pierwszym w\u0142amaniu do gara\u017cu w cz\u0119stochowskiej dzielnicy Rak\u00f3w w\u0142a\u015bciciel zawiadomi\u0142 policj\u0119 kilka dni temu. W\u00f3wczas z\u0142odziej zabra\u0142 skuter i inne narz\u0119dzia. Wczoraj postanowi\u0142 wr\u00f3ci\u0107 po inne, przechowywane tam przedmioty. Tym razem jego \u0142upem pad\u0142 sprz\u0119t RTV. Skradzione przedmioty uda\u0142o si\u0119 odnale\u017a\u0107 dzi\u0119ki psiemu funkcjonariuszowi.<\/p>\n\n\n\n<p>Pom\u00f3g\u0142 Kair, psi funkcjonariusz s\u0142yn\u0105cy w cz\u0119stochowskiej policji nie tylko ze wspania\u0142ego w\u0119chu, ale tak\u017ce ogromnego zami\u0142owania do gumowych pi\u0142ek. Pies ze swoim przewodnikiem pojecha\u0142 na miejsce w\u0142amania, Kair od razu z\u0142apa\u0142 trop i ruszy\u0142 w kierunku pozostawionego przez w\u0142amywaczy \u0142upu. Kilometr dalej na terenie opuszczonej posesji odnalaz\u0142 jedno\u015blad skradziony kilka dni wcze\u015bniej z tego samego gara\u017cu.<\/p>\n","protected":false},"excerpt":{"rendered":"<p>Kolejny raz psi funkcjonariusz pom\u00f3g\u0142 odnale\u017a\u0107 skradziony jedno\u015blad. Kair wytropi\u0142 z\u0142odzieja, kt\u00f3ry ukrad\u0142 skuter. Miesi\u0105c temu pom\u00f3g\u0142 odnale\u017a\u0107 skradzione w okolicy D\u017abowa motocykle. Od<\/p>\n","protected":false},"author":7,"featured_media":56547,"comment_status":"open","ping_status":"open","sticky":false,"template":"","format":"standard","meta":{"_monsterinsights_skip_tracking":false,"_monsterinsights_sitenote_active":false,"_monsterinsights_sitenote_note":"","_monsterinsights_sitenote_category":0,"_uf_show_specific_survey":0,"_uf_disable_surveys":false,"footnotes":""},"categories":[94,3,2],"tags":[],"class_list":["post-56545","post","type-post","status-publish","format-standard","has-post-thumbnail","hentry","category-polecane","category-czestochowa-informacje","category-wiadomosci"],"_links":{"self":[{"href":"https:\/\/gazetaregionalna.com\/index.php?rest_route=\/wp\/v2\/posts\/56545","targetHints":{"allow":["GET"]}}],"collection":[{"href":"https:\/\/gazetaregionalna.com\/index.php?rest_route=\/wp\/v2\/posts"}],"about":[{"href":"https:\/\/gazetaregionalna.com\/index.php?rest_route=\/wp\/v2\/types\/post"}],"author":[{"embeddable":true,"href":"https:\/\/gazetaregionalna.com\/index.php?rest_route=\/wp\/v2\/users\/7"}],"replies":[{"embeddable":true,"href":"https:\/\/gazetaregionalna.com\/index.php?rest_route=%2Fwp%2Fv2%2Fcomments&post=56545"}],"version-history":[{"count":2,"href":"https:\/\/gazetaregionalna.com\/index.php?rest_route=\/wp\/v2\/posts\/56545\/revisions"}],"predecessor-version":[{"id":56549,"href":"https:\/\/gazetaregionalna.com\/index.php?rest_route=\/wp\/v2\/posts\/56545\/revisions\/56549"}],"wp:featuredmedia":[{"embeddable":true,"href":"https:\/\/gazetaregionalna.com\/index.php?rest_route=\/wp\/v2\/media\/56547"}],"wp:attachment":[{"href":"https:\/\/gazetaregionalna.com\/index.php?rest_route=%2Fwp%2Fv2%2Fmedia&parent=56545"}],"wp:term":[{"taxonomy":"category","embeddable":true,"href":"https:\/\/gazetaregionalna.com\/index.php?rest_route=%2Fwp%2Fv2%2Fcategories&post=56545"},{"taxonomy":"post_tag","embeddable":true,"href":"https:\/\/gazetaregionalna.com\/index.php?rest_route=%2Fwp%2Fv2%2Ftags&post=56545"}],"curies":[{"name":"wp","href":"https:\/\/api.w.org\/{rel}","templated":true}]}}