{"id":56517,"date":"2021-09-23T09:45:06","date_gmt":"2021-09-23T09:45:06","guid":{"rendered":"https:\/\/gazetaregionalna.com\/?p=56517"},"modified":"2021-09-23T09:45:24","modified_gmt":"2021-09-23T09:45:24","slug":"akcja-profilaktyczna-dla-kobiet-w-dwoch-czestochowskich-placowkach","status":"publish","type":"post","link":"https:\/\/gazetaregionalna.com\/?p=56517","title":{"rendered":"Akcja profilaktyczna dla kobiet w dw\u00f3ch cz\u0119stochowskich plac\u00f3wkach"},"content":{"rendered":"\n<h2 class=\"wp-block-heading\">Akcja profilaktyczna dla kobiet w dw\u00f3ch cz\u0119stochowskich plac\u00f3wkach. W dw\u00f3ch punktach pobra\u0144 DIAGNOSTYKI Laboratori\u00f3w Medycznych w Cz\u0119stochowie mo\u017cna wykona\u0107 bezp\u0142atne badanie genetyczne BRCA1 okre\u015blaj\u0105ce ryzyko wyst\u0105pienia raka szyjki macicy lub raka piersi.<\/h2>\n\n\n\n<figure class=\"wp-block-gallery columns-3 is-cropped wp-block-gallery-1 is-layout-flex wp-block-gallery-is-layout-flex\"><ul class=\"blocks-gallery-grid\"><li class=\"blocks-gallery-item\"><figure><a href=\"https:\/\/gazetaregionalna.com\/wp-content\/uploads\/2021\/09\/Czestochowa_ulotka-BRCA1-bezplatnie.jpg\"><img decoding=\"async\" width=\"734\" height=\"1024\" data-src=\"https:\/\/gazetaregionalna.com\/wp-content\/uploads\/2021\/09\/Czestochowa_ulotka-BRCA1-bezplatnie.jpg\" alt=\"\" data-id=\"56528\" data-full-url=\"https:\/\/gazetaregionalna.com\/wp-content\/uploads\/2021\/09\/Czestochowa_ulotka-BRCA1-bezplatnie.jpg\" data-link=\"https:\/\/gazetaregionalna.com\/?attachment_id=56528\" class=\"wp-image-56528 lazyload\" data-srcset=\"https:\/\/gazetaregionalna.com\/wp-content\/uploads\/2021\/09\/Czestochowa_ulotka-BRCA1-bezplatnie.jpg 734w, https:\/\/gazetaregionalna.com\/wp-content\/uploads\/2021\/09\/Czestochowa_ulotka-BRCA1-bezplatnie-215x300.jpg 215w, https:\/\/gazetaregionalna.com\/wp-content\/uploads\/2021\/09\/Czestochowa_ulotka-BRCA1-bezplatnie-696x971.jpg 696w, https:\/\/gazetaregionalna.com\/wp-content\/uploads\/2021\/09\/Czestochowa_ulotka-BRCA1-bezplatnie-301x420.jpg 301w\" data-sizes=\"(max-width: 734px) 100vw, 734px\" src=\"data:image\/svg+xml;base64,PHN2ZyB3aWR0aD0iMSIgaGVpZ2h0PSIxIiB4bWxucz0iaHR0cDovL3d3dy53My5vcmcvMjAwMC9zdmciPjwvc3ZnPg==\" style=\"--smush-placeholder-width: 734px; --smush-placeholder-aspect-ratio: 734\/1024;\" \/><\/a><\/figure><\/li><li class=\"blocks-gallery-item\"><figure><a href=\"https:\/\/gazetaregionalna.com\/wp-content\/uploads\/2021\/09\/Laboratorium-Diagnostyka.jpg\"><img decoding=\"async\" width=\"1024\" height=\"681\" data-src=\"https:\/\/gazetaregionalna.com\/wp-content\/uploads\/2021\/09\/Laboratorium-Diagnostyka-1024x681.jpg\" alt=\"\" data-id=\"56529\" data-full-url=\"https:\/\/gazetaregionalna.com\/wp-content\/uploads\/2021\/09\/Laboratorium-Diagnostyka.jpg\" data-link=\"https:\/\/gazetaregionalna.com\/?attachment_id=56529\" class=\"wp-image-56529 lazyload\" data-srcset=\"https:\/\/gazetaregionalna.com\/wp-content\/uploads\/2021\/09\/Laboratorium-Diagnostyka-1024x681.jpg 1024w, https:\/\/gazetaregionalna.com\/wp-content\/uploads\/2021\/09\/Laboratorium-Diagnostyka-300x200.jpg 300w, https:\/\/gazetaregionalna.com\/wp-content\/uploads\/2021\/09\/Laboratorium-Diagnostyka-768x511.jpg 768w, https:\/\/gazetaregionalna.com\/wp-content\/uploads\/2021\/09\/Laboratorium-Diagnostyka-696x463.jpg 696w, https:\/\/gazetaregionalna.com\/wp-content\/uploads\/2021\/09\/Laboratorium-Diagnostyka-1068x710.jpg 1068w, https:\/\/gazetaregionalna.com\/wp-content\/uploads\/2021\/09\/Laboratorium-Diagnostyka-632x420.jpg 632w, https:\/\/gazetaregionalna.com\/wp-content\/uploads\/2021\/09\/Laboratorium-Diagnostyka.jpg 1200w\" data-sizes=\"(max-width: 1024px) 100vw, 1024px\" src=\"data:image\/svg+xml;base64,PHN2ZyB3aWR0aD0iMSIgaGVpZ2h0PSIxIiB4bWxucz0iaHR0cDovL3d3dy53My5vcmcvMjAwMC9zdmciPjwvc3ZnPg==\" style=\"--smush-placeholder-width: 1024px; --smush-placeholder-aspect-ratio: 1024\/681;\" \/><\/a><\/figure><\/li><li class=\"blocks-gallery-item\"><figure><a href=\"https:\/\/gazetaregionalna.com\/wp-content\/uploads\/2021\/09\/Profilaktyka-raka-piersi.jpg\"><img decoding=\"async\" width=\"1024\" height=\"576\" data-src=\"https:\/\/gazetaregionalna.com\/wp-content\/uploads\/2021\/09\/Profilaktyka-raka-piersi-1024x576.jpg\" alt=\"\" data-id=\"56531\" data-full-url=\"https:\/\/gazetaregionalna.com\/wp-content\/uploads\/2021\/09\/Profilaktyka-raka-piersi.jpg\" data-link=\"https:\/\/gazetaregionalna.com\/?attachment_id=56531\" class=\"wp-image-56531 lazyload\" data-srcset=\"https:\/\/gazetaregionalna.com\/wp-content\/uploads\/2021\/09\/Profilaktyka-raka-piersi-1024x576.jpg 1024w, https:\/\/gazetaregionalna.com\/wp-content\/uploads\/2021\/09\/Profilaktyka-raka-piersi-300x169.jpg 300w, https:\/\/gazetaregionalna.com\/wp-content\/uploads\/2021\/09\/Profilaktyka-raka-piersi-768x432.jpg 768w, https:\/\/gazetaregionalna.com\/wp-content\/uploads\/2021\/09\/Profilaktyka-raka-piersi-696x392.jpg 696w, https:\/\/gazetaregionalna.com\/wp-content\/uploads\/2021\/09\/Profilaktyka-raka-piersi-1068x601.jpg 1068w, https:\/\/gazetaregionalna.com\/wp-content\/uploads\/2021\/09\/Profilaktyka-raka-piersi-747x420.jpg 747w, https:\/\/gazetaregionalna.com\/wp-content\/uploads\/2021\/09\/Profilaktyka-raka-piersi.jpg 1280w\" data-sizes=\"(max-width: 1024px) 100vw, 1024px\" src=\"data:image\/svg+xml;base64,PHN2ZyB3aWR0aD0iMSIgaGVpZ2h0PSIxIiB4bWxucz0iaHR0cDovL3d3dy53My5vcmcvMjAwMC9zdmciPjwvc3ZnPg==\" style=\"--smush-placeholder-width: 1024px; --smush-placeholder-aspect-ratio: 1024\/576;\" \/><\/a><\/figure><\/li><\/ul><\/figure>\n\n\n\n<p><br>Badanie BRCA1 powinny wykona\u0107 przede wszystkim kobiety, w rodzinie kt\u00f3rych wyst\u0119powa\u0142y zachorowania na nowotwory oraz te, kt\u00f3re stosuj\u0105 lub zamierzaj\u0105 stosowa\u0107 antykoncepcj\u0119 hormonaln\u0105 lub hormonaln\u0105 terapi\u0119 zast\u0119pcz\u0105. Je\u017celi populacyjne ryzyko zachorowania na raka piersi wynosi ok 6%, to w przypadku posiadania mutacji w BRCA1 wzrasta nawet do 80%, o czym warto wiedzie\u0107. Potwierdzona mutacja w genach BRCA jest przeciwwskazaniem do przyjmowania hormon\u00f3w.<br>W ramach akcji Prezydenta Miasta Cz\u0119stochowa oraz laboratori\u00f3w medycznych DIAGNOSTYKA analiz\u0119 16 mutacji w genie BRCA1 istotnych dla populacji polskiej, w tym 5 mutacji, kt\u00f3rych badanie zalecane jest przez Ministerstwo Zdrowia w Narodowym Programie Zwalczania Chor\u00f3b Nowotworowych mo\u017cna b\u0119dzie wykona\u0107 bezp\u0142atnie. Realizacj\u0119 bada\u0144 prowadz\u0105 dwa cz\u0119stochowskie punkty pobra\u0144, przy ul. Su\u0142kowskiego 17 oraz przy ul. Bony 1\/3. Z oferty bezp\u0142atnych bada\u0144 mog\u0105 skorzysta\u0107 mieszkanki Cz\u0119stochowy w wieku mi\u0119dzy 25 a 50 rokiem \u017cycia. <\/p>\n\n\n\n<p>Wi\u0119cej informacji na ten temat mo\u017cna uzyska\u0107 w w\/w plac\u00f3wkach Diagnostyki odpowiednio pod numerem 34\u00a0361 55 05 i 34\u00a0370 26 00.<\/p>\n","protected":false},"excerpt":{"rendered":"<p>Akcja profilaktyczna dla kobiet w dw\u00f3ch cz\u0119stochowskich plac\u00f3wkach. W dw\u00f3ch punktach pobra\u0144 DIAGNOSTYKI Laboratori\u00f3w Medycznych w Cz\u0119stochowie mo\u017cna wykona\u0107 bezp\u0142atne badanie genetyczne BRCA1 okre\u015blaj\u0105ce<\/p>\n","protected":false},"author":7,"featured_media":56531,"comment_status":"open","ping_status":"open","sticky":false,"template":"","format":"standard","meta":{"_monsterinsights_skip_tracking":false,"_monsterinsights_sitenote_active":false,"_monsterinsights_sitenote_note":"","_monsterinsights_sitenote_category":0,"_uf_show_specific_survey":0,"_uf_disable_surveys":false,"footnotes":""},"categories":[94,3,2],"tags":[],"class_list":["post-56517","post","type-post","status-publish","format-standard","has-post-thumbnail","hentry","category-polecane","category-czestochowa-informacje","category-wiadomosci"],"_links":{"self":[{"href":"https:\/\/gazetaregionalna.com\/index.php?rest_route=\/wp\/v2\/posts\/56517","targetHints":{"allow":["GET"]}}],"collection":[{"href":"https:\/\/gazetaregionalna.com\/index.php?rest_route=\/wp\/v2\/posts"}],"about":[{"href":"https:\/\/gazetaregionalna.com\/index.php?rest_route=\/wp\/v2\/types\/post"}],"author":[{"embeddable":true,"href":"https:\/\/gazetaregionalna.com\/index.php?rest_route=\/wp\/v2\/users\/7"}],"replies":[{"embeddable":true,"href":"https:\/\/gazetaregionalna.com\/index.php?rest_route=%2Fwp%2Fv2%2Fcomments&post=56517"}],"version-history":[{"count":3,"href":"https:\/\/gazetaregionalna.com\/index.php?rest_route=\/wp\/v2\/posts\/56517\/revisions"}],"predecessor-version":[{"id":56532,"href":"https:\/\/gazetaregionalna.com\/index.php?rest_route=\/wp\/v2\/posts\/56517\/revisions\/56532"}],"wp:featuredmedia":[{"embeddable":true,"href":"https:\/\/gazetaregionalna.com\/index.php?rest_route=\/wp\/v2\/media\/56531"}],"wp:attachment":[{"href":"https:\/\/gazetaregionalna.com\/index.php?rest_route=%2Fwp%2Fv2%2Fmedia&parent=56517"}],"wp:term":[{"taxonomy":"category","embeddable":true,"href":"https:\/\/gazetaregionalna.com\/index.php?rest_route=%2Fwp%2Fv2%2Fcategories&post=56517"},{"taxonomy":"post_tag","embeddable":true,"href":"https:\/\/gazetaregionalna.com\/index.php?rest_route=%2Fwp%2Fv2%2Ftags&post=56517"}],"curies":[{"name":"wp","href":"https:\/\/api.w.org\/{rel}","templated":true}]}}