{"id":56460,"date":"2021-09-23T07:43:17","date_gmt":"2021-09-23T07:43:17","guid":{"rendered":"https:\/\/gazetaregionalna.com\/?p=56460"},"modified":"2021-09-23T07:43:18","modified_gmt":"2021-09-23T07:43:18","slug":"kradna-rowery-miasto-i-czestochowska-policja-ostrzegaja","status":"publish","type":"post","link":"https:\/\/gazetaregionalna.com\/?p=56460","title":{"rendered":"Kradn\u0105 rowery! Miasto i cz\u0119stochowska policja ostrzegaj\u0105"},"content":{"rendered":"\n<h2 class=\"wp-block-heading\">W Cz\u0119stochowie kradn\u0105 rowery! Miasto i cz\u0119stochowska policja ostrzegaj\u0105 przed tym zjawiskiem i wsp\u00f3lnie prowadz\u0105 akcj\u0119 pod has\u0142em: \u201eTw\u00f3j bezpieczny jedno\u015blad\u201d.<\/h2>\n\n\n\n<figure class=\"wp-block-gallery columns-3 is-cropped wp-block-gallery-1 is-layout-flex wp-block-gallery-is-layout-flex\"><ul class=\"blocks-gallery-grid\"><li class=\"blocks-gallery-item\"><figure><a href=\"https:\/\/gazetaregionalna.com\/wp-content\/uploads\/2021\/09\/row1.jpg\"><img decoding=\"async\" width=\"1024\" height=\"748\" data-src=\"https:\/\/gazetaregionalna.com\/wp-content\/uploads\/2021\/09\/row1-1024x748.jpg\" alt=\"\" data-id=\"56465\" data-full-url=\"https:\/\/gazetaregionalna.com\/wp-content\/uploads\/2021\/09\/row1.jpg\" data-link=\"https:\/\/gazetaregionalna.com\/?attachment_id=56465\" class=\"wp-image-56465 lazyload\" data-srcset=\"https:\/\/gazetaregionalna.com\/wp-content\/uploads\/2021\/09\/row1-1024x748.jpg 1024w, https:\/\/gazetaregionalna.com\/wp-content\/uploads\/2021\/09\/row1-300x219.jpg 300w, https:\/\/gazetaregionalna.com\/wp-content\/uploads\/2021\/09\/row1-768x561.jpg 768w, https:\/\/gazetaregionalna.com\/wp-content\/uploads\/2021\/09\/row1-696x509.jpg 696w, https:\/\/gazetaregionalna.com\/wp-content\/uploads\/2021\/09\/row1-1068x781.jpg 1068w, https:\/\/gazetaregionalna.com\/wp-content\/uploads\/2021\/09\/row1-575x420.jpg 575w, https:\/\/gazetaregionalna.com\/wp-content\/uploads\/2021\/09\/row1.jpg 1200w\" data-sizes=\"(max-width: 1024px) 100vw, 1024px\" src=\"data:image\/svg+xml;base64,PHN2ZyB3aWR0aD0iMSIgaGVpZ2h0PSIxIiB4bWxucz0iaHR0cDovL3d3dy53My5vcmcvMjAwMC9zdmciPjwvc3ZnPg==\" style=\"--smush-placeholder-width: 1024px; --smush-placeholder-aspect-ratio: 1024\/748;\" \/><\/a><\/figure><\/li><li class=\"blocks-gallery-item\"><figure><a href=\"https:\/\/gazetaregionalna.com\/wp-content\/uploads\/2021\/09\/row2.jpg\"><img decoding=\"async\" width=\"1024\" height=\"768\" data-src=\"https:\/\/gazetaregionalna.com\/wp-content\/uploads\/2021\/09\/row2-1024x768.jpg\" alt=\"\" data-id=\"56466\" data-full-url=\"https:\/\/gazetaregionalna.com\/wp-content\/uploads\/2021\/09\/row2.jpg\" data-link=\"https:\/\/gazetaregionalna.com\/?attachment_id=56466\" class=\"wp-image-56466 lazyload\" data-srcset=\"https:\/\/gazetaregionalna.com\/wp-content\/uploads\/2021\/09\/row2-1024x768.jpg 1024w, https:\/\/gazetaregionalna.com\/wp-content\/uploads\/2021\/09\/row2-300x225.jpg 300w, https:\/\/gazetaregionalna.com\/wp-content\/uploads\/2021\/09\/row2-768x576.jpg 768w, https:\/\/gazetaregionalna.com\/wp-content\/uploads\/2021\/09\/row2-696x522.jpg 696w, https:\/\/gazetaregionalna.com\/wp-content\/uploads\/2021\/09\/row2-1068x801.jpg 1068w, https:\/\/gazetaregionalna.com\/wp-content\/uploads\/2021\/09\/row2-560x420.jpg 560w, https:\/\/gazetaregionalna.com\/wp-content\/uploads\/2021\/09\/row2-80x60.jpg 80w, https:\/\/gazetaregionalna.com\/wp-content\/uploads\/2021\/09\/row2-265x198.jpg 265w, https:\/\/gazetaregionalna.com\/wp-content\/uploads\/2021\/09\/row2.jpg 1200w\" data-sizes=\"(max-width: 1024px) 100vw, 1024px\" src=\"data:image\/svg+xml;base64,PHN2ZyB3aWR0aD0iMSIgaGVpZ2h0PSIxIiB4bWxucz0iaHR0cDovL3d3dy53My5vcmcvMjAwMC9zdmciPjwvc3ZnPg==\" style=\"--smush-placeholder-width: 1024px; --smush-placeholder-aspect-ratio: 1024\/768;\" \/><\/a><\/figure><\/li><li class=\"blocks-gallery-item\"><figure><a href=\"https:\/\/gazetaregionalna.com\/wp-content\/uploads\/2021\/09\/row3.jpg\"><img decoding=\"async\" width=\"1024\" height=\"768\" data-src=\"https:\/\/gazetaregionalna.com\/wp-content\/uploads\/2021\/09\/row3-1024x768.jpg\" alt=\"\" data-id=\"56467\" data-full-url=\"https:\/\/gazetaregionalna.com\/wp-content\/uploads\/2021\/09\/row3.jpg\" data-link=\"https:\/\/gazetaregionalna.com\/?attachment_id=56467\" class=\"wp-image-56467 lazyload\" data-srcset=\"https:\/\/gazetaregionalna.com\/wp-content\/uploads\/2021\/09\/row3-1024x768.jpg 1024w, https:\/\/gazetaregionalna.com\/wp-content\/uploads\/2021\/09\/row3-300x225.jpg 300w, https:\/\/gazetaregionalna.com\/wp-content\/uploads\/2021\/09\/row3-768x576.jpg 768w, https:\/\/gazetaregionalna.com\/wp-content\/uploads\/2021\/09\/row3-696x522.jpg 696w, https:\/\/gazetaregionalna.com\/wp-content\/uploads\/2021\/09\/row3-1068x801.jpg 1068w, https:\/\/gazetaregionalna.com\/wp-content\/uploads\/2021\/09\/row3-560x420.jpg 560w, https:\/\/gazetaregionalna.com\/wp-content\/uploads\/2021\/09\/row3-80x60.jpg 80w, https:\/\/gazetaregionalna.com\/wp-content\/uploads\/2021\/09\/row3-265x198.jpg 265w, https:\/\/gazetaregionalna.com\/wp-content\/uploads\/2021\/09\/row3.jpg 1200w\" data-sizes=\"(max-width: 1024px) 100vw, 1024px\" src=\"data:image\/svg+xml;base64,PHN2ZyB3aWR0aD0iMSIgaGVpZ2h0PSIxIiB4bWxucz0iaHR0cDovL3d3dy53My5vcmcvMjAwMC9zdmciPjwvc3ZnPg==\" style=\"--smush-placeholder-width: 1024px; --smush-placeholder-aspect-ratio: 1024\/768;\" \/><\/a><\/figure><\/li><li class=\"blocks-gallery-item\"><figure><a href=\"https:\/\/gazetaregionalna.com\/wp-content\/uploads\/2021\/09\/row4.jpg\"><img decoding=\"async\" width=\"794\" height=\"528\" data-src=\"https:\/\/gazetaregionalna.com\/wp-content\/uploads\/2021\/09\/row4.jpg\" alt=\"\" data-id=\"56468\" data-full-url=\"https:\/\/gazetaregionalna.com\/wp-content\/uploads\/2021\/09\/row4.jpg\" data-link=\"https:\/\/gazetaregionalna.com\/?attachment_id=56468\" class=\"wp-image-56468 lazyload\" data-srcset=\"https:\/\/gazetaregionalna.com\/wp-content\/uploads\/2021\/09\/row4.jpg 794w, https:\/\/gazetaregionalna.com\/wp-content\/uploads\/2021\/09\/row4-300x199.jpg 300w, https:\/\/gazetaregionalna.com\/wp-content\/uploads\/2021\/09\/row4-768x511.jpg 768w, https:\/\/gazetaregionalna.com\/wp-content\/uploads\/2021\/09\/row4-696x463.jpg 696w, https:\/\/gazetaregionalna.com\/wp-content\/uploads\/2021\/09\/row4-632x420.jpg 632w\" data-sizes=\"(max-width: 794px) 100vw, 794px\" src=\"data:image\/svg+xml;base64,PHN2ZyB3aWR0aD0iMSIgaGVpZ2h0PSIxIiB4bWxucz0iaHR0cDovL3d3dy53My5vcmcvMjAwMC9zdmciPjwvc3ZnPg==\" style=\"--smush-placeholder-width: 794px; --smush-placeholder-aspect-ratio: 794\/528;\" \/><\/a><\/figure><\/li><li class=\"blocks-gallery-item\"><figure><a href=\"https:\/\/gazetaregionalna.com\/wp-content\/uploads\/2021\/09\/rowplakat.jpg\"><img decoding=\"async\" width=\"1024\" height=\"724\" data-src=\"https:\/\/gazetaregionalna.com\/wp-content\/uploads\/2021\/09\/rowplakat.jpg\" alt=\"\" data-id=\"56469\" data-full-url=\"https:\/\/gazetaregionalna.com\/wp-content\/uploads\/2021\/09\/rowplakat.jpg\" data-link=\"https:\/\/gazetaregionalna.com\/?attachment_id=56469\" class=\"wp-image-56469 lazyload\" data-srcset=\"https:\/\/gazetaregionalna.com\/wp-content\/uploads\/2021\/09\/rowplakat.jpg 1024w, https:\/\/gazetaregionalna.com\/wp-content\/uploads\/2021\/09\/rowplakat-300x212.jpg 300w, https:\/\/gazetaregionalna.com\/wp-content\/uploads\/2021\/09\/rowplakat-768x543.jpg 768w, https:\/\/gazetaregionalna.com\/wp-content\/uploads\/2021\/09\/rowplakat-696x492.jpg 696w, https:\/\/gazetaregionalna.com\/wp-content\/uploads\/2021\/09\/rowplakat-594x420.jpg 594w, https:\/\/gazetaregionalna.com\/wp-content\/uploads\/2021\/09\/rowplakat-100x70.jpg 100w\" data-sizes=\"(max-width: 1024px) 100vw, 1024px\" src=\"data:image\/svg+xml;base64,PHN2ZyB3aWR0aD0iMSIgaGVpZ2h0PSIxIiB4bWxucz0iaHR0cDovL3d3dy53My5vcmcvMjAwMC9zdmciPjwvc3ZnPg==\" style=\"--smush-placeholder-width: 1024px; --smush-placeholder-aspect-ratio: 1024\/724;\" \/><\/a><\/figure><\/li><\/ul><\/figure>\n\n\n\n<p>Cz\u0119stochowscy policjanci otrzymuj\u0105 coraz wi\u0119cej zg\u0142osze\u0144 o ich kradzie\u017cach rower\u00f3w. Od stycznia \u0142upem z\u0142odziei pad\u0142o ponad 100 jedno\u015blad\u00f3w. Spowodowane jest to w du\u017cej mierze brakiem dba\u0142o\u015bci o ich prawid\u0142owe zabezpieczenie i pozostawianie ich w miejscach do tego nieprzeznaczonych. Z tego powodu cz\u0119stochowski samorz\u0105d wsp\u00f3lnie z policj\u0105 zainaugurowa\u0142 kampani\u0119 \u201eTw\u00f3j bezpieczny jedno\u015blad\u201d.<\/p>\n\n\n\n<p>Apelujemy do mieszka\u0144c\u00f3w, by nie u\u0142atwiali zadania z\u0142odziejom i zwracali uwag\u0119 na to, gdzie i w jaki spos\u00f3b zostawiaj\u0105 swoje rowery.<\/p>\n\n\n\n<p>W ramach akcji\u00a0planowane s\u0105 spotkania ze spo\u0142eczno\u015bci\u0105 lokaln\u0105 i dystrybucja ulotek\u00a0z poradami dotycz\u0105cymi bezpiecznego przechowywania swoich dw\u00f3ch k\u00f3\u0142ek.<\/p>\n\n\n\n<p>Zanim ulotki te trafi\u0105 w r\u0119ce cz\u0119stochowian, policjanci przygotowali ju\u017c teraz kilka wa\u017cnych porad, do kt\u00f3rych warto si\u0119 stosowa\u0107, aby nie straci\u0142 swojego pojazd.<\/p>\n\n\n\n<p>U\u017cytkowniku roweru, hulajnogi elektrycznej lub innego urz\u0105dzenia wspomagaj\u0105cego ruch:<\/p>\n\n\n\n<ul class=\"wp-block-list\"><li>nie pozostawiaj niezabezpieczonego pojazdu na klatce schodowej, pod sklepem i innych og\u00f3lnie dost\u0119pnych miejscach \u2013 wykorzystuj do tego celu dost\u0119pne \u015brodki technicznego zabezpieczenia mienia;<\/li><li>je\u017celi musisz zostawi\u0107 sw\u00f3j pojazd w piwnicy, dopilnuj, aby drzwi by\u0142y dobrze zabezpieczone, wyczul s\u0105siad\u00f3w na problem zamykania g\u0142\u00f3wnych drzwi prowadz\u0105cych do piwnic;<\/li><li>zachowaj kart\u0119 gwarancyjn\u0105 roweru, a je\u015bli jej nie posiadasz, spisz numer fabryczny roweru, jego nazw\u0119 i cechy szczeg\u00f3lne (zr\u00f3b tak\u017ce zdj\u0119cie swojego roweru) \u2013 te dane mog\u0105 u\u0142atwi\u0107 policjantom odzyskanie roweru w przypadku jego kradzie\u017cy;<\/li><li>pami\u0119taj o stosowaniu zabezpiecze\u0144 \u2013 nale\u017cy stosowa\u0107 tzw. zapi\u0119cia do rower\u00f3w bez wzgl\u0119du na czas, na jaki pozostawiany jest rower (warto skorzysta\u0107 z mocnych i profesjonalnych blokad). Zawsze przypinaj rower do przytwierdzonego, nieruchomego obiektu, np. stojaka przytwierdzonego do ziemi;<\/li><li>nigdy nie otwieraj domofonu obcym osobom, zanim nie upewnisz si\u0119, \u017ce za drzwiami nie stoi z\u0142odziej. Zawsze zamykaj za sob\u0105 drzwi do klatki schodowej, by z\u0142odziej nie wszed\u0142 niepostrze\u017cenie;<\/li><li>o wszystkich podejrzanych osobach zauwa\u017conych w okolicach naszego bloku, kt\u00f3re na przyk\u0142ad co\u015b wynosz\u0105 z piwnicy, wchodz\u0105 lub wychodz\u0105 z niej bez powodu, zawiadamiajmy Policj\u0119.<\/li><\/ul>\n\n\n\n<p>&#8211; Uczulmy te\u017c nasze pociechy, aby nie pozostawia\u0142y swoich rower\u00f3w niezabezpieczonych lub bez nadzoru \u2013 przekazuje Komenda Miejska Policji w Cz\u0119stochowie. &#8211; Warto pami\u0119ta\u0107, \u017ce okazja czyni z\u0142odzieja, dlatego sami musimy zadba\u0107 o solidne zabezpieczenie swojego mienia.<\/p>\n","protected":false},"excerpt":{"rendered":"<p>W Cz\u0119stochowie kradn\u0105 rowery! Miasto i cz\u0119stochowska policja ostrzegaj\u0105 przed tym zjawiskiem i wsp\u00f3lnie prowadz\u0105 akcj\u0119 pod has\u0142em: \u201eTw\u00f3j bezpieczny jedno\u015blad\u201d. Cz\u0119stochowscy policjanci otrzymuj\u0105<\/p>\n","protected":false},"author":7,"featured_media":56466,"comment_status":"open","ping_status":"open","sticky":false,"template":"","format":"standard","meta":{"_monsterinsights_skip_tracking":false,"_monsterinsights_sitenote_active":false,"_monsterinsights_sitenote_note":"","_monsterinsights_sitenote_category":0,"_uf_show_specific_survey":0,"_uf_disable_surveys":false,"footnotes":""},"categories":[94,3,2],"tags":[],"class_list":["post-56460","post","type-post","status-publish","format-standard","has-post-thumbnail","hentry","category-polecane","category-czestochowa-informacje","category-wiadomosci"],"_links":{"self":[{"href":"https:\/\/gazetaregionalna.com\/index.php?rest_route=\/wp\/v2\/posts\/56460","targetHints":{"allow":["GET"]}}],"collection":[{"href":"https:\/\/gazetaregionalna.com\/index.php?rest_route=\/wp\/v2\/posts"}],"about":[{"href":"https:\/\/gazetaregionalna.com\/index.php?rest_route=\/wp\/v2\/types\/post"}],"author":[{"embeddable":true,"href":"https:\/\/gazetaregionalna.com\/index.php?rest_route=\/wp\/v2\/users\/7"}],"replies":[{"embeddable":true,"href":"https:\/\/gazetaregionalna.com\/index.php?rest_route=%2Fwp%2Fv2%2Fcomments&post=56460"}],"version-history":[{"count":3,"href":"https:\/\/gazetaregionalna.com\/index.php?rest_route=\/wp\/v2\/posts\/56460\/revisions"}],"predecessor-version":[{"id":56470,"href":"https:\/\/gazetaregionalna.com\/index.php?rest_route=\/wp\/v2\/posts\/56460\/revisions\/56470"}],"wp:featuredmedia":[{"embeddable":true,"href":"https:\/\/gazetaregionalna.com\/index.php?rest_route=\/wp\/v2\/media\/56466"}],"wp:attachment":[{"href":"https:\/\/gazetaregionalna.com\/index.php?rest_route=%2Fwp%2Fv2%2Fmedia&parent=56460"}],"wp:term":[{"taxonomy":"category","embeddable":true,"href":"https:\/\/gazetaregionalna.com\/index.php?rest_route=%2Fwp%2Fv2%2Fcategories&post=56460"},{"taxonomy":"post_tag","embeddable":true,"href":"https:\/\/gazetaregionalna.com\/index.php?rest_route=%2Fwp%2Fv2%2Ftags&post=56460"}],"curies":[{"name":"wp","href":"https:\/\/api.w.org\/{rel}","templated":true}]}}