{"id":56363,"date":"2021-09-22T09:13:48","date_gmt":"2021-09-22T09:13:48","guid":{"rendered":"https:\/\/gazetaregionalna.com\/?p=56363"},"modified":"2021-09-22T09:14:06","modified_gmt":"2021-09-22T09:14:06","slug":"przystanek-na-rondzie-mickiewicza-nieczynny-przez-4-dni","status":"publish","type":"post","link":"https:\/\/gazetaregionalna.com\/?p=56363","title":{"rendered":"Przystanek na Rondzie Mickiewicza nieczynny przez 4 dni"},"content":{"rendered":"\n<h2 class=\"wp-block-heading\">Przez 4 dni, od czwartku do niedzieli nieczynny b\u0119dzie przystanek autobusowy \u201eRondo Mickiewicza\u201d w kierunku centrum. Jak przekaza\u0142o Biuro In\u017cyniera Ruchu Urz\u0119du Miasta Cz\u0119stochowy, zmiany spowodowane s\u0105 planowanymi na te dni robotami przy budowie peronu tramwajowo-autobusowego.<\/h2>\n\n\n\n<p>Pasa\u017cerowie linii nr <strong>12, 14, 15, 17, 80 <\/strong>i <strong>100<\/strong> proszeni s\u0105 o korzystanie z nast\u0119pnego przystanku: \u201eDworzec PKS\u201d.. Dla linii nr <strong>58<\/strong> kolejnym przystankiem b\u0119dzie ko\u0144cowy \u2013 \u201eDworzec G\u0142\u00f3wny PKP\u201d.<\/p>\n\n\n\n<p>Obs\u0142uga pasa\u017cer\u00f3w na przystanku tramwajowym w kierunku Rakowa b\u0119dzie przez ca\u0142y czas utrzymana.<\/p>\n","protected":false},"excerpt":{"rendered":"<p>Przez 4 dni, od czwartku do niedzieli nieczynny b\u0119dzie przystanek autobusowy \u201eRondo Mickiewicza\u201d w kierunku centrum. Jak przekaza\u0142o Biuro In\u017cyniera Ruchu Urz\u0119du Miasta Cz\u0119stochowy,<\/p>\n","protected":false},"author":7,"featured_media":34588,"comment_status":"open","ping_status":"open","sticky":false,"template":"","format":"standard","meta":{"_monsterinsights_skip_tracking":false,"_monsterinsights_sitenote_active":false,"_monsterinsights_sitenote_note":"","_monsterinsights_sitenote_category":0,"_uf_show_specific_survey":0,"_uf_disable_surveys":false,"footnotes":""},"categories":[94,3,2],"tags":[],"class_list":["post-56363","post","type-post","status-publish","format-standard","has-post-thumbnail","hentry","category-polecane","category-czestochowa-informacje","category-wiadomosci"],"_links":{"self":[{"href":"https:\/\/gazetaregionalna.com\/index.php?rest_route=\/wp\/v2\/posts\/56363","targetHints":{"allow":["GET"]}}],"collection":[{"href":"https:\/\/gazetaregionalna.com\/index.php?rest_route=\/wp\/v2\/posts"}],"about":[{"href":"https:\/\/gazetaregionalna.com\/index.php?rest_route=\/wp\/v2\/types\/post"}],"author":[{"embeddable":true,"href":"https:\/\/gazetaregionalna.com\/index.php?rest_route=\/wp\/v2\/users\/7"}],"replies":[{"embeddable":true,"href":"https:\/\/gazetaregionalna.com\/index.php?rest_route=%2Fwp%2Fv2%2Fcomments&post=56363"}],"version-history":[{"count":2,"href":"https:\/\/gazetaregionalna.com\/index.php?rest_route=\/wp\/v2\/posts\/56363\/revisions"}],"predecessor-version":[{"id":56366,"href":"https:\/\/gazetaregionalna.com\/index.php?rest_route=\/wp\/v2\/posts\/56363\/revisions\/56366"}],"wp:featuredmedia":[{"embeddable":true,"href":"https:\/\/gazetaregionalna.com\/index.php?rest_route=\/wp\/v2\/media\/34588"}],"wp:attachment":[{"href":"https:\/\/gazetaregionalna.com\/index.php?rest_route=%2Fwp%2Fv2%2Fmedia&parent=56363"}],"wp:term":[{"taxonomy":"category","embeddable":true,"href":"https:\/\/gazetaregionalna.com\/index.php?rest_route=%2Fwp%2Fv2%2Fcategories&post=56363"},{"taxonomy":"post_tag","embeddable":true,"href":"https:\/\/gazetaregionalna.com\/index.php?rest_route=%2Fwp%2Fv2%2Ftags&post=56363"}],"curies":[{"name":"wp","href":"https:\/\/api.w.org\/{rel}","templated":true}]}}